{"id":196122,"date":"2025-06-17T01:10:09","date_gmt":"2025-06-17T01:10:09","guid":{"rendered":"https:\/\/www.europesays.com\/de\/196122\/"},"modified":"2025-06-17T01:10:09","modified_gmt":"2025-06-17T01:10:09","slug":"gerichtsurteil-gegen-mieterin-kakerlakenhaus-war-unzumutbar","status":"publish","type":"post","link":"https:\/\/www.europesays.com\/de\/196122\/","title":{"rendered":"Gerichtsurteil gegen Mieterin \u2013 Kakerlakenhaus war unzumutbar"},"content":{"rendered":"<p>13-mal Wohnung gek\u00fcndigt\u00a0Mutter von sechs Kindern kommen die Tr\u00e4nen &#8211; Gericht f\u00e4llt Urteil zu R\u00e4umungsklage<\/p>\n<p class=\"fp-article-heading__excerpt text-lg\">Franziska Moratschke aus Stendal wurde ihre Wohnung 13 Mal gek\u00fcndigt. Seit 2023 k\u00e4mpft ihre achtk\u00f6pfige Familie gegen Missst\u00e4nde in der Lucas-Cranach-Stra\u00dfe und f\u00fcr ihr Recht, dort zu wohnen.<\/p>\n<p>Von  Andreas K\u00f6nig und Mike Kahnert Aktualisiert: 16.06.2025, 19:04<\/p>\n","protected":false},"excerpt":{"rendered":"13-mal Wohnung gek\u00fcndigt\u00a0Mutter von sechs Kindern kommen die Tr\u00e4nen &#8211; Gericht f\u00e4llt Urteil zu R\u00e4umungsklage Franziska Moratschke aus&hellip;\n","protected":false},"author":2,"featured_media":196123,"comment_status":"","ping_status":"","sticky":false,"template":"","format":"standard","meta":{"footnotes":"","_share_on_mastodon":"0"},"categories":[2],"tags":[29,553,6439,2690,30,13,1114,64577,51640,64576,981,14,15,19769,12,6430,10,8,9,11,41198,1243],"class_list":["post-196122","post","type-post","status-publish","format-standard","has-post-thumbnail","category-deutschland","tag-deutschland","tag-familie","tag-gekuendigt","tag-gericht","tag-germany","tag-headlines","tag-kinder","tag-lucas-cranach-strasse","tag-missstaende","tag-moratschke","tag-mutter","tag-nachrichten","tag-news","tag-raeumungsklage","tag-schlagzeilen","tag-stendal","tag-top-news","tag-top-meldungen","tag-topmeldungen","tag-topnews","tag-traenen","tag-urteil"],"share_on_mastodon":{"url":"https:\/\/pubeurope.com\/@de\/114696042814639511","error":""},"_links":{"self":[{"href":"https:\/\/www.europesays.com\/de\/wp-json\/wp\/v2\/posts\/196122","targetHints":{"allow":["GET"]}}],"collection":[{"href":"https:\/\/www.europesays.com\/de\/wp-json\/wp\/v2\/posts"}],"about":[{"href":"https:\/\/www.europesays.com\/de\/wp-json\/wp\/v2\/types\/post"}],"author":[{"embeddable":true,"href":"https:\/\/www.europesays.com\/de\/wp-json\/wp\/v2\/users\/2"}],"replies":[{"embeddable":true,"href":"https:\/\/www.europesays.com\/de\/wp-json\/wp\/v2\/comments?post=196122"}],"version-history":[{"count":0,"href":"https:\/\/www.europesays.com\/de\/wp-json\/wp\/v2\/posts\/196122\/revisions"}],"wp:featuredmedia":[{"embeddable":true,"href":"https:\/\/www.europesays.com\/de\/wp-json\/wp\/v2\/media\/196123"}],"wp:attachment":[{"href":"https:\/\/www.europesays.com\/de\/wp-json\/wp\/v2\/media?parent=196122"}],"wp:term":[{"taxonomy":"category","embeddable":true,"href":"https:\/\/www.europesays.com\/de\/wp-json\/wp\/v2\/categories?post=196122"},{"taxonomy":"post_tag","embeddable":true,"href":"https:\/\/www.europesays.com\/de\/wp-json\/wp\/v2\/tags?post=196122"}],"curies":[{"name":"wp","href":"https:\/\/api.w.org\/{rel}","templated":true}]}}