{"id":196157,"date":"2025-06-17T01:30:36","date_gmt":"2025-06-17T01:30:36","guid":{"rendered":"https:\/\/www.europesays.com\/de\/196157\/"},"modified":"2025-06-17T01:30:36","modified_gmt":"2025-06-17T01:30:36","slug":"ideen-fuer-landschaftsplan-radio-herne","status":"publish","type":"post","link":"https:\/\/www.europesays.com\/de\/196157\/","title":{"rendered":"Ideen f\u00fcr Landschaftsplan &#8211; Radio Herne"},"content":{"rendered":"<p class=\"small date article__date\">Ver\u00f6ffentlicht:\u00a0Montag, 16.06.2025 14:12<\/p>\n<p>F\u00fcr Herne soll ein neuer Landschaftsplan aufgestellt werden und die Stadt bittet um Vorschl\u00e4ge aus der Bev\u00f6lkerung.<\/p>\n<p><img decoding=\"async\" alt=\"\" src=\"https:\/\/www.europesays.com\/de\/wp-content\/uploads\/2025\/06\/img-20180725-wa0005-1-.jpg&#038;crop=0x100x1600x1000&#038;resize=1280x800&#038;dt=201907092217450.jpeg\" data-size=\"1280x800\"\/>\u00a9 Radio Herne<\/p>\n<p>Die Stadt bittet um Anregungen und Vorschl\u00e4ge f\u00fcr ihren neuen Landschaftsplan. Darin geht es um die Freiraumgestaltung in Herne und Wanne-Eickel. Wo verstecken sich wertvolle gr\u00fcne Ecken und welche Bereiche k\u00f6nnten zu einem Naherholungsgebiet oder einer Zuflucht f\u00fcr Tiere werden? Unter anderem solche Fragen sollen zur Gestaltung des neuen Landschaftsplans beantwortet werden. Daf\u00fcr sind vier Workshops geplant, einer pro Bezirk. Die Bev\u00f6lkerung kann dann mitreden und eigene Ideen beisteuern. Der aktuelle Landschaftsplan sei \u00fcber 35 Jahre alt und \u00fcberholt. Aktuelle Themen wie Klimaanpassung und Artenschutz k\u00f6nnten nicht mehr ausreichend abgebildet werden. Deswegen soll der Plan nun ganz neu aufgestellt werden. <\/p>\n<p>Der Start der Workshopreihe erfolgt in Wanne am Mittwoch, 18. Juni 2025, in der VHS Wanne, Wilhelmstra\u00dfe 37, Raum 19. Weiter geht es in Eickel am Mittwoch, 2. Juli 2025, im\u00a0B\u00fcrgerzentrum Sud- und Treberhaus, Eickeler Markt 1. In Herne Mitte k\u00f6nnen sich die B\u00fcrger*innen am Donnerstag, 3. Juli 2025, im Stadt Forum, Bahnhofstra\u00dfe 65, beteiligen und in Sodingen am Montag 7. Juli 2025, in der Mont-Cenis Gesamtschule, Mont-Cenis-Stra\u00dfe 180, Raum HK1. Die Termine sind jeweils von 17 bis 19 Uhr.<\/p>\n","protected":false},"excerpt":{"rendered":"Ver\u00f6ffentlicht:\u00a0Montag, 16.06.2025 14:12 F\u00fcr Herne soll ein neuer Landschaftsplan aufgestellt werden und die Stadt bittet um Vorschl\u00e4ge aus&hellip;\n","protected":false},"author":2,"featured_media":97106,"comment_status":"","ping_status":"","sticky":false,"template":"","format":"standard","meta":{"footnotes":"","_share_on_mastodon":"0"},"categories":[1839],"tags":[33582,64580,7507,3364,29,30,6237,1209,383],"class_list":["post-196157","post","type-post","status-publish","format-standard","has-post-thumbnail","category-bochum","tag-brgerbeteiligung","tag-landschaftsplan","tag-bochum","tag-de","tag-deutschland","tag-germany","tag-natur","tag-nordrhein-westfalen","tag-umwelt"],"share_on_mastodon":{"url":"https:\/\/pubeurope.com\/@de\/114696121633931122","error":""},"_links":{"self":[{"href":"https:\/\/www.europesays.com\/de\/wp-json\/wp\/v2\/posts\/196157","targetHints":{"allow":["GET"]}}],"collection":[{"href":"https:\/\/www.europesays.com\/de\/wp-json\/wp\/v2\/posts"}],"about":[{"href":"https:\/\/www.europesays.com\/de\/wp-json\/wp\/v2\/types\/post"}],"author":[{"embeddable":true,"href":"https:\/\/www.europesays.com\/de\/wp-json\/wp\/v2\/users\/2"}],"replies":[{"embeddable":true,"href":"https:\/\/www.europesays.com\/de\/wp-json\/wp\/v2\/comments?post=196157"}],"version-history":[{"count":0,"href":"https:\/\/www.europesays.com\/de\/wp-json\/wp\/v2\/posts\/196157\/revisions"}],"wp:featuredmedia":[{"embeddable":true,"href":"https:\/\/www.europesays.com\/de\/wp-json\/wp\/v2\/media\/97106"}],"wp:attachment":[{"href":"https:\/\/www.europesays.com\/de\/wp-json\/wp\/v2\/media?parent=196157"}],"wp:term":[{"taxonomy":"category","embeddable":true,"href":"https:\/\/www.europesays.com\/de\/wp-json\/wp\/v2\/categories?post=196157"},{"taxonomy":"post_tag","embeddable":true,"href":"https:\/\/www.europesays.com\/de\/wp-json\/wp\/v2\/tags?post=196157"}],"curies":[{"name":"wp","href":"https:\/\/api.w.org\/{rel}","templated":true}]}}