{"id":196720,"date":"2025-06-17T06:40:10","date_gmt":"2025-06-17T06:40:10","guid":{"rendered":"https:\/\/www.europesays.com\/de\/196720\/"},"modified":"2025-06-17T06:40:10","modified_gmt":"2025-06-17T06:40:10","slug":"fw-mainz-pkw-anhaenger-in-brand-rauchwarnmelder-in-wohnheim-baum-droht-zu","status":"publish","type":"post","link":"https:\/\/www.europesays.com\/de\/196720\/","title":{"rendered":"FW Mainz: +++ PKW-Anh\u00e4nger in Brand + Rauchwarnmelder in Wohnheim + Baum droht zu &#8230;"},"content":{"rendered":"<p class=\"date\">17.06.2025 \u2013 08:26<\/p>\n<p class=\"customer\">\n                        <a class=\"story-customer\" title=\"weiter zum newsroom von Feuerwehr Mainz\" href=\"https:\/\/www.presseportal.de\/blaulicht\/nr\/171463\" rel=\"nofollow noopener\" target=\"_blank\">Feuerwehr Mainz<\/a>\n                    <\/p>\n<p><a data-category=\"citylink-story-view\" data-action=\"click\" data-label=\"Citylink in Meldungsansicht\" class=\"story-city event-trigger\" href=\"https:\/\/www.presseportal.de\/regional\/Mainz\" title=\"News aus Mainz \" rel=\"nofollow noopener\" target=\"_blank\">Mainz<\/a> (ots)<\/p>\n<p>1. Anh\u00e4nger in Brand geraten &#8211; Ebersheim &#8211; 16.06.2025, 10:52-12:11 Uhr<\/p>\n<p>Ein Traktoranh\u00e4nger mit aufgesetztem Hochsitz geriet in voller Ausdehnung in Brand. Das Feuer konnte durch einen Trupp unter Atemschutz mit Schnellangriff gel\u00f6scht werden. Nachl\u00f6scharbeiten folgten. Im Einsatz war auch die Freiwillige Feuerwehr Ebersheim. Die Einsatzstelle wurde abschlie\u00dfend der Polizei \u00fcbergeben.<br \/>\nEingesetzte Kr\u00e4fte: 5 Fahrzeuge, 18 Personen<\/p>\n<p>2. Rauchwarnmelder sorgt f\u00fcr n\u00e4chtlichen Feuerwehreinsatz &#8211; Hartenberg\/M\u00fcnchfeld &#8211; 17.06.2025, 00:18-00:48 Uhr<\/p>\n<p>Ein ausgel\u00f6ster Rauchwarnmelder in einem Studentenwohnheim f\u00fchrte zu einem n\u00e4chtlichen Einsatz. In der betroffenen Wohnung wurde angebranntes Essen als Ursache festgestellt. Die Wohnung wurde bel\u00fcftet und der Bewohnerin ausdr\u00fccklich geraten, Kochvorg\u00e4nge nicht unbeaufsichtigt zu lassen.<br \/>\nEingesetzte Kr\u00e4fte: 4 Fahrzeuge, 12 Personen<\/p>\n<p>3. Baum droht umzust\u00fcrzen &#8211; Oberstadt &#8211; 16.06.2025, 19:02-19:53 Uhr<\/p>\n<p>Ein morscher Baum lehnte gegen einen anderen und drohte umzust\u00fcrzen. Die Feuerwehr sperrte den Bereich vorsorglich ab und \u00fcbergab die Einsatzstelle an das Ordnungsamt.<br \/>\nEingesetzte Kr\u00e4fte: 1 Fahrzeug, 2 Personen<\/p>\n<p>4. Kleinere Tierrettungen und Tierbergung &#8211; Altstadt \/ Bretzenheim \/ Oberstadt &#8211; 16.06.2025<\/p>\n<p>Im Laufe des Tages wurde die Feuerwehr zu mehreren Eins\u00e4tzen mit verletzten oder toten Tieren alarmiert. In einem Fall war kein Eingreifen erforderlich. Die betroffenen Tiere wurden der fachgerechten Entsorgung zugef\u00fchrt.<br \/>\nEingesetzte Kr\u00e4fte: je 1 Fahrzeug, 2 Personen<\/p>\n<p>5. M\u00fclleimerbrand an Bushaltestelle &#8211; Gonsenheim &#8211; 16.06.2025, 20:49-21:06 Uhr<\/p>\n<p>Ein brennender Stahlm\u00fclleimer an der Haltestelle Canisiusstra\u00dfe wurde mit wenig Wasser gel\u00f6scht. Weitere Ma\u00dfnahmen waren nicht erforderlich.<br \/>\nEingesetzte Kr\u00e4fte: 1 Fahrzeug, 6 Personen<\/p>\n<p>6. Person in Aufzug eingeschlossen &#8211; Hartenberg\/M\u00fcnchfeld &#8211; 16.06.2025, 17:34-18:05 Uhr<\/p>\n<p>Zwei Personen, darunter eine mit Platzangst, waren in einem steckengebliebenen Aufzug eingeschlossen. Die Feuerwehr befreite die Eingeschlossenen, der Aufzug wurde anschlie\u00dfend durch eine Fachfirma au\u00dfer Betrieb genommen.<br \/>\nEingesetzte Kr\u00e4fte: 1 Fahrzeug, 6 Personen<\/p>\n<p>7. BMA in Seniorenwohnanlage &#8211; Oberstadt &#8211; 16.06.2025, 09:47-10:20 Uhr<\/p>\n<p>Ein Druckknopfmelder hatte in einer Seniorenwohnanlage ausgel\u00f6st. Vor Ort konnte kein Brand festgestellt werden. Die Anlage wurde zur\u00fcckgesetzt. Bereits in der Nacht zu Sonntag war es an derselben Adresse zu zwei weiteren Ausl\u00f6sungen gekommen.<br \/>\nEingesetzte Kr\u00e4fte: 4 Fahrzeuge, 14 Personen<\/p>\n<p>8. Fahrzeugbrand auf A63 &#8211; kein Schaden feststellbar &#8211; BAB A63 &#8211; 16.06.2025, 16:06-16:44 Uhr<\/p>\n<p>Ein gemeldeter Fahrzeugbrand stellte sich als Fehlalarm heraus. Ein Feuer konnte vor Ort nicht festgestellt werden. Der Einsatz wurde abgebrochen.<br \/>\nEingesetzte Kr\u00e4fte: 3 Fahrzeuge, 10 Personen<\/p>\n<p class=\"contact-headline\">R\u00fcckfragen bitte an:<\/p>\n<p class=\"contact-text\">Landeshauptstadt Mainz<br \/>Feuerwehr<br \/>Telefon: 06131 &#8211; 12 4650<br \/>E-Mail: <a href=\"https:\/\/www.presseportal.de\/blaulicht\/pm\/171463\/mailto: puma.feuerwehr@stadt.mainz.de\" class=\"uri-mailto\" rel=\"nofollow noopener\" target=\"_blank\"> puma.feuerwehr@stadt.mainz.de<\/a><br \/><a target=\"_blank\" class=\"uri-ext outbound\" rel=\"noopener nofollow\" href=\"http:\/\/www.berufsfeuerwehr-mainz.de\">http:\/\/www.berufsfeuerwehr-mainz.de<\/a><\/p>\n<p class=\"originator\">Original-Content von: Feuerwehr Mainz, \u00fcbermittelt durch news aktuell<\/p>\n","protected":false},"excerpt":{"rendered":"17.06.2025 \u2013 08:26 Feuerwehr Mainz Mainz (ots) 1. Anh\u00e4nger in Brand geraten &#8211; Ebersheim &#8211; 16.06.2025, 10:52-12:11 Uhr&hellip;\n","protected":false},"author":2,"featured_media":108,"comment_status":"","ping_status":"","sticky":false,"template":"","format":"standard","meta":{"footnotes":""},"categories":[1847],"tags":[2919,3364,29,548,663,3934,985,30,13,2052,14,15,178,180,179,181,17273,12,4544],"class_list":{"0":"post-196720","1":"post","2":"type-post","3":"status-publish","4":"format-standard","5":"has-post-thumbnail","7":"category-wiesbaden","8":"tag-brand","9":"tag-de","10":"tag-deutschland","11":"tag-eu","12":"tag-europa","13":"tag-europe","14":"tag-feuerwehr","15":"tag-germany","16":"tag-headlines","17":"tag-hessen","18":"tag-nachrichten","19":"tag-news","20":"tag-presse","21":"tag-pressemeldung","22":"tag-pressemitteilung","23":"tag-pressemitteilungen","24":"tag-rp","25":"tag-schlagzeilen","26":"tag-wiesbaden"},"share_on_mastodon":{"url":"https:\/\/pubeurope.com\/@de\/114697340487690056","error":""},"_links":{"self":[{"href":"https:\/\/www.europesays.com\/de\/wp-json\/wp\/v2\/posts\/196720","targetHints":{"allow":["GET"]}}],"collection":[{"href":"https:\/\/www.europesays.com\/de\/wp-json\/wp\/v2\/posts"}],"about":[{"href":"https:\/\/www.europesays.com\/de\/wp-json\/wp\/v2\/types\/post"}],"author":[{"embeddable":true,"href":"https:\/\/www.europesays.com\/de\/wp-json\/wp\/v2\/users\/2"}],"replies":[{"embeddable":true,"href":"https:\/\/www.europesays.com\/de\/wp-json\/wp\/v2\/comments?post=196720"}],"version-history":[{"count":0,"href":"https:\/\/www.europesays.com\/de\/wp-json\/wp\/v2\/posts\/196720\/revisions"}],"wp:featuredmedia":[{"embeddable":true,"href":"https:\/\/www.europesays.com\/de\/wp-json\/wp\/v2\/media\/108"}],"wp:attachment":[{"href":"https:\/\/www.europesays.com\/de\/wp-json\/wp\/v2\/media?parent=196720"}],"wp:term":[{"taxonomy":"category","embeddable":true,"href":"https:\/\/www.europesays.com\/de\/wp-json\/wp\/v2\/categories?post=196720"},{"taxonomy":"post_tag","embeddable":true,"href":"https:\/\/www.europesays.com\/de\/wp-json\/wp\/v2\/tags?post=196720"}],"curies":[{"name":"wp","href":"https:\/\/api.w.org\/{rel}","templated":true}]}}