{"id":196761,"date":"2025-06-17T07:05:12","date_gmt":"2025-06-17T07:05:12","guid":{"rendered":"https:\/\/www.europesays.com\/de\/196761\/"},"modified":"2025-06-17T07:05:12","modified_gmt":"2025-06-17T07:05:12","slug":"telekom-treibt-glasfaserausbau-in-moers-voran-23-930-haushalte-profitieren-vom","status":"publish","type":"post","link":"https:\/\/www.europesays.com\/de\/196761\/","title":{"rendered":"Telekom treibt Glasfaserausbau in Moers voran: 23.930 Haushalte profitieren vom &#8230;"},"content":{"rendered":"<p class=\"date\">17.06.2025 \u2013 08:45<\/p>\n<p class=\"customer\">\n                        <a class=\"story-customer\" title=\"weiter zum newsroom von Deutsche Telekom AG\" href=\"https:\/\/www.presseportal.de\/nr\/9077\" rel=\"nofollow noopener\" target=\"_blank\">Deutsche Telekom AG<\/a>\n                    <\/p>\n<p><a class=\"glightbox-pseudo event-trigger\" href=\"https:\/\/cache.pressmailing.net\/thumbnail\/story_hires\/fe0ea5ec-397b-4a65-b175-dc769aeeaaf2\/Spatenstich%20in%20Moers%20.jpg.jpg\" data-description=\"v.l.n.r.: Frank Putzmann (Wirtschaftsf\u00f6rderung Stadt Moers), Christoph Fleischhauer (B\u00fcrgermeister der Stadt Moers), Yasin Ece (Regionalmanager der Telekom), Andreas Schulz (Leiter Regionales Fiber Experten Team West der Telekom), Nico Bergerfurth (Projektleiter Deutsche Telekom Technik GmbH), Ronny Bergmann (Regionalmanager Telekom), Simon Pohlen (Local Head Fiber West), Bildrechte: Telekom\" data-category=\"medialightbox\" data-action=\"click\" data-label=\"single\" data-value=\"68510ef3270000fd2cb9abe8\" rel=\"nofollow noopener\" target=\"_blank\"><img decoding=\"async\" height=\"540\" with=\"720\" src=\"https:\/\/www.europesays.com\/de\/wp-content\/uploads\/2025\/06\/telekom-treibt-glasfaserausbau-in-moers-voran-23-930-haushalte-profitieren-vom-eigenwirtschaftlichen.jpeg\"   alt=\"Telekom treibt Glasfaserausbau in Moers voran: 23.930 Haushalte profitieren vom eigenwirtschaftlichen Ausbau\" class=\"single\"\/><\/a><\/p>\n<p>Moers, 17. Juni 2025<\/p>\n<p><b>MEDIENINFORMATION<\/b><\/p>\n<p><b>Telekom treibt Glasfaserausbau in Moers voran: 23.930 Haushalte profitieren vom eigenwirtschaftlichen Ausbau<\/b><\/p>\n<ul class=\"naxml-ul\">\n<li>Weitere 11.672 Haushalte und Unternehmen k\u00f6nnen aufs Glasfasernetz wechseln <\/li>\n<li>Gigabit Geschwindigkeit m\u00f6glich<\/li>\n<li>Kostenfreien Hausanschluss sichern:   <a target=\"_blank\" class=\"uri-ext outbound\" rel=\"noopener nofollow\" href=\"http:\/\/www.telekom.de\/glasfaser-moers\">www.telekom.de\/glasfaser-moers<\/a><\/li>\n<\/ul>\n<p>_______________________________________________________________<\/p>\n<p>Heute war Spatenstich: am ENNI Sportpark in Moers wurde gefeiert. Auch B\u00fcrgermeister Christoph Fleischhauer war pers\u00f6nlich vor Ort.<\/p>\n<p>Die Telekom baut ihre Glasfaser-Infrastruktur konsequent aus: Insgesamt k\u00f6nnen bereits 23.930 Haushalte in Moers leistungsstarke, zukunftsf\u00e4hige Glasfaseranschl\u00fcsse buchen. Jetzt beginnt der n\u00e4chste Schritt im eigenwirtschaftlichen Ausbau f\u00fcr drei weitere Stadtteile \u2013 ganz ohne \u00f6ffentliche F\u00f6rdermittel. Der Ausbau soll bis Ende 2026 abgeschlossen sein. Die Telekom wird daf\u00fcr insgesamt mehr als 435 Kilometer Glasfaserkabel verlegen und 70 neue Netzverteiler aufstellen. <\/p>\n<p>Neue Ausbaugebiete ab Juni 2025:<\/p>\n<ul class=\"naxml-ul\">\n<li>Moers Meerfeld \u2013 2.456 Haushalte<\/li>\n<li>Moers Mitte Nord \u2013 5.960 Haushalte<\/li>\n<li>Moers Scherpenberg \u2013 3.256 Haushalte<\/li>\n<\/ul>\n<p>\u201eMit dem eigenwirtschaftlichen Ausbau \u00fcbernehmen wir Verantwortung f\u00fcr die digitale Zukunft in Moers \u2013 unabh\u00e4ngig, schnell und nachhaltig,\u201c sagt Yasin Ece Regionalmanager der Telekom. \u201eHohe Geschwindigkeiten am eigenen Anschluss sind wichtig. Schlie\u00dflich soll im WLAN zuhause und im Betrieb alles stabil laufen. Wer einen kostenfreien Hausanschluss zum Glasfasernetz haben m\u00f6chte, muss einen Glasfasertarif buchen. Nur so erspart man sich und den Nachbarn, dass sp\u00e4ter noch einmal die Stra\u00dfe aufgemacht werden muss.\u201c Ob ein Glasfaser-Anschluss an der eigenen Adresse m\u00f6glich ist, l\u00e4sst sich ganz leicht auf  <a target=\"_blank\" class=\"uri-ext outbound\" rel=\"noopener nofollow\" href=\"http:\/\/www.telekom.de\/glasfaser-moers\">www.telekom.de\/glasfaser-moers<\/a> pr\u00fcfen.<\/p>\n<p>Beim Ausbau arbeiten die Stadt Moers und die Telekom eng zusammen. Transparenz und professionelles Baustellenmanagement sind dabei oberstes Gebot. Um die Beeintr\u00e4chtigungen f\u00fcr die Anwohnerinnen und Anwohner so gering wie m\u00f6glich zu halten, wird in einzelnen Bauabschnitten vorgegangen.<\/p>\n<p>Neben den neuen Ausbaugebieten wurden weitere Stadtteile bereits erschlossen: Moers Mitte S\u00fcd wurde bereits eigenwirtschaftlich durch die Telekom fertiggestellt. Moers Repelen und Moers Eick-West befinden sich aktuell im Ausbau durch GlasfaserPlus. Die GlasfaserPlus ist ein Gemeinschaftsunternehmen der Deutschen Telekom und der IFM Global Infrastructure Fund zum Ausbau von Glasfasernetzen. Die Telekom mietet das fertige Netz von der GlasfaserPlus an und bietet darauf ihre Tarifprodukte an.<\/p>\n<p><b>Was jetzt wichtig ist<\/b><\/p>\n<p>Der Glasfaseranschluss kommt nicht von allein ins Haus. Immobilienbesitzer m\u00fcssen einen Glasfasertarif buchen und ihre Zustimmung geben. Dann wird das Haus kostenfrei angeschlossen. Wer zur Miete wohnt, muss lediglich einen Glasfaser-Tarif buchen:  <a target=\"_blank\" class=\"uri-ext outbound\" rel=\"noopener nofollow\" href=\"http:\/\/www.telekom.de\/glasfaser-moers\">www.telekom.de\/glasfaser-moers<\/a>. Die Telekom k\u00fcmmert sich um die Absprache mit dem Eigent\u00fcmer.<\/p>\n<p><b>Darum lohnt sich der Umstieg auf Glasfaser<\/b><\/p>\n<ul class=\"naxml-ul\">\n<li>Im Vergleich zu Kupferleitungen erm\u00f6glichen Glasfaserkabel deutlich h\u00f6here \u00dcbertragungsraten. Bedeutet: \u00dcber einen Glasfaseranschluss lassen sich rasend schnell riesige Datenmengen herauf- und herunterladen.<\/li>\n<li>Glasfaser erm\u00f6glicht die zuverl\u00e4ssigste und schnellste Verbindung im Vergleich zu anderen \u00dcbertragungswegen. Damit haben Kunden einen zukunftssicheren Anschluss f\u00fcr digitales Lernen und Arbeiten, Streaming und Gaming, alles gleichzeitig.<\/li>\n<li>Glasfaser ist weniger st\u00f6ranf\u00e4llig und robuster gegen\u00fcber \u00e4u\u00dferen Einfl\u00fcssen wie z.B. Wasser. Gerade f\u00fcr \u00e4ltere Menschen mit einem Hausnotruf bietet eine Glasfaseranbindung mehr Schutz vor m\u00f6glichen St\u00f6rungen.<\/li>\n<li>Glasfaser ist gut f\u00fcrs Klima, weil weniger Energie verbraucht wird als im bestehenden Kupfernetz.<\/li>\n<li>Ein Glasfaseranschluss steigert den Wert einer Immobilie. Wenn das Haus, die Wohnung oder das Gesch\u00e4ft verkauft oder vermietet werden soll, ist ein schneller und zuverl\u00e4ssiger Internetanschluss ein gutes Verkaufsargument. Glasfaser ist die beste Infrastruktur f\u00fcr die n\u00e4chsten Jahrzehnte. <\/li>\n<\/ul>\n<p>Die Telekom und die Stadt Moers planen gemeinsam Informationsveranstaltungen und den Einsatz eines Infomobils an drei zentralen Standorten im Ausbaugebiet. Dabei beantworten Experten alle Fragen rund um das Thema \u201eGlasfaser-Anschluss\u201c. Wer nicht warten m\u00f6chte, kann sich jetzt schon unter  <a target=\"_blank\" class=\"uri-ext outbound\" rel=\"noopener nofollow\" href=\"http:\/\/www.telekom.de\/glasfaser-moers\">www.telekom.de\/glasfaser-moers<\/a> vormerken lassen. <\/p>\n<p><b>Termine f\u00fcr das Infomobil: <\/b><\/p>\n<ul class=\"naxml-ul\">\n<li>von Montag, 07. Juli bis Freitag, 01. August 2025 am EDEKA Sorgi, Uerdinger Str. 39\u201341, 47441 Moers<\/li>\n<li>von  Montag, 04. August bis Freitag, 15. August 2025 am ENNI Sportpark, Am Sportzentrum 5, 47445 Moers<\/li>\n<li>von  Montag, 18. August bis Freitag, 29. August 2025 am Karlsplatz, 47443 Moers<\/li>\n<\/ul>\n<p>montags bis freitags jeweils von 11:00 bis 17:00 Uhr<\/p>\n<p>Au\u00dferdem werden Vertriebsmitarbeiter im Auftrag der Telekom an der Haust\u00fcr beraten. Die Kundenberater tragen Kleidung mit Telekom-Logo. Sie k\u00f6nnen sich mit einem Lichtbildausweis und einem Autorisierungsschreiben der Telekom ausweisen. \u00dcber die Rufnummer 0800 3309765 kann der Mitarbeitende per Telefonanruf identifiziert werden.<\/p>\n<p><b>Mehr Informationen zur Verf\u00fcgbarkeit und den Tarifen der Telekom:<\/b><\/p>\n<ul class=\"naxml-ul\">\n<li>Telekom Shop Homberger Str. 4, 47441 Moers  <\/li>\n<li>Hotline (kostenfrei): 0800 22 66100<\/li>\n<li>Hotline f\u00fcr Eigent\u00fcmer (kostenfrei): 0800 3304 174<\/li>\n<li> <a target=\"_blank\" class=\"uri-ext outbound\" rel=\"noopener nofollow\" href=\"http:\/\/www.telekom.de\/glasfaser-moers\">www.telekom.de\/glasfaser-moers<\/a><\/li>\n<\/ul>\n<p><b>F\u00fcr Unternehmen aus Moers:<\/b><\/p>\n<p><b>Deutsche Telekom AG<\/b><br \/>\nCorporate CommunicationsKatja Kunicke, Unternehmenssprecherin<br \/>\nTel.: 0170 912 3 579<br \/>\nE-Mail: <a target=\"_blank\" class=\"uri-ext outbound\" rel=\"noopener nofollow\" href=\"https:\/\/www.presseportal.de\/pm\/9077\/mailto:markus.jodl@telekom.de\">katja.kunicke@telekom.de<\/p>\n<p><b>Weitere Informationen f\u00fcr Medienvertreter*innen:<\/b> <a target=\"_blank\" class=\"uri-ext outbound\" rel=\"noopener nofollow\" href=\"http:\/\/www.telekom.com\/medien\">www.telekom.com\/medien<\/a><br \/>\n <a target=\"_blank\" class=\"uri-ext outbound\" rel=\"noopener nofollow\" href=\"http:\/\/www.telekom.com\/fotos\">www.telekom.com\/fotos<\/a><br \/>\n <a target=\"_blank\" class=\"uri-ext outbound\" rel=\"noopener nofollow\" href=\"https:\/\/deu01.safelinks.protection.outlook.com\/?url=https%3A%2F%2Fwww.linkedin.com%2Fcompany%2Ftelekom&amp;data=05%7C02%7CKarina.Unruh%40telekom.de%7Ce54ad320f7b64465c62a08dd09600fca%7Cbde4dffc4b604cf68b04a5eeb25f5c4f%7C0%7C0%7C638677030364220012%7CUnknown%7CTWFpbGZsb3d8eyJFbXB0eU1hcGkiOnRydWUsIlYiOiIwLjAuMDAwMCIsIlAiOiJXaW4zMiIsIkFOIjoiTWFpbCIsIldUIjoyfQ%3D%3D%7C0%7C%7C%7C&amp;sdata=J7iC%2F2njBWvos9LmXuxGB8WyWMmfljmkE%2F%2FbJK4GjwA%3D&amp;reserved=0\">www.linkedin.com\/company\/telekom<\/a><br \/>\n <a target=\"_blank\" class=\"uri-ext outbound\" rel=\"noopener nofollow\" href=\"http:\/\/www.facebook.com\/deutschetelekom\">www.facebook.com\/deutschetelekom<\/a><br \/>\n <a target=\"_blank\" class=\"uri-ext outbound\" rel=\"noopener\" href=\"#\">www.telekom.com\/de\/blog\/netz<\/a><br \/>\n <a target=\"_blank\" class=\"uri-ext outbound\" rel=\"noopener nofollow\" href=\"http:\/\/www.youtube.com\/deutschetelekom\">www.youtube.com\/deutschetelekom<\/a><br \/>\n <a target=\"_blank\" class=\"uri-ext outbound\" rel=\"noopener nofollow\" href=\"http:\/\/www.instagram.com\/deutschetelekom\">www.instagram.com\/deutschetelekom<\/a><\/p>\n<p><b>\u00dcber die Deutsche Telekom<\/b>:  <a target=\"_blank\" class=\"uri-ext outbound\" rel=\"noopener nofollow\" href=\"https:\/\/www.telekom.com\/de\/konzern\/konzernprofil\"><b>Deutsche Telekom Konzernprofil<\/b><\/a><b><b>Happy Birthday, Deutsche Telekom!<br \/>\n<\/b><\/b>Vor 30 Jahren entstand die privatrechtliche Aktiengesellschaft, die Deutsche Telekom AG. Das feiert der Konzern am 12. Juli 2025 in Bonn mit einem gro\u00dfen Geburtstagsfest. Den Blick auf die wichtigsten Meilensteine der letzten 30 Jahre finden Sie in unserer  <a target=\"_blank\" class=\"uri-ext outbound\" rel=\"noopener nofollow\" href=\"https:\/\/www.telekom.com\/de\/konzern\/details\/vom-posthorn-zur-wertvollsten-telekommunikationsmarke-der-welt-1092004\">Chronik<\/a>.  <\/p>\n<p>                <script async src=\"\/\/www.instagram.com\/embed.js\"><\/script><\/p>\n","protected":false},"excerpt":{"rendered":"17.06.2025 \u2013 08:45 Deutsche Telekom AG Moers, 17. Juni 2025 MEDIENINFORMATION Telekom treibt Glasfaserausbau in Moers voran: 23.930&hellip;\n","protected":false},"author":2,"featured_media":196762,"comment_status":"","ping_status":"","sticky":false,"template":"","format":"standard","meta":{"footnotes":""},"categories":[1838],"tags":[3477,3364,29,3715,30,1209,178,180,179,181],"class_list":{"0":"post-196761","1":"post","2":"type-post","3":"status-publish","4":"format-standard","5":"has-post-thumbnail","7":"category-duisburg","8":"tag-bild","9":"tag-de","10":"tag-deutschland","11":"tag-duisburg","12":"tag-germany","13":"tag-nordrhein-westfalen","14":"tag-presse","15":"tag-pressemeldung","16":"tag-pressemitteilung","17":"tag-pressemitteilungen"},"share_on_mastodon":{"url":"https:\/\/pubeurope.com\/@de\/114697438776867194","error":""},"_links":{"self":[{"href":"https:\/\/www.europesays.com\/de\/wp-json\/wp\/v2\/posts\/196761","targetHints":{"allow":["GET"]}}],"collection":[{"href":"https:\/\/www.europesays.com\/de\/wp-json\/wp\/v2\/posts"}],"about":[{"href":"https:\/\/www.europesays.com\/de\/wp-json\/wp\/v2\/types\/post"}],"author":[{"embeddable":true,"href":"https:\/\/www.europesays.com\/de\/wp-json\/wp\/v2\/users\/2"}],"replies":[{"embeddable":true,"href":"https:\/\/www.europesays.com\/de\/wp-json\/wp\/v2\/comments?post=196761"}],"version-history":[{"count":0,"href":"https:\/\/www.europesays.com\/de\/wp-json\/wp\/v2\/posts\/196761\/revisions"}],"wp:featuredmedia":[{"embeddable":true,"href":"https:\/\/www.europesays.com\/de\/wp-json\/wp\/v2\/media\/196762"}],"wp:attachment":[{"href":"https:\/\/www.europesays.com\/de\/wp-json\/wp\/v2\/media?parent=196761"}],"wp:term":[{"taxonomy":"category","embeddable":true,"href":"https:\/\/www.europesays.com\/de\/wp-json\/wp\/v2\/categories?post=196761"},{"taxonomy":"post_tag","embeddable":true,"href":"https:\/\/www.europesays.com\/de\/wp-json\/wp\/v2\/tags?post=196761"}],"curies":[{"name":"wp","href":"https:\/\/api.w.org\/{rel}","templated":true}]}}