{"id":196766,"date":"2025-06-17T07:07:09","date_gmt":"2025-06-17T07:07:09","guid":{"rendered":"https:\/\/www.europesays.com\/de\/196766\/"},"modified":"2025-06-17T07:07:09","modified_gmt":"2025-06-17T07:07:09","slug":"np-ferientipps-spass-oder-relaxen-im-palm-beach-coburg","status":"publish","type":"post","link":"https:\/\/www.europesays.com\/de\/196766\/","title":{"rendered":"NP-Ferientipps: Spa\u00df oder Relaxen im Palm Beach &#8211; Coburg"},"content":{"rendered":"<p>Das Kristall Palm Beach ist neben der Therme Erding eines der gr\u00f6\u00dften Erlebnisb\u00e4der in Bayern. Ganz grob l\u00e4sst sich das Angebot in drei Kategorien einteilen: einen Erlebnisbereich mit 15 Wasserrutschen, Wellenbecken und Str\u00f6mungskanal, der vor allem Kinder anspricht, eine Thermenlandschaft und einen Saunabereich f\u00fcr Erholung und Wellness. Unter den 15 Saunen gibt es so ungew\u00f6hnliche \u201eSchwitzk\u00e4sten\u201c wie eine Gondelsauna, die zum Aufguss zw\u00f6lf Meter in die H\u00f6he f\u00e4hrt, oder eine Helikoptersauna, die in einen ehemaligen Rettungsflieger der Bergwacht eingebaut wurde. Das Bad, Therme und Sauna sind unter der Woche von 9 bis 22 Uhr, Freitag und Samstag von 9 bis 24 Uhr ge\u00f6ffnet.<\/p>\n","protected":false},"excerpt":{"rendered":"Das Kristall Palm Beach ist neben der Therme Erding eines der gr\u00f6\u00dften Erlebnisb\u00e4der in Bayern. Ganz grob l\u00e4sst&hellip;\n","protected":false},"author":2,"featured_media":196767,"comment_status":"","ping_status":"","sticky":false,"template":"","format":"standard","meta":{"footnotes":""},"categories":[1837],"tags":[772,18545,3364,29,52724,4532,64727,30,3783,64726,11982],"class_list":{"0":"post-196766","1":"post","2":"type-post","3":"status-publish","4":"format-standard","5":"has-post-thumbnail","7":"category-nuernberg","8":"tag-bayern","9":"tag-coburg","10":"tag-de","11":"tag-deutschland","12":"tag-erlebnisbad","13":"tag-ferien","14":"tag-feriennp25","15":"tag-germany","16":"tag-nuernberg","17":"tag-palm-beach","18":"tag-themafreizeit"},"share_on_mastodon":{"url":"https:\/\/pubeurope.com\/@de\/114697446557810040","error":""},"_links":{"self":[{"href":"https:\/\/www.europesays.com\/de\/wp-json\/wp\/v2\/posts\/196766","targetHints":{"allow":["GET"]}}],"collection":[{"href":"https:\/\/www.europesays.com\/de\/wp-json\/wp\/v2\/posts"}],"about":[{"href":"https:\/\/www.europesays.com\/de\/wp-json\/wp\/v2\/types\/post"}],"author":[{"embeddable":true,"href":"https:\/\/www.europesays.com\/de\/wp-json\/wp\/v2\/users\/2"}],"replies":[{"embeddable":true,"href":"https:\/\/www.europesays.com\/de\/wp-json\/wp\/v2\/comments?post=196766"}],"version-history":[{"count":0,"href":"https:\/\/www.europesays.com\/de\/wp-json\/wp\/v2\/posts\/196766\/revisions"}],"wp:featuredmedia":[{"embeddable":true,"href":"https:\/\/www.europesays.com\/de\/wp-json\/wp\/v2\/media\/196767"}],"wp:attachment":[{"href":"https:\/\/www.europesays.com\/de\/wp-json\/wp\/v2\/media?parent=196766"}],"wp:term":[{"taxonomy":"category","embeddable":true,"href":"https:\/\/www.europesays.com\/de\/wp-json\/wp\/v2\/categories?post=196766"},{"taxonomy":"post_tag","embeddable":true,"href":"https:\/\/www.europesays.com\/de\/wp-json\/wp\/v2\/tags?post=196766"}],"curies":[{"name":"wp","href":"https:\/\/api.w.org\/{rel}","templated":true}]}}