{"id":196820,"date":"2025-06-17T07:37:13","date_gmt":"2025-06-17T07:37:13","guid":{"rendered":"https:\/\/www.europesays.com\/de\/196820\/"},"modified":"2025-06-17T07:37:13","modified_gmt":"2025-06-17T07:37:13","slug":"viktoria-berlin-holt-meistertitel-gajda-gibt-traineramt-ab","status":"publish","type":"post","link":"https:\/\/www.europesays.com\/de\/196820\/","title":{"rendered":"Viktoria Berlin holt Meistertitel &#8211; Gajda gibt Traineramt ab"},"content":{"rendered":"<p>16.06. +++ Viktoria holt Berliner Meistertitel<\/p>\n<p>Die U13 des FC Viktoria 1889 hat sich die Berliner Meisterschaft gesichert. Im Finale, in dem Viktoria als Sieger der Verbandsliga Staffel 2 auf den Sieger der Staffel 1, den BFC Dynamo traf, gewannen die Himmelblauen klar mit <a href=\"https:\/\/www.fupa.net\/match\/fc-viktoria-1889-berlin-u13-1-bfc-dynamo-u13-1-250615\" target=\"_blank\" rel=\"noopener\">6:0<\/a>.<\/p>\n<p>16.06. +++ Johann Gajda gibt Traineramt ab<\/p>\n<p><a href=\"https:\/\/www.fupa.net\/player\/johann-gajda-1336640\" target=\"_blank\" rel=\"noopener\">Johann Gajda<\/a> hat mit dem BFC Preussen II zahlreiche Erfolge gefeiert. 2023 gewannen die Lankwitzer den Berliner Landespokal, 2024 stieg man in die Landesliga auf. Nun gibt Gajda sein Traineramt ab. Am Sonntag steht das letzte Spiel an.<\/p>\n<p>15.06. +++ TeBe holt Jeffrey Seitz<\/p>\n<p>Tennis Borussia hat <a href=\"https:\/\/www.fupa.net\/player\/nv-jeffrey-bosompem-seitz-849294\" target=\"_blank\" rel=\"noopener\">Jeffrey Seitz<\/a> als neuen Cheftrainer der U19 vorgestellt. Mit ihm soll ein neuer Anlauf im Kampf um die DFB-Nachwuchsliga gestartet werden. Der 40-J\u00e4hrige arbeitete jahrelang beim SC Staaken, trainierte dort U19 und 1. Herren. Anschlie\u00dfend leitete er die 1. Herren des BAK an. <\/p>\n<p>15.06. +++ F\u00fcchse planen neue Saison<\/p>\n<p>Die F\u00fcchse sind nach langer Durststrecke zuletzt wieder ins Rollen gekommen. F\u00fcr die kommende Berlin-Liga-Saison konnten nun gleich 16 Spieler gehalten werden. Neben den beiden Torh\u00fctern <a href=\"https:\/\/www.fupa.net\/player\/kevin-otremba-156802\" target=\"_blank\" rel=\"noopener\">Kevin Otremba<\/a> und <a href=\"https:\/\/www.fupa.net\/player\/niklas-armbrecht-2317314\" target=\"_blank\" rel=\"noopener\">Niklas Armbrecht<\/a> bleiben auch <a href=\"https:\/\/www.fupa.net\/player\/kevin-zecha-767837\" target=\"_blank\" rel=\"noopener\">Kevin Zecha<\/a>, <a href=\"https:\/\/www.fupa.net\/player\/dominik-klecha-937432\" target=\"_blank\" rel=\"noopener\">Dominik Klecha<\/a>, <a href=\"https:\/\/www.fupa.net\/player\/can-tuerker-1873198\" target=\"_blank\" rel=\"noopener\">Can T\u00fcrker<\/a>, <a href=\"https:\/\/www.fupa.net\/player\/kaan-tueysuez-1530047\" target=\"_blank\" rel=\"noopener\">Kaan T\u00fcys\u00fcz<\/a>, <a href=\"https:\/\/www.fupa.net\/player\/artem-cygankov-448656\" target=\"_blank\" rel=\"noopener\">Artem Cygankov<\/a>, <a href=\"https:\/\/www.fupa.net\/player\/maxim-cygankov-1628263\" target=\"_blank\" rel=\"noopener\">Maxim Cygankov<\/a>, <a href=\"https:\/\/www.fupa.net\/player\/raven-rabiega-2209447\" target=\"_blank\" rel=\"noopener\">Raven Rabiega<\/a>, <a href=\"https:\/\/www.fupa.net\/player\/bene-brecht-114904\" target=\"_blank\" rel=\"noopener\">Bene Brecht<\/a>, <a href=\"https:\/\/www.fupa.net\/player\/yannick-wilhelm-1131297\" target=\"_blank\" rel=\"noopener\">Yannick Wilhelm<\/a>, <a href=\"https:\/\/www.fupa.net\/player\/emre-mert-aslan-804130\" target=\"_blank\" rel=\"noopener\">Emre Mert Aslan<\/a>, <a href=\"https:\/\/www.fupa.net\/player\/bedirhan-sivaci-939982\" target=\"_blank\" rel=\"noopener\">Bedirhan Sivaci<\/a>, <a href=\"https:\/\/www.fupa.net\/player\/thomas-brechler-27522\" target=\"_blank\" rel=\"noopener\">Thomas Brechler<\/a>, <a href=\"https:\/\/www.fupa.net\/player\/salem-bourakkadi-2314860\" target=\"_blank\" rel=\"noopener\">Salem Bourakkadi<\/a> und <a href=\"https:\/\/www.fupa.net\/player\/maximilian-dreger-1530057\" target=\"_blank\" rel=\"noopener\">Maximilian Dreger<\/a> in Reinickendorf.<\/p>\n<p>14.06. +++ Ludwigsfelde holt zwei Berliner<\/p>\n<p>Der Ludwigsfelder FC, der in dieser Saison aus der Oberliga S\u00fcd in die Brandenburgliga abgestiegen ist, hat mit <a href=\"https:\/\/www.fupa.net\/player\/romario-hartwig-627318\" target=\"_blank\" rel=\"noopener\">Romario Hartwig<\/a> und <a href=\"https:\/\/www.fupa.net\/player\/phillip-vogel-2010561\" target=\"_blank\" rel=\"noopener\">Phillip Vogel<\/a> zwei neue Spieler aus Berlin geholt. Hartwig lief zuletzt f\u00fcr den BFC Preussen auf, Vogel trug das Trikot von Berlin-Ligist Stern 1900.<\/p>\n<p>14.06. +++ Preussen verl\u00e4ngert mit Stein<\/p>\n<p>Nach dem Last-Minute-Meistertitel in der Oberliga und dem damit verbundenen Aufstieg in die Regionalliga Nordost hat der BFC Preussen einen ersten Vertrag verl\u00e4ngert. <a href=\"https:\/\/www.fupa.net\/player\/lenny-stein-522117\" target=\"_blank\" rel=\"noopener\">Lenny Stein<\/a>, der vor der Saison von Hertha 03 Zehlendorf kam, wird auch in der kommenden Spielzeit f\u00fcr die Lankwitzer spielen.<\/p>\n<p>14.06. +++ Biesdorf pr\u00e4sentiert neuen sportlichen Leiter<\/p>\n<p>Fortuna Biesdorf hat einen neuen sportlichen Leiter vorgestellt. <a href=\"https:\/\/www.fupa.net\/player\/nv-ronny-freitag-726023\" target=\"_blank\" rel=\"noopener\">Ronny Freitag<\/a> verantwortet k\u00fcnftig den sportlichen Bereich der 1. und 2. Herren sowie der U19. Er war zuvor lange beim TSV Lichtenberg t\u00e4tig.<\/p>\n","protected":false},"excerpt":{"rendered":"16.06. +++ Viktoria holt Berliner Meistertitel Die U13 des FC Viktoria 1889 hat sich die Berliner Meisterschaft gesichert.&hellip;\n","protected":false},"author":2,"featured_media":196821,"comment_status":"","ping_status":"","sticky":false,"template":"","format":"standard","meta":{"footnotes":""},"categories":[1825],"tags":[64762,64770,64760,296,64753,64755,12442,64758,64776,29,64769,64767,12436,1933,30,64768,64772,64773,64761,64766,64754,64763,64775,64774,64779,64780,64777,3458,64764,64765,64778,64756,29544,64759,64757,64771],"class_list":{"0":"post-196820","1":"post","2":"type-post","3":"status-publish","4":"format-standard","5":"has-post-thumbnail","7":"category-berlin","8":"tag-artem-cygankov","9":"tag-bedirhan-sivaci","10":"tag-bene-brecht","11":"tag-berlin","12":"tag-berlin-liga","13":"tag-berliner-meisterschaft-d-junioren","14":"tag-bfc-dynamo","15":"tag-bfc-preussen","16":"tag-can-tuerker","17":"tag-deutschland","18":"tag-dominik-klecha","19":"tag-emre-mert-aslan","20":"tag-fc-viktoria-1889-berlin","21":"tag-fuechse-berlin","22":"tag-germany","23":"tag-jeffrey-bosompem-seitz","24":"tag-johann-gajda","25":"tag-kaan-tueysuez","26":"tag-kevin-otremba","27":"tag-kevin-zecha","28":"tag-landesliga-berlin-staffel-1","29":"tag-lenny-stein","30":"tag-maxim-cygankov","31":"tag-maximilian-dreger","32":"tag-niklas-armbrecht","33":"tag-philipp-vogel","34":"tag-raven-rabiega","35":"tag-regionalliga-nordost","36":"tag-romario-hartwig","37":"tag-ronny-freitag","38":"tag-salem-bourakkadi","39":"tag-sfc-stern-1900","40":"tag-tennis-borussia-berlin","41":"tag-thomas-brechler","42":"tag-vfb-fortuna-biesdorf","43":"tag-yannick-wilhelm"},"share_on_mastodon":{"url":"","error":"Validation failed: Text character limit of 500 exceeded"},"_links":{"self":[{"href":"https:\/\/www.europesays.com\/de\/wp-json\/wp\/v2\/posts\/196820","targetHints":{"allow":["GET"]}}],"collection":[{"href":"https:\/\/www.europesays.com\/de\/wp-json\/wp\/v2\/posts"}],"about":[{"href":"https:\/\/www.europesays.com\/de\/wp-json\/wp\/v2\/types\/post"}],"author":[{"embeddable":true,"href":"https:\/\/www.europesays.com\/de\/wp-json\/wp\/v2\/users\/2"}],"replies":[{"embeddable":true,"href":"https:\/\/www.europesays.com\/de\/wp-json\/wp\/v2\/comments?post=196820"}],"version-history":[{"count":0,"href":"https:\/\/www.europesays.com\/de\/wp-json\/wp\/v2\/posts\/196820\/revisions"}],"wp:featuredmedia":[{"embeddable":true,"href":"https:\/\/www.europesays.com\/de\/wp-json\/wp\/v2\/media\/196821"}],"wp:attachment":[{"href":"https:\/\/www.europesays.com\/de\/wp-json\/wp\/v2\/media?parent=196820"}],"wp:term":[{"taxonomy":"category","embeddable":true,"href":"https:\/\/www.europesays.com\/de\/wp-json\/wp\/v2\/categories?post=196820"},{"taxonomy":"post_tag","embeddable":true,"href":"https:\/\/www.europesays.com\/de\/wp-json\/wp\/v2\/tags?post=196820"}],"curies":[{"name":"wp","href":"https:\/\/api.w.org\/{rel}","templated":true}]}}