{"id":196999,"date":"2025-06-17T09:13:11","date_gmt":"2025-06-17T09:13:11","guid":{"rendered":"https:\/\/www.europesays.com\/de\/196999\/"},"modified":"2025-06-17T09:13:11","modified_gmt":"2025-06-17T09:13:11","slug":"cdu-sieht-bei-sanierung-der-reichwein-halle-gespraechsbedarf","status":"publish","type":"post","link":"https:\/\/www.europesays.com\/de\/196999\/","title":{"rendered":"CDU sieht bei Sanierung der Reichwein-Halle Gespr\u00e4chsbedarf"},"content":{"rendered":"<ol class=\"id-DonaldBreadcrumb lp_west_breadcrumb id-DonaldBreadcrumb--default\" data-k5a-pos=\"west_breadcrumb\">\n<li class=\"id-Breadcrumb-item\"><a href=\"https:\/\/www.come-on.de\/\" class=\"id-Breadcrumb-link\" data-id-ec=\"{\" shn=\"\" textlink=\"\" data-k5a-pos=\"1_comeOnDe\" rel=\"nofollow noopener\" target=\"_blank\">come-on.de<\/a><\/li>\n<li class=\"id-Breadcrumb-item\"><a href=\"https:\/\/www.come-on.de\/luedenscheid\/\" class=\"id-Breadcrumb-link\" data-id-ec=\"{\" shn=\"\" textlink=\"\" data-k5a-pos=\"2_luedenscheid\" rel=\"nofollow noopener\" target=\"_blank\">L\u00fcdenscheid<\/a><\/li>\n<\/ol>\n<p class=\"id-Story-timestamp id-Story-timestamp--default\">Stand: 17.06.2025, 11:00 Uhr<\/p>\n<p class=\"id-Story-authors id-Story-authors--default\">Von: <a class=\"id-Story-authors-link lp_west_author\" href=\"https:\/\/www.come-on.de\/autor\/thomas-machatzke-8q05lr4ob.html\" title=\"Zur Autorenseite von Thomas Machatzke\" data-id-ec=\"{\" shn=\"\" author-link=\"\" machatzke=\"\" data-k5a-pos=\"west_author\" rel=\"nofollow noopener\" target=\"_blank\">Thomas Machatzke<\/a><\/p>\n<p class=\"id-Story-interactionBar id-Story-interactionBar--default\">DruckenTeilen<\/p>\n<p><img decoding=\"async\" class=\"id-RatioPlaceholder-element wv_story_el_image\" src=\"https:\/\/www.europesays.com\/de\/wp-content\/uploads\/2025\/06\/38619965-turnhalle-am-eulen-weg-der-adolf-reichwein-gesamtschule-wfe.jpg\" loading=\"eager\" fetchpriority=\"high\"   height=\"619\" width=\"1100\" alt=\"Turnhalle am Eulen Weg der Adolf-Reichwein-Gesamtschule\"\/>Wann gehen die Arbeiten an der Adolf-Reichwein-Halle los? Der Bauantrag sollte bis Ende Mai gestellt sein, doch bis heute ist er nicht bei der Bauaufsicht angekommen. \u00a9\u00a0Cedric Nougrigat<\/p>\n<p class=\"id-StoryElement-leadText\">Die Turnhalle der Adolf-Reichwein-Gesamtschule besch\u00e4ftigt weiterhin die Verwaltung und die Politik. Die CDU-Fraktion will nun ein Gespr\u00e4ch mit Matthias Reuver (Fachbereichsleiter Jugend, Bildung und Sport), Carina B\u00f6hme (Fachdienstleiterin Schule und Sport), Reichwein-Direktor Sven Arriens und einem Vertreter der Zentralen Geb\u00e4udewirtschaft einfordern.<\/p>\n<p class=\"id-StoryElement-paragraph\">L\u00fcdenscheid \u2013 \u201eWir sind bisher immer davon ausgegangen, dass der Direktor bei den Planungen informiert und mitgenommen wird\u201c, stellt Michael Dregger, sportpolitischer Sprecher der CDU-Fraktion, fest, \u201eund waren sehr \u00fcberrascht, dass dies offensichtlich nicht der Fall ist.\u201c<\/p>\n<p class=\"id-StoryElement-paragraph\">Dregger hat diverse Kritikpunkte, was den Ablauf der Planungen und die Kommunikation der Verwaltung angeht. Nach einem Antrag der CDU-Fraktion ist die Verwaltung angehalten, sowohl im Schulausschuss als auch im Sportausschuss und im Bau- und Verkehrsausschuss einen Sachstandsbericht zur Sanierung der Halle zu pr\u00e4sentieren. \u201eNicht selten sind in den Aussch\u00fcssen aber gar keine Verantwortlichen der ZGW zugegen, die Fragen beantworten k\u00f6nnen\u201c, kritisiert Dregger. Seine Nachfrage nach der Berichterstattung im Bau- und Verkehrsausschuss, wann die Halle f\u00fcr den Vereins- und Schulsport wieder nutzbar sein soll, sei in der Folge unbeantwortet geblieben. \u201eDabei\u201c, sagt Dregger, \u201egeh\u00f6rt diese Aussage doch auf jeden Fall in so einen Sachstandsbericht.\u201c<\/p>\n<p class=\"id-StoryElement-paragraph\">Im Bericht im BVA hatte die ZGW zuletzt unter anderem festgestellt: \u201eDer finale Abstimmungstermin zur Ausbauplanung mit dem FD 40 und der Schulleitung hat stattgefunden. Die Entwurfsplanung ist ebenfalls abgeschlossen. Sobald die angeforderten Stellungnahmen der Behindertenbeauftragten und zum Brandschutz vorliegen, wird zeitnah noch im Mai der Bauantrag inklusive der Neubemessung\/Statik und W\u00e4rmeschutznachweis zur Pr\u00fcfung und Genehmigung bei der Bauaufsichtsbeh\u00f6rde eingereicht.\u201c Nachfrage bei der Stadt: Ist der Bauantrag tats\u00e4chlich bis Ende Mai bei der Bauaufsichtsbeh\u00f6rde angekommen? Stadtsprecherin Marit Schulte-Zakotnik verneint dies: \u201eDer Bauantrag konnte noch nicht eingereicht werden, da das Brandschutzkonzept des Brandschutzsachverst\u00e4ndigen erst vor wenigen Tagen bei der Stadt eingegangen ist. Nachdem das Konzept gepr\u00fcft und gegebenenfalls \u00fcberarbeitet ist, kann der Bauantrag dann eingereicht werden.\u201c<\/p>\n<blockquote class=\"id-StoryElement-blockquote\">\n<p class=\"id-StoryElement-blockquote-text\">Wie kann man beim Neubau der Westschule von einer Bauzeit von drei Jahren ausgehen und bei der Reichwein-Halle von f\u00fcnf Jahren? Das ist doch nur eine Turnhalle&#8230;<\/p>\n<\/blockquote>\n<p class=\"id-StoryElement-paragraph\">Mit anderen Worten: Die n\u00e4chste Zeitvorgabe kann von der ZGW wieder nicht gehalten werden. Wann tats\u00e4chlich die ersten Arbeiten am Wehberg stattfinden, steht damit weiter in den Sternen. Daf\u00fcr darf sich die Verwaltung in dem geforderten pers\u00f6nlichen Gespr\u00e4ch nun zu gleich sieben Fragen der CDU-Fraktion \u00e4u\u00dfern: <\/p>\n<p class=\"id-StoryElement-paragraph\">1. In welchem Umfang wurde die Schule von der Verwaltung \u00fcber die Sanierung der Adolf-Reichwein-Sporthalle informiert?<br \/>2. Wann haben die entsprechenden Gespr\u00e4che mit welchem genauen Inhalt mit Herr Arriens stattgefunden? <br \/>3. Wie ist das aktuelle Fertigstellungsdatum? Wir wissen, dass dies innerhalb des Prozesses durchaus variabel sein kann. Nur wenn in den Vorlagen angef\u00fchrt wird, dass ein Ersatzbau langsamer w\u00e4re, m\u00fcssen ja genaue Zeitpl\u00e4ne vorliegen.<br \/>4. Warum kann eine Schule (Westschule) in circa drei Jahren gebaut werden, w\u00e4hrend f\u00fcr die Sporthalle circa f\u00fcnf Jahre angegeben wurden? <br \/>5. Welche Kosten fallen monatlich durch die Sperrung der Sporthalle an und wie hoch sind diese? <br \/>6. Wie ist der aktuelle Sachstand, einschlie\u00dflich eines Zeitstrahls? <br \/>7. Die Fachaussch\u00fcsse sind grunds\u00e4tzlich f\u00fcr die Bauvorhaben in ihrem Fachgebiet zust\u00e4ndig. Der Bau- und Verkehrsausschuss ist zust\u00e4ndig f\u00fcr die Umsetzung. Warum wird die Ma\u00dfnahme in den Fachaussch\u00fcssen nicht entsprechend durch die ZGW begleitet (Vortrag, Kl\u00e4rung von R\u00fcckfragen, Anwesenheit)?<\/p>\n<p class=\"id-StoryElement-paragraph\">Es sind viele offene Fragen, und nicht nur eine klingt wie ein ziemlich konkreter Vorwurf an Verwaltung und ZGW. Der Vorwurf lautet: Es wird zwar der Eindruck erweckt, dass bei der Sanierung Tempo gemacht wird, tats\u00e4chlich aber gehen die Dinge extrem langsam voran. \u00c4hnlich wie beim Stadtgarten-Projekt und auch wie beim Neubau der Grundschule L\u00f6senbach. Wenn man so will, L\u00fcdenscheider Tempo.<\/p>\n","protected":false},"excerpt":{"rendered":"come-on.de L\u00fcdenscheid Stand: 17.06.2025, 11:00 Uhr Von: Thomas Machatzke DruckenTeilen Wann gehen die Arbeiten an der Adolf-Reichwein-Halle los?&hellip;\n","protected":false},"author":2,"featured_media":197000,"comment_status":"","ping_status":"","sticky":false,"template":"","format":"standard","meta":{"footnotes":""},"categories":[1860],"tags":[3364,29,548,663,3934,30,4062,17332,13,14,15,17331,860,12],"class_list":{"0":"post-196999","1":"post","2":"type-post","3":"status-publish","4":"format-standard","5":"has-post-thumbnail","7":"category-halle-saale","8":"tag-de","9":"tag-deutschland","10":"tag-eu","11":"tag-europa","12":"tag-europe","13":"tag-germany","14":"tag-halle","15":"tag-halle-saale","16":"tag-headlines","17":"tag-nachrichten","18":"tag-news","19":"tag-saale","20":"tag-sachsen-anhalt","21":"tag-schlagzeilen"},"share_on_mastodon":{"url":"https:\/\/pubeurope.com\/@de\/114697942309013222","error":""},"_links":{"self":[{"href":"https:\/\/www.europesays.com\/de\/wp-json\/wp\/v2\/posts\/196999","targetHints":{"allow":["GET"]}}],"collection":[{"href":"https:\/\/www.europesays.com\/de\/wp-json\/wp\/v2\/posts"}],"about":[{"href":"https:\/\/www.europesays.com\/de\/wp-json\/wp\/v2\/types\/post"}],"author":[{"embeddable":true,"href":"https:\/\/www.europesays.com\/de\/wp-json\/wp\/v2\/users\/2"}],"replies":[{"embeddable":true,"href":"https:\/\/www.europesays.com\/de\/wp-json\/wp\/v2\/comments?post=196999"}],"version-history":[{"count":0,"href":"https:\/\/www.europesays.com\/de\/wp-json\/wp\/v2\/posts\/196999\/revisions"}],"wp:featuredmedia":[{"embeddable":true,"href":"https:\/\/www.europesays.com\/de\/wp-json\/wp\/v2\/media\/197000"}],"wp:attachment":[{"href":"https:\/\/www.europesays.com\/de\/wp-json\/wp\/v2\/media?parent=196999"}],"wp:term":[{"taxonomy":"category","embeddable":true,"href":"https:\/\/www.europesays.com\/de\/wp-json\/wp\/v2\/categories?post=196999"},{"taxonomy":"post_tag","embeddable":true,"href":"https:\/\/www.europesays.com\/de\/wp-json\/wp\/v2\/tags?post=196999"}],"curies":[{"name":"wp","href":"https:\/\/api.w.org\/{rel}","templated":true}]}}