{"id":197021,"date":"2025-06-17T09:25:14","date_gmt":"2025-06-17T09:25:14","guid":{"rendered":"https:\/\/www.europesays.com\/de\/197021\/"},"modified":"2025-06-17T09:25:14","modified_gmt":"2025-06-17T09:25:14","slug":"heute-ist-die-radikalisierungsmaschine-in-der-hosentasche-bedrohungen-unserer-demokratie-von-innen-und-aussen","status":"publish","type":"post","link":"https:\/\/www.europesays.com\/de\/197021\/","title":{"rendered":"\u201eHeute ist die Radikalisierungsmaschine in der Hosentasche\u201c \u2013 Bedrohungen unserer Demokratie von innen und au\u00dfen"},"content":{"rendered":"<p>Unter dem Titel \u201eAktuelle Sicherheitslage in NRW \u2013 weltweite Krisen und Wechselwirkungen im Extremismus\/Rolle des Verfassungsschutzes und Zusammenarbeit mit der Polizei\u201c gab uns der Leiter des NRW-Verfassungsschutzes, J\u00fcrgen Kayser, Einblicke in die aktuellen Erkenntnisse des Verfassungsschutzes.<\/p>\n<p>\u201eSelbst die \u00e4lteste Demokratie der Welt kann schnell gef\u00e4hrdet sein, wenn Justiz missachtet, die Gewaltenteilung ausgehebelt, die Freiheit der Wissenschaft angegriffen wird.\u201c (Steinmeier) Diese Worte bildeten den Rahmen f\u00fcr das zentrale Thema des Vortrags: Wie sicher ist unsere Demokratie \u2013 und welche Rolle spielen Polizei und Verfassungsschutz im Schutz demokratischer Werte?<\/p>\n<p>\u00a0<\/p>\n<p><strong>Die Bedrohungen von innen \u2013 Extremismus in neuen Formen<\/strong><\/p>\n<p>J\u00fcrgen Kayser berichtete eindringlich \u00fcber die zunehmenden Radikalisierungstendenzen innerhalb unserer Gesellschaft. Besonders gef\u00e4hrlich seien digitale Extremismus-Strategien, bei denen extremistische Akteure gezielt soziale Medien nutzen:\u00a0<\/p>\n<p>Islamisten k\u00f6dern insbesondere junge Menschen mit vermeintlich harmlosen Freizeitangeboten und f\u00fchren sie schrittweise in radikale Narrative ein. Rechtsextremisten nutzen aktuelle Anschl\u00e4ge, um Opfernarrative zu erz\u00e4hlen und neue Anh\u00e4nger zu gewinnen. Die Algorithmen oder Plattformen verst\u00e4rken diesen Prozess massiv \u2013 einmal im Bann, werden Nutzerinnen und Nutzer mit immer radikaleren Inhalten konfrontiert und f\u00fchlen pl\u00f6tzlich wieder eine Gemeinschaft.<\/p>\n<p>Das digitale Umfeld \u2013 Kayser fasste die extremistische -Nachwuchsgewinnung \u00fcber das Smartphone als \u201eRadikalisierungsmaschine in der Hosentasche\u201c zusammen.\u00a0<\/p>\n<p>\u00a0<\/p>\n<p><strong>Die Bedrohung von au\u00dfen \u2013 Einflussnahme und Cyberangriffe<\/strong><\/p>\n<p>Zunehmend gef\u00e4hrden auch \u00e4u\u00dfere Akteure die Stabilit\u00e4t unserer Gesellschaft:\u00a0<\/p>\n<p>Spionage und Sabotage: Staaten wie Russland setzen auf sogenannte Low-Level-Agents, die mit kleinen, scheinbar harmlosen Aktionen \u2013 z.B. Social Media-Posts oder dem Abfotografieren von Dokumenten oder kritischer Infrastruktur \u2013 gro\u00dfe Wirkung erzielen.\u00a0<\/p>\n<p>Cyberangriffe auf kritische Infrastrukturen (KRITIS) haben massiv zugenommen.<\/p>\n<p>Desinformationenkampagnen zielen darauf ab, gesellschaftliche Spaltung zu f\u00f6rdern, Vertrauen in Institutionen zu untergraben und Unsicherheit zu verbreiten.\u00a0<\/p>\n<p>\u201eDas sind alles Elemente einer hybriden Kriegsf\u00fchrung, die wir so auch zunehmend beobachten\u201c, sagte Kayser und verdeutlichte damit die Dringlichkeit, diese Entwicklung ernst zu nehmen.\u00a0<\/p>\n<p>\u00a0<\/p>\n<p><strong>Sensibilisierung: Die Rolle von Verfassungsschutz und Polizei als demokratisches R\u00fcckgrat<\/strong><\/p>\n<p>J\u00fcrgen Kayser machte deutlich: Verfassungsschutz und Polizei arbeiten Hand in Hand zum Schutz der Demokratie. W\u00e4hrend der Verfassungsschutz Informationen fr\u00fch erkennt, analysiert und weitergibt, ist die Polizei als sichtbare Instanz des Staates \u2013 im Alltag der Menschen. Deshalb kommen Verfassungsschutz und Polizei gerade in diesen Zeiten eine herausragend bedeutsame Rolle zu:\u00a0<\/p>\n<p>\u00a0<\/p>\n<ul>\n<li>Der Verfassungsschutz bek\u00e4mpft Extremismus und Terrorismus und arbeitet dabei mit ausl\u00e4ndischen Nachrichtendiensten zusammen.<\/li>\n<li>Als Polizei genie\u00dfen wir nach wie vor ein hohes Ma\u00df an Vertrauen \u2013 in einer Zeit, in der das Vertrauen in andere staatliche Institutionen schwindet \u2013 sozusagen das Bollwerk der Demokratie.<\/li>\n<li>In jeder allt\u00e4glichen Begegnung \u2013 ob Verkehrsunfall, Vernehmung, beim Pr\u00e4ventionsgespr\u00e4che oder bei Versammlungen \u2013 k\u00f6nnen wir Verbindung schaffen und demokratische Haltung vermitteln<\/li>\n<li>Daraus erw\u00e4chst unsere Verantwortung: Wir sind das Gesicht des demokratischen Rechtsstaats.\u00a0<\/li>\n<\/ul>\n<p>\u00a0<\/p>\n<p><strong>Was kann jeder\/ jede Einzelne tun?<\/strong><\/p>\n<p>Wir alle haben Handlungsm\u00f6glichkeiten, um unsere Demokratie zu st\u00e4rken und zu sch\u00fctzen:<\/p>\n<ul>\n<li>Im Dienst: Jeden Tag mit respektvoller Haltung auftreten, zuh\u00f6ren erkl\u00e4ren, deeskalieren \u2013 das st\u00e4rkt Vertrauen<\/li>\n<li>In der Gesellschaft: Extremistische Aussagen und Desinformationen nicht unwidersprochen lassen \u2013 sowohl im Kollegenkreis als auch privat. <\/li>\n<li>Im Team: Demokratie beginnt im eigenen Arbeitsumfeld. Kollegialit\u00e4t, Kritikf\u00e4higkeit und Offenheit f\u00fcr Vielfalt machen uns gemeinsam resilient. <\/li>\n<li>Immer und \u00fcberall: sensibel sein f\u00fcr Angriffe auf unsere Demokratie \u2013 auff\u00e4llige Personen rund um kritische Infrastruktur ernst nehmen und melden, Beobachtungen von B\u00fcrgerinnen und B\u00fcrgern ernst nehmen und ihnen nachgehen; sensibel sein f\u00fcr m\u00f6gliche Korruptions- und Spionageversuche in die Kollegenschaft hinein.<\/li>\n<\/ul>\n<p>\u00a0<\/p>\n<p><strong>Was macht die Polizei M\u00fcnster?\u00a0<\/strong><\/p>\n<p>Wir als Polizei M\u00fcnster wollen im t\u00e4glichen Dienst das Vertrauen der Menschen in unsere Demokratie proaktiv weiter st\u00e4rken, wir wollen aber auch daran arbeiten, das Vertrauen der Menschen zur\u00fcckzugewinnen.\u00a0<\/p>\n<ul>\n<li>Wir arbeiten mit Kindern und Jugendlichen in Coerde oder Gefl\u00fcchteten in der ZUE. F\u00fcr sie schaffen wir Angebote, wir erkl\u00e4ren unsere Arbeit und sorgen f\u00fcr Perspektiven. Diese Projekte sollen nachhaltig Wirkung entfalten \u2013 durch bessere Integration und gute Perspektiven f\u00fcr Kinder und Jugendliche. Im besten Fall weniger Straftaten.<\/li>\n<li>Wir gehen dorthin, wo das Vertrauen vielleicht schon br\u00f6ckelt: Wir sprechen aktiv\u00a0 Menschen an, die dem Staat ihr Vertrauen nicht schenken. Wir bauen mit der KIA Vertrauen zu allen religi\u00f6sen Gemeinden auf und sind mit der queeren Community mit unseren Ansprechpersonen im Kontakt.<\/li>\n<\/ul>\n<p>\u00a0<\/p>\n","protected":false},"excerpt":{"rendered":"Unter dem Titel \u201eAktuelle Sicherheitslage in NRW \u2013 weltweite Krisen und Wechselwirkungen im Extremismus\/Rolle des Verfassungsschutzes und Zusammenarbeit&hellip;\n","protected":false},"author":2,"featured_media":197022,"comment_status":"","ping_status":"","sticky":false,"template":"","format":"standard","meta":{"footnotes":""},"categories":[1843],"tags":[3364,29,30,8970,1209],"class_list":{"0":"post-197021","1":"post","2":"type-post","3":"status-publish","4":"format-standard","5":"has-post-thumbnail","7":"category-muenster","8":"tag-de","9":"tag-deutschland","10":"tag-germany","11":"tag-muenster","12":"tag-nordrhein-westfalen"},"share_on_mastodon":{"url":"https:\/\/pubeurope.com\/@de\/114697989227538539","error":""},"_links":{"self":[{"href":"https:\/\/www.europesays.com\/de\/wp-json\/wp\/v2\/posts\/197021","targetHints":{"allow":["GET"]}}],"collection":[{"href":"https:\/\/www.europesays.com\/de\/wp-json\/wp\/v2\/posts"}],"about":[{"href":"https:\/\/www.europesays.com\/de\/wp-json\/wp\/v2\/types\/post"}],"author":[{"embeddable":true,"href":"https:\/\/www.europesays.com\/de\/wp-json\/wp\/v2\/users\/2"}],"replies":[{"embeddable":true,"href":"https:\/\/www.europesays.com\/de\/wp-json\/wp\/v2\/comments?post=197021"}],"version-history":[{"count":0,"href":"https:\/\/www.europesays.com\/de\/wp-json\/wp\/v2\/posts\/197021\/revisions"}],"wp:featuredmedia":[{"embeddable":true,"href":"https:\/\/www.europesays.com\/de\/wp-json\/wp\/v2\/media\/197022"}],"wp:attachment":[{"href":"https:\/\/www.europesays.com\/de\/wp-json\/wp\/v2\/media?parent=197021"}],"wp:term":[{"taxonomy":"category","embeddable":true,"href":"https:\/\/www.europesays.com\/de\/wp-json\/wp\/v2\/categories?post=197021"},{"taxonomy":"post_tag","embeddable":true,"href":"https:\/\/www.europesays.com\/de\/wp-json\/wp\/v2\/tags?post=197021"}],"curies":[{"name":"wp","href":"https:\/\/api.w.org\/{rel}","templated":true}]}}