{"id":197023,"date":"2025-06-17T09:26:35","date_gmt":"2025-06-17T09:26:35","guid":{"rendered":"https:\/\/www.europesays.com\/de\/197023\/"},"modified":"2025-06-17T09:26:35","modified_gmt":"2025-06-17T09:26:35","slug":"muenster-verlaengert-mit-geschaeftsfuehrer-kittner-2","status":"publish","type":"post","link":"https:\/\/www.europesays.com\/de\/197023\/","title":{"rendered":"M\u00fcnster verl\u00e4ngert mit Gesch\u00e4ftsf\u00fchrer Kittner"},"content":{"rendered":"<p>Fu\u00dfball-Zweitligist Preu\u00dfen M\u00fcnster hat den Vertrag mit Gesch\u00e4ftsf\u00fchrer Ole Kittner verl\u00e4ngert. Wie der Klub am Montag mitteilte, unterschrieb der Ex-Profi f\u00fcr drei weitere Jahre bis 2028. &#8222;In diesem Klub steckt eine gro\u00dfe Kraft, die wir gemeinsam weiter zur Entfaltung bringen wollen. Ich freue mich auf die Zukunft mit diesen Menschen und das Vertrauen des Beirats in meine Person&#8220;, sagte Kittner.<\/p>\n<p>In der abgelaufenen Saison gelang der Klassenerhalt in der 2. Liga. Vereinspr\u00e4sident Bernward Maasjost sprach Kittner daran einen &#8222;ganz wesentlichen&#8220; Anteil zu. Der geb\u00fcrtige M\u00fcnsteraner war von 2016 bis 2020 Spieler f\u00fcr die Preu\u00dfen. Seit 2022 ist Kittner im Management und verantwortet seit dem vergangenen Sommer die Bereiche Sport, Strategie und Kommunikation.<\/p>\n","protected":false},"excerpt":{"rendered":"Fu\u00dfball-Zweitligist Preu\u00dfen M\u00fcnster hat den Vertrag mit Gesch\u00e4ftsf\u00fchrer Ole Kittner verl\u00e4ngert. Wie der Klub am Montag mitteilte, unterschrieb&hellip;\n","protected":false},"author":2,"featured_media":197024,"comment_status":"","ping_status":"","sticky":false,"template":"","format":"standard","meta":{"footnotes":""},"categories":[1843],"tags":[3364,29,30,8970,64831,1209,30621,7650],"class_list":{"0":"post-197023","1":"post","2":"type-post","3":"status-publish","4":"format-standard","5":"has-post-thumbnail","7":"category-muenster","8":"tag-de","9":"tag-deutschland","10":"tag-germany","11":"tag-muenster","12":"tag-muensteraner","13":"tag-nordrhein-westfalen","14":"tag-ole-kittner","15":"tag-preussen-muenster"},"share_on_mastodon":{"url":"https:\/\/pubeurope.com\/@de\/114697993498830832","error":""},"_links":{"self":[{"href":"https:\/\/www.europesays.com\/de\/wp-json\/wp\/v2\/posts\/197023","targetHints":{"allow":["GET"]}}],"collection":[{"href":"https:\/\/www.europesays.com\/de\/wp-json\/wp\/v2\/posts"}],"about":[{"href":"https:\/\/www.europesays.com\/de\/wp-json\/wp\/v2\/types\/post"}],"author":[{"embeddable":true,"href":"https:\/\/www.europesays.com\/de\/wp-json\/wp\/v2\/users\/2"}],"replies":[{"embeddable":true,"href":"https:\/\/www.europesays.com\/de\/wp-json\/wp\/v2\/comments?post=197023"}],"version-history":[{"count":0,"href":"https:\/\/www.europesays.com\/de\/wp-json\/wp\/v2\/posts\/197023\/revisions"}],"wp:featuredmedia":[{"embeddable":true,"href":"https:\/\/www.europesays.com\/de\/wp-json\/wp\/v2\/media\/197024"}],"wp:attachment":[{"href":"https:\/\/www.europesays.com\/de\/wp-json\/wp\/v2\/media?parent=197023"}],"wp:term":[{"taxonomy":"category","embeddable":true,"href":"https:\/\/www.europesays.com\/de\/wp-json\/wp\/v2\/categories?post=197023"},{"taxonomy":"post_tag","embeddable":true,"href":"https:\/\/www.europesays.com\/de\/wp-json\/wp\/v2\/tags?post=197023"}],"curies":[{"name":"wp","href":"https:\/\/api.w.org\/{rel}","templated":true}]}}