{"id":197033,"date":"2025-06-17T09:32:08","date_gmt":"2025-06-17T09:32:08","guid":{"rendered":"https:\/\/www.europesays.com\/de\/197033\/"},"modified":"2025-06-17T09:32:08","modified_gmt":"2025-06-17T09:32:08","slug":"edeka-in-bochum-jetzt-macht-die-nachricht-die-runde","status":"publish","type":"post","link":"https:\/\/www.europesays.com\/de\/197033\/","title":{"rendered":"Edeka in Bochum: Jetzt macht die Nachricht die Runde"},"content":{"rendered":"<p>Seit mittlerweile schon 10 Jahren wird \u00fcber den Neubau eines Edeka-Marktes in Bochum diskutiert. Anwohner haben schon fast die Hoffnung auf den neuen Markt verloren, dessen Pl\u00e4ne immer wieder umgeworfen wurden. Doch nun scheint das Projekt doch an den Start zu gehen.<\/p>\n<p>Wie die \u201e<a href=\"https:\/\/www.waz.de\/\" target=\"_blank\" rel=\"noreferrer noopener nofollow\">WAZ<\/a>\u201c berichtet, liegen mittlerweile neue Entw\u00fcrfe f\u00fcr den Neubau der Bochumer Filiale vor. Das <a href=\"https:\/\/www.derwesten.de\/themen\/edeka\" rel=\"nofollow noopener\" target=\"_blank\">Edeka<\/a>-Projekt an der Karl-Friedrich-Stra\u00dfe scheint dabei einige \u00dcberraschungen in Petto zu haben.<\/p>\n<p>Edeka-Neubau in Bochum<\/p>\n<p>Die aktuellen Pl\u00e4ne f\u00fcr den Neubau der Edeka-Filiale in <a href=\"https:\/\/www.derwesten.de\/staedte\/bochum\" rel=\"nofollow noopener\" target=\"_blank\">Bochum<\/a>-Weitmar-Mark sehen doch anders aus, als vormals gedacht. Sowohl Baumasse, Verkaufsfl\u00e4che als auch die Anzahl der erg\u00e4nzenden L\u00e4den sollen n\u00e4mlich jetzt kleiner werden. Auch die vormals vorgesehene Tiefgarage f\u00e4llt weg. Stattdessen sollen Kunden auf einem angrenzenden Parkplatz parken k\u00f6nnen.<\/p>\n<p><strong>Auch interessant:<\/strong> <a href=\"https:\/\/www.derwesten.de\/staedte\/bochum\/bochum-schulweg-hoentrop-id301623665.html\" rel=\"nofollow noopener\" target=\"_blank\">Bochum: Gefahr auf dem Schulweg \u2013 Familienvater in Sorge<\/a><\/p>\n<p>Insgesamt soll der Neubau des Supermarkts eine rund 1.800 Quadratmeter gro\u00dfe Verkaufsfl\u00e4che haben. Zus\u00e4tzliche 500 Quadratmeter sind f\u00fcr eine Lagerfl\u00e4che und Nebenr\u00e4ume sowie einen B\u00e4cker geplant, die sich allesamt im Untergeschoss befinden. Richtig gelesen; der Edeka soll n\u00e4mlich ein zus\u00e4tzliches Obergeschoss mit weiteren Nebenr\u00e4umen bekommen. Vorne soll die Filiale zweigeschossig, hinten raus nur eingeschossig sein, so die \u201eWAZ\u201c. Dadurch, dass die Tiefgarage nun nicht mehr in Planung ist, k\u00f6nnen Kunden ebenerdig in das Geb\u00e4ude gelangen.<\/p>\n<p>B\u00fcrger k\u00f6nnen sich einbringen<\/p>\n<p>Urspr\u00fcnglich sollte der Edeka eine Gesamtverkaufsfl\u00e4che von 2.200 Quadratmetern sowie eine Tiefgarage haben. Einige offene L\u00e4rmschutzfragen brachten die Pl\u00e4ne allerdings ins Wanken. Am 25. Juni 2025 findet die Vorberatung der neuen Pl\u00e4ne durch die Bezirksvertretung Bochum-S\u00fcdwest statt. Am 2. Juli folgt die Entscheidung \u00fcber den Aufstellungsbeschluss durch den Ausschuss f\u00fcr Planung und Grundst\u00fccke. Im Herbst sollen sich schlie\u00dflich B\u00fcrger im Rahmen der fr\u00fchzeitigen \u00d6ffentlichkeitsbeteiligung informieren sowie Stellungnahmen abgeben k\u00f6nnen.<\/p>\n<p>Mehr News:<\/p>\n<p>Aber wer k\u00f6nnte den neuen Edeka in Bochum-Weitmar-Mark betreiben? Auch auf diese Frage gibt es schon erste Hinweise, die du in diesem <a href=\"https:\/\/www.waz.de\/lokales\/bochum\/article409194758\/nach-haengepartie-neue-plaene-fuer-edeka-in-bochum-ueberraschen.html\" target=\"_blank\" rel=\"noreferrer noopener nofollow\">urspr\u00fcnglichen Artikel der \u201eWAZ\u201c<\/a> nachlesen kannst.<\/p>\n","protected":false},"excerpt":{"rendered":"Seit mittlerweile schon 10 Jahren wird \u00fcber den Neubau eines Edeka-Marktes in Bochum diskutiert. Anwohner haben schon fast&hellip;\n","protected":false},"author":2,"featured_media":197034,"comment_status":"","ping_status":"","sticky":false,"template":"","format":"standard","meta":{"footnotes":""},"categories":[1839],"tags":[7507,3364,29,1024,30,1209],"class_list":{"0":"post-197033","1":"post","2":"type-post","3":"status-publish","4":"format-standard","5":"has-post-thumbnail","7":"category-bochum","8":"tag-bochum","9":"tag-de","10":"tag-deutschland","11":"tag-edeka","12":"tag-germany","13":"tag-nordrhein-westfalen"},"share_on_mastodon":{"url":"https:\/\/pubeurope.com\/@de\/114698016858153443","error":""},"_links":{"self":[{"href":"https:\/\/www.europesays.com\/de\/wp-json\/wp\/v2\/posts\/197033","targetHints":{"allow":["GET"]}}],"collection":[{"href":"https:\/\/www.europesays.com\/de\/wp-json\/wp\/v2\/posts"}],"about":[{"href":"https:\/\/www.europesays.com\/de\/wp-json\/wp\/v2\/types\/post"}],"author":[{"embeddable":true,"href":"https:\/\/www.europesays.com\/de\/wp-json\/wp\/v2\/users\/2"}],"replies":[{"embeddable":true,"href":"https:\/\/www.europesays.com\/de\/wp-json\/wp\/v2\/comments?post=197033"}],"version-history":[{"count":0,"href":"https:\/\/www.europesays.com\/de\/wp-json\/wp\/v2\/posts\/197033\/revisions"}],"wp:featuredmedia":[{"embeddable":true,"href":"https:\/\/www.europesays.com\/de\/wp-json\/wp\/v2\/media\/197034"}],"wp:attachment":[{"href":"https:\/\/www.europesays.com\/de\/wp-json\/wp\/v2\/media?parent=197033"}],"wp:term":[{"taxonomy":"category","embeddable":true,"href":"https:\/\/www.europesays.com\/de\/wp-json\/wp\/v2\/categories?post=197033"},{"taxonomy":"post_tag","embeddable":true,"href":"https:\/\/www.europesays.com\/de\/wp-json\/wp\/v2\/tags?post=197033"}],"curies":[{"name":"wp","href":"https:\/\/api.w.org\/{rel}","templated":true}]}}