{"id":197050,"date":"2025-06-17T09:42:10","date_gmt":"2025-06-17T09:42:10","guid":{"rendered":"https:\/\/www.europesays.com\/de\/197050\/"},"modified":"2025-06-17T09:42:10","modified_gmt":"2025-06-17T09:42:10","slug":"bundeswehr-kann-deutschland-seine-zusagen-an-die-nato-halten","status":"publish","type":"post","link":"https:\/\/www.europesays.com\/de\/197050\/","title":{"rendered":"Bundeswehr: Kann Deutschland seine Zusagen an die Nato halten?"},"content":{"rendered":"<p>\n                        Puma-Panzer werden an der Ostflanke dringend gebraucht. Laut ZEIT-ONLINE-Recherchen hakt es jedoch bei der Modernisierung. Das sorgt f\u00fcr Unmut \u2013 nicht nur bei der Truppe.\n                    <\/p>\n<p>        17. Juni 2025, 11:29 Uhr\n    <\/p>\n<p>                Schlie\u00dfen<br \/>\n                Artikelzusammenfassung<\/p>\n<p>Beim anstehenden Nato-Gipfel in Den Haag im Juni soll festgelegt werden, was von der Bundeswehr zur Abschreckung gegen\u00fcber Russland erwartet wird. Doch neue Probleme mit dem Sch\u00fctzenpanzer Puma, der f\u00fcr die Verteidigung der baltischen Staaten ben\u00f6tigt wird, sorgen f\u00fcr Verz\u00f6gerungen. Die Umr\u00fcstung auf den modernen Konstruktionsstand S1 l\u00e4uft schleppend, und nur 60 von 84 \u00fcberholten Panzern konnten bisher abgenommen werden. Dies gef\u00e4hrdet die Einsatzf\u00e4higkeit der Streitkr\u00e4fte und k\u00f6nnte zu Kostensteigerungen im Milliardenbereich f\u00fchren. Kritik kommt auch aus Br\u00fcssel, wo man genau verfolgt, ob Deutschland seine Sicherheitsversprechen einh\u00e4lt.<\/p>\n<p>                Dies ist ein experimentelles Tool. Die Resultate k\u00f6nnen unvollst\u00e4ndig, veraltet oder sogar falsch sein.<\/p>\n<p class=\"summy__feedback-paragraph\">Fanden Sie die Zusammenfassung hilfreich? <\/p>\n<p>                        Gef\u00e4llt mir<\/p>\n<p>                        Gef\u00e4llt mir<\/p>\n<p>                        Gef\u00e4llt mir nicht<\/p>\n<p>                        Gef\u00e4llt mir nicht<\/p>\n<p>                        Send<\/p>\n<p>            <img decoding=\"async\" class=\"article__media-item\" src=\"https:\/\/www.europesays.com\/de\/wp-content\/uploads\/2025\/06\/1750153330_530_wide__1000x562.jpeg\" alt=\"Bundeswehr: Ein Sch\u00fctzenpanzer Puma w\u00e4hrend eines Gro\u00dfman\u00f6vers der Nato.\"\/><\/p>\n<p>                    Ein Sch\u00fctzenpanzer Puma w\u00e4hrend eines Gro\u00dfman\u00f6vers der Nato.<br \/>\n            \u00a9\u00a0Juliane Sonntag\/\u200bPhotothek\/\u200bimago images<\/p>\n<p class=\"paragraph\">Es ist der wohl wichtigste Termin seit Jahren, den das Verteidigungsministerium im<br \/>\nAugenblick vorbereitet: Beim anstehenden Nato-Gipfel Ende Juni in Den Haag soll festgestellt werden, was <a href=\"https:\/\/www.zeit.de\/politik\/deutschland\/2025-05\/boris-pistorius-litauen-bundeswehr-verteidigungsminister-militaer\" class=\"\" target=\"_blank\" rel=\"noopener\">von der<br \/>\n Bundeswehr zur Abschreckung gegen\u00fcber Russland k\u00fcnftig erwartet<br \/>\nwird<\/a>, wie viel Personal konkret einzubringen ist \u2013 und welches deutsche<br \/>\nKriegsger\u00e4t.<\/p>\n<p class=\"paragraph\">Ausgerechnet in<br \/>\nder Vorwoche brechen f\u00fcr Verteidigungsminister <a class=\"rtr-entity\" href=\"https:\/\/www.zeit.de\/thema\/boris-pistorius\" target=\"_blank\" rel=\"noopener\">Boris Pistorius<\/a> (SPD) neue Probleme auf. Denn beim Kriegsger\u00e4t gibt es \u00c4rger, das belegen Recherchen von ZEIT ONLINE im Umfeld der Bundeswehr-F\u00fchrung.<br \/>\n Konkret geht es um den Sch\u00fctzenpanzer Puma, der bereits vor Russlands Gro\u00dfinvasion in die Ukraine anf\u00e4llig war \u2013 und seitdem weiterhin im Ministerium Sorgen bereitet.<\/p>\n","protected":false},"excerpt":{"rendered":"Puma-Panzer werden an der Ostflanke dringend gebraucht. Laut ZEIT-ONLINE-Recherchen hakt es jedoch bei der Modernisierung. Das sorgt f\u00fcr&hellip;\n","protected":false},"author":2,"featured_media":197051,"comment_status":"","ping_status":"","sticky":false,"template":"","format":"standard","meta":{"footnotes":""},"categories":[2],"tags":[331,3924,332,3922,1179,685,3364,29,30,13,14,3923,15,3921,16,740,747,12,64835,184],"class_list":{"0":"post-197050","1":"post","2":"type-post","3":"status-publish","4":"format-standard","5":"has-post-thumbnail","7":"category-deutschland","8":"tag-aktuelle-nachrichten","9":"tag-aktuelle-nachrichten-aus-deutschland","10":"tag-aktuelle-news","11":"tag-aktuelle-news-aus-deutschland","12":"tag-boris-pistorius","13":"tag-bundeswehr","14":"tag-de","15":"tag-deutschland","16":"tag-germany","17":"tag-headlines","18":"tag-nachrichten","19":"tag-nachrichten-aus-deutschland","20":"tag-news","21":"tag-news-aus-deutschland","22":"tag-politik","23":"tag-rheinmetall","24":"tag-ruestungsindustrie","25":"tag-schlagzeilen","26":"tag-schuetzenpanzer","27":"tag-spd"},"share_on_mastodon":{"url":"https:\/\/pubeurope.com\/@de\/114698056219398542","error":""},"_links":{"self":[{"href":"https:\/\/www.europesays.com\/de\/wp-json\/wp\/v2\/posts\/197050","targetHints":{"allow":["GET"]}}],"collection":[{"href":"https:\/\/www.europesays.com\/de\/wp-json\/wp\/v2\/posts"}],"about":[{"href":"https:\/\/www.europesays.com\/de\/wp-json\/wp\/v2\/types\/post"}],"author":[{"embeddable":true,"href":"https:\/\/www.europesays.com\/de\/wp-json\/wp\/v2\/users\/2"}],"replies":[{"embeddable":true,"href":"https:\/\/www.europesays.com\/de\/wp-json\/wp\/v2\/comments?post=197050"}],"version-history":[{"count":0,"href":"https:\/\/www.europesays.com\/de\/wp-json\/wp\/v2\/posts\/197050\/revisions"}],"wp:featuredmedia":[{"embeddable":true,"href":"https:\/\/www.europesays.com\/de\/wp-json\/wp\/v2\/media\/197051"}],"wp:attachment":[{"href":"https:\/\/www.europesays.com\/de\/wp-json\/wp\/v2\/media?parent=197050"}],"wp:term":[{"taxonomy":"category","embeddable":true,"href":"https:\/\/www.europesays.com\/de\/wp-json\/wp\/v2\/categories?post=197050"},{"taxonomy":"post_tag","embeddable":true,"href":"https:\/\/www.europesays.com\/de\/wp-json\/wp\/v2\/tags?post=197050"}],"curies":[{"name":"wp","href":"https:\/\/api.w.org\/{rel}","templated":true}]}}