{"id":197052,"date":"2025-06-17T09:43:16","date_gmt":"2025-06-17T09:43:16","guid":{"rendered":"https:\/\/www.europesays.com\/de\/197052\/"},"modified":"2025-06-17T09:43:16","modified_gmt":"2025-06-17T09:43:16","slug":"siegburger-entenrennen-am-28-juni-auf-dem-historischen-muehlengraben","status":"publish","type":"post","link":"https:\/\/www.europesays.com\/de\/197052\/","title":{"rendered":"Siegburger Entenrennen: Am 28. Juni auf dem historischen M\u00fchlengraben"},"content":{"rendered":"<p><b>Siegburg.<\/b> Beim 16. Siegburger Entenrennen, veranstaltet vom Verein Jugendbehindertenhilfe Siegburg Rhein-Sieg (JBH), liefern sich am Samstag, 28. Juni 2025, ab 11 Uhr wieder 3.000 gelbe Renn-Enten im historischen M\u00fchlengraben einen spannenden Wettkampf. Die Besucher k\u00f6nnen im Vorfeld die nummerierten Enten \u201eadoptieren\u201c und mit den schnellsten Enten insgesamt 200 Preise im Wert von 11.000 Euro gewinnen. Die \u201eAdoptionsscheine\u201c f\u00fcr die Enten (3 Euro) gibt es an elf Vorverkaufsstellen in Siegburg zu kaufen. Im Zielbereich des Rennens wartet ein buntes Familienfest auf die Besucher. Mit dabei sind der K\u00f6lner Spielecirkus, eine H\u00fcpfburg, eine L\u00f6schwand, Speisen und Getr\u00e4nke und vieles mehr. <\/p>\n<p>Weitere Infos und die Vorverkaufsstellen auf <a href=\"https:\/\/www.siegburger-entenrennen.de\/\" onclick=\"window.open(this.href); return false;\" rel=\"nofollow noopener\" target=\"_blank\">www.siegburger-entenrennen.de<\/a><\/p>\n<p>                                                                            <img class=\"imagecontainer\" decoding=\"auto\" data-aspect-ratio=\"1.333333333\" src=\"https:\/\/www.europesays.com\/de\/wp-content\/uploads\/2025\/06\/1195573_L.webp\" style=\"object-position: 56% 49%;\" data-object-position=\"56% 49%\"\/><\/p>\n<p>                                                                            <img class=\"imagecontainer\" decoding=\"auto\" data-aspect-ratio=\"0.668308703\" src=\"https:\/\/www.europesays.com\/de\/wp-content\/uploads\/2025\/06\/1195576_L.webp\" style=\"object-position: 56% 29%;\" data-object-position=\"56% 29%\"\/><\/p>\n<p>                <a id=\"like-anchor\"\/><\/p>\n<p>                    Dieser Inhalt gef\u00e4llt Ihnen?<\/p>\n<p>Melden Sie sich an, um diesen Inhalt mit \u00abGef\u00e4llt mir\u00bb zu markieren.<\/p>\n<p>            \u00d7<\/p>\n<p>        <a href=\"#\" data-trigger-click-on-space-or-enter=\"\" class=\"button ggm-like-button hollow\" title=\"Gef\u00e4llt mir\" data-open=\"like-conversion-685138ad4361e\"><\/p>\n<p>        <\/a><\/p>\n<p>\n        Gef\u00e4llt <strong>0<\/strong> mal<br \/>\n        0\n    <\/p>\n<p>            <a href=\"https:\/\/www.rheinische-anzeigenblaetter.de\/profile-4091\/rag-redaktion\" class=\"stop-click-event-propagation\" rel=\"nofollow noopener\" target=\"_blank\">    <\/p>\n<p>                                                                            <img class=\"imagecontainer\" decoding=\"auto\" data-aspect-ratio=\"1\" src=\"https:\/\/media04.rheinische-anzeigenblaetter.de\/user\/2021\/09\/23\/6\/3326_L.jpg?1632381301\" style=\"object-position: 50% 50%;\" data-object-position=\"50% 50%\" bad-src=\"data:image\/gif;base64,R0lGODlhAQABAIAAAAAAAP\/\/\/yH5BAEAAAAALAAAAAABAAEAAAIBRAA7\"\/><\/p>\n<p>        <\/a><\/p>\n<p>                    Sie m\u00f6chten diesem Profil folgen?<\/p>\n<p>Verpassen Sie nicht die neuesten Inhalte von diesem Profil: Melden Sie sich an, um neuen Inhalten von Profilen und Orten in Ihrem <strong>pers\u00f6nlichen Feed<\/strong> zu folgen.<\/p>\n<p>            \u00d7<\/p>\n<p>\n            <strong>29<\/strong> folgen diesem Profil\n        <\/p>\n<p>        <a href=\"https:\/\/www.die-stadtmagazine.de\/\" target=\"_blank\" rel=\"nofollow noopener\">&#13;<br \/>\n&#13;<br \/>\n&#13;<br \/>\n    <img decoding=\"async\" class=\"imagecontainer\" data-aspectratio=\"0.333333333\" data-object-position=\"50% 50%\" src=\"https:\/\/www.europesays.com\/de\/wp-content\/uploads\/2025\/04\/614_L.jpg\"\/>&#13;<br \/>\n    &#13;<br \/>\n<\/a><\/p>\n<p>        \u00d7<\/p>\n<p>    Video einbetten<\/p>\n<p class=\"help\">Es k\u00f6nnen nur einzelne Videos der jeweiligen Plattformen eingebunden werden, nicht jedoch Playlists, Streams oder \u00dcbersichtsseiten.<\/p>\n<p>        \u00d7<\/p>\n<p>    Code einbetten<\/p>\n<p>        Funktionalit\u00e4t des eingebetteten Codes ohne Gew\u00e4hr. Bitte Einbettungen f\u00fcr Video, Social, Link und Maps mit dem vom System vorgesehenen Einbettungsfuntkionen vornehmen.\n    <\/p>\n<p>                    Sie m\u00f6chten selbst beitragen?<\/p>\n<p>Melden Sie sich jetzt kostenlos an, um selbst mit eigenen Inhalten beizutragen.<\/p>\n<p>            \u00d7<\/p>\n","protected":false},"excerpt":{"rendered":"Siegburg. Beim 16. Siegburger Entenrennen, veranstaltet vom Verein Jugendbehindertenhilfe Siegburg Rhein-Sieg (JBH), liefern sich am Samstag, 28. Juni&hellip;\n","protected":false},"author":2,"featured_media":197053,"comment_status":"","ping_status":"","sticky":false,"template":"","format":"standard","meta":{"footnotes":""},"categories":[1842],"tags":[1741,3364,29,30,1209],"class_list":{"0":"post-197052","1":"post","2":"type-post","3":"status-publish","4":"format-standard","5":"has-post-thumbnail","7":"category-bonn","8":"tag-bonn","9":"tag-de","10":"tag-deutschland","11":"tag-germany","12":"tag-nordrhein-westfalen"},"share_on_mastodon":{"url":"https:\/\/pubeurope.com\/@de\/114698060534629795","error":""},"_links":{"self":[{"href":"https:\/\/www.europesays.com\/de\/wp-json\/wp\/v2\/posts\/197052","targetHints":{"allow":["GET"]}}],"collection":[{"href":"https:\/\/www.europesays.com\/de\/wp-json\/wp\/v2\/posts"}],"about":[{"href":"https:\/\/www.europesays.com\/de\/wp-json\/wp\/v2\/types\/post"}],"author":[{"embeddable":true,"href":"https:\/\/www.europesays.com\/de\/wp-json\/wp\/v2\/users\/2"}],"replies":[{"embeddable":true,"href":"https:\/\/www.europesays.com\/de\/wp-json\/wp\/v2\/comments?post=197052"}],"version-history":[{"count":0,"href":"https:\/\/www.europesays.com\/de\/wp-json\/wp\/v2\/posts\/197052\/revisions"}],"wp:featuredmedia":[{"embeddable":true,"href":"https:\/\/www.europesays.com\/de\/wp-json\/wp\/v2\/media\/197053"}],"wp:attachment":[{"href":"https:\/\/www.europesays.com\/de\/wp-json\/wp\/v2\/media?parent=197052"}],"wp:term":[{"taxonomy":"category","embeddable":true,"href":"https:\/\/www.europesays.com\/de\/wp-json\/wp\/v2\/categories?post=197052"},{"taxonomy":"post_tag","embeddable":true,"href":"https:\/\/www.europesays.com\/de\/wp-json\/wp\/v2\/tags?post=197052"}],"curies":[{"name":"wp","href":"https:\/\/api.w.org\/{rel}","templated":true}]}}