{"id":19706,"date":"2025-04-10T01:53:17","date_gmt":"2025-04-10T01:53:17","guid":{"rendered":"https:\/\/www.europesays.com\/de\/19706\/"},"modified":"2025-04-10T01:53:17","modified_gmt":"2025-04-10T01:53:17","slug":"ehepaar-bei-brutalem-raubueberfall-schwer-verletzt","status":"publish","type":"post","link":"https:\/\/www.europesays.com\/de\/19706\/","title":{"rendered":"Ehepaar bei brutalem Raub\u00fcberfall schwer verletzt"},"content":{"rendered":"<p>Ein \u00e4lteres Ehepaar aus Pullach bei M\u00fcnchen ist von Einbrechern brutal \u00fcberfallen, schwer verletzt und beraubt worden. Laut Polizei waren am Dienstagmorgen gegen drei Uhr zwei M\u00e4nner gewaltsam in das Einfamilienhaus der beiden eingedrungen. Sie schlugen brutal auf den 78-J\u00e4hrigen und seine 79-j\u00e4hrige Frau ein und fesselten sie. Dann durchsuchten sie die R\u00e4umlichkeiten und flohen mit Bargeld sowie Wertgegenst\u00e4nden in unbekannter H\u00f6he. <\/p>\n<p>Ehepaar schwer verletzt \u2013 T\u00e4ter sind fl\u00fcchtig<\/p>\n<p>Nach einer Dreiviertelstunde gelang es dem Ehepaar, sich selbst zu befreien und die Polizei zu alarmieren. Beide h\u00e4tten mit schweren Verletzungen, unter anderem massiven H\u00e4matomen im Gesicht, ins Krankenhaus gebracht werden m\u00fcssen, so ein Polizeisprecher. Lebensgefahr besteht demnach nicht. Eine aufwendige Fahndung mit Hubschrauber, Diensthund und zahlreichen Streifen blieb erfolglos. <\/p>\n<p>Polizei bittet um Hinweise<\/p>\n<p>Die Opfer sind noch nicht vernehmungsf\u00e4hig gewesen, sodass es nur eine vage T\u00e4terbeschreibung gibt. Demnach hatten die M\u00e4nner ein osteurop\u00e4isches Erscheinungsbild, waren dunkel gekleidet und sprachen vermutlich russisch. Die Kriminalkommission bittet Zeugen um Hinweise. <\/p>\n","protected":false},"excerpt":{"rendered":"Ein \u00e4lteres Ehepaar aus Pullach bei M\u00fcnchen ist von Einbrechern brutal \u00fcberfallen, schwer verletzt und beraubt worden. Laut&hellip;\n","protected":false},"author":2,"featured_media":19707,"comment_status":"","ping_status":"","sticky":false,"template":"","format":"standard","meta":{"footnotes":""},"categories":[1827],"tags":[772,29,30,1584,2527,1268,2339,11382,5309],"class_list":{"0":"post-19706","1":"post","2":"type-post","3":"status-publish","4":"format-standard","5":"has-post-thumbnail","7":"category-muenchen","8":"tag-bayern","9":"tag-deutschland","10":"tag-germany","11":"tag-kriminalitaet","12":"tag-landkreis-muenchen","13":"tag-muenchen","14":"tag-oberbayern","15":"tag-pullach","16":"tag-raubueberfall"},"share_on_mastodon":{"url":"https:\/\/pubeurope.com\/@de\/114311174820185876","error":""},"_links":{"self":[{"href":"https:\/\/www.europesays.com\/de\/wp-json\/wp\/v2\/posts\/19706","targetHints":{"allow":["GET"]}}],"collection":[{"href":"https:\/\/www.europesays.com\/de\/wp-json\/wp\/v2\/posts"}],"about":[{"href":"https:\/\/www.europesays.com\/de\/wp-json\/wp\/v2\/types\/post"}],"author":[{"embeddable":true,"href":"https:\/\/www.europesays.com\/de\/wp-json\/wp\/v2\/users\/2"}],"replies":[{"embeddable":true,"href":"https:\/\/www.europesays.com\/de\/wp-json\/wp\/v2\/comments?post=19706"}],"version-history":[{"count":0,"href":"https:\/\/www.europesays.com\/de\/wp-json\/wp\/v2\/posts\/19706\/revisions"}],"wp:featuredmedia":[{"embeddable":true,"href":"https:\/\/www.europesays.com\/de\/wp-json\/wp\/v2\/media\/19707"}],"wp:attachment":[{"href":"https:\/\/www.europesays.com\/de\/wp-json\/wp\/v2\/media?parent=19706"}],"wp:term":[{"taxonomy":"category","embeddable":true,"href":"https:\/\/www.europesays.com\/de\/wp-json\/wp\/v2\/categories?post=19706"},{"taxonomy":"post_tag","embeddable":true,"href":"https:\/\/www.europesays.com\/de\/wp-json\/wp\/v2\/tags?post=19706"}],"curies":[{"name":"wp","href":"https:\/\/api.w.org\/{rel}","templated":true}]}}