{"id":197063,"date":"2025-06-17T09:49:09","date_gmt":"2025-06-17T09:49:09","guid":{"rendered":"https:\/\/www.europesays.com\/de\/197063\/"},"modified":"2025-06-17T09:49:09","modified_gmt":"2025-06-17T09:49:09","slug":"erstzertifizierung-nach-din-en-iso-9001-erfolgreich-abgeschlossen","status":"publish","type":"post","link":"https:\/\/www.europesays.com\/de\/197063\/","title":{"rendered":"Erstzertifizierung nach DIN EN ISO 9001 erfolgreich abgeschlossen"},"content":{"rendered":"<p><img decoding=\"async\" src=\"https:\/\/www.europesays.com\/de\/wp-content\/uploads\/2025\/06\/csm_25-06-16_erstzertifizierung_institut_fuer_radiologie_extern_960_a209be0c86.jpg\" alt=\"Freuen sich \u00fcber die Best\u00e4tigung (v.l.): aus dem KRH Klinikum Agnes Karll Laatzen D\u00e8sir\u00e9e Grosser, Ober\u00e4rztin, Jutta Kissau, leitende MTR, Radmila Baljevic, leitende MTR, Dr. Barbara Stockamp, Ober\u00e4rztin im KRH Klinikum Siloah), Nicole-Adeola Rahmanian, Qualit\u00e4tsmanagementbeauftragte des Instituts f\u00fcr Radiologie, Dr. Juliane Kletzsch, Ober\u00e4rztin im KRH Klinikum Gro\u00dfburgwedel, Dr. Franziska Peters, Ober\u00e4rztin im KRH Klinikum Robert Koch Gehrden und Angela Frank, leitende Instituts MTR und leitende MTR des KRH Klinikum Robert Koch Gehrden.   Weitere Beteiligte, aber nicht im Bild, sind Dr. G\u00f6tz Voshage, \u00c4rztlicher Direktor Institut f\u00fcr Radiologie und Chefarzt der Radiologie im KRH Klinikum Robert Koch Gehrden und Neustadt, Dr. J\u00f6rg Hattingen, Chefarzt im KRH Klinikum Nordstadt, Gabriele Jahn, leitende MTR im KRH Klinikum Siloah), Dr. Manuel Lehm, gesch\u00e4ftsf\u00fchrender Oberarzt im KRH Klinikum Siloah, Gro\u00dfburgwedel und Agnes Karll Laatzen, Dr. Vitali Litvinov, leitender Oberarzt im KRH Klinikum Robert Koch Gehrden, Dr. Dirk Michels, leitender Oberarzt im KRH Klinikum Nordstadt, Martina Redeker, leitende MTR KRH Klinikum Neustadt und Franziska Wi\u00dfmeyer, leitende MTR im KRH Klinikum Gro\u00dfburgwedel.\"\/><\/p>\n<p>Freuen sich \u00fcber die Best\u00e4tigung (v.l.): aus dem KRH Klinikum Agnes Karll Laatzen D\u00e8sir\u00e9e Grosser, Ober\u00e4rztin, Jutta Kissau, leitende MTR, Radmila Baljevic, leitende MTR, Dr. Barbara Stockamp, Ober\u00e4rztin im KRH Klinikum Siloah), Nicole-Adeola Rahmanian, Qualit\u00e4tsmanagementbeauftragte des Instituts f\u00fcr Radiologie, Dr. Juliane Kletzsch, Ober\u00e4rztin im KRH Klinikum Gro\u00dfburgwedel, Dr. Franziska Peters, Ober\u00e4rztin im KRH Klinikum Robert Koch Gehrden und Angela Frank, leitende Instituts MTR und leitende MTR des KRH Klinikum Robert Koch Gehrden. &#13;<br \/>\n&#13;<br \/>\n&#13;<br \/>\nWeitere Beteiligte, aber nicht im Bild, sind Dr. G\u00f6tz Voshage, \u00c4rztlicher Direktor Institut f\u00fcr Radiologie und Chefarzt der Radiologie im KRH Klinikum Robert Koch Gehrden und Neustadt, Dr. J\u00f6rg Hattingen, Chefarzt im KRH Klinikum Nordstadt, Gabriele Jahn, leitende MTR im KRH Klinikum Siloah), Dr. Manuel Lehm, gesch\u00e4ftsf\u00fchrender Oberarzt im KRH Klinikum Siloah, Gro\u00dfburgwedel und Agnes Karll Laatzen, Dr. Vitali Litvinov, leitender Oberarzt im KRH Klinikum Robert Koch Gehrden, Dr. Dirk Michels, leitender Oberarzt im KRH Klinikum Nordstadt, Martina Redeker, leitende MTR KRH Klinikum Neustadt und Franziska Wi\u00dfmeyer, leitende MTR im KRH Klinikum Gro\u00dfburgwedel.&#13;\n<\/p>\n<p>Das <a href=\"https:\/\/www.krh.de\/rad\" target=\"_blank\" rel=\"nofollow noopener\">Institut f\u00fcr Radiologie<\/a> hat Ende Mai die Erstzertifizierung nach DIN EN ISO 9001 erfolgreich bestanden. Das Institut besteht seit dem 1. Januar 2022. Durch die Gr\u00fcndung hat sich im <a href=\"https:\/\/www.krh.de\/\" target=\"_blank\" rel=\"nofollow noopener\">Klinikum Region Hannover<\/a> ein Netzwerk aus radiologischen Fachabteilungen der KRH Standorte Laatzen, Gro\u00dfburgwedel, Gehrden, Nordstadt, Siloah und Neustadt am R\u00fcbenberge mit Ihren Spezialist*innen zusammengetan, um die gesamte fachliche Expertise optimal aussch\u00f6pfen zu k\u00f6nnen. Dabei bedient sich die Radiologie einer Vielzahl radiologischer Untersuchungsmethoden, um f\u00fcr Patient*innen die bestm\u00f6glichen Ergebnisse in der Diagnostik und Therapie von Erkrankungen zu erzielen.<\/p>\n<p>\u201eWir sind unglaublich stolz \u00fcber die gute Vorbereitung und den professionellen Einsatz unserer Mitarbeitenden. Die erfolgreiche Erstzertifizierung unterstreicht, dass die Teamarbeit in unserem Institut auch \u00fcber sechs verschiedene Standorte hinweg hervorragend funktioniert\u201c, betont Dr. G\u00f6tz Voshage, \u00c4rztlicher Direktor des KRH Instituts f\u00fcr Radiologie.<\/p>\n<p>\u201eSchon bei der Planung der vier Audittage sind wir vor eine logistische Herausforderung gestellt worden, da die Standorte geografisch weit auseinanderliegen. Durch die gute Kommunikation mit dem Auditorenteam der Zertifizierungsstelle ClarCert und den verantwortlichen Personen an den Standorten hat die Durchf\u00fchrung reibungslos funktioniert\u201c, berichtet Nicole Rahmanian, Qualit\u00e4tsmanagementbeauftragte im Institut f\u00fcr Radiologie.<\/p>\n<p>An vier Audittagen hat das Auditorenteam sich einen umfangreichen Eindruck von der fachlichen Expertise und der Spezialisierung in den verschiedenen Bereichen des Instituts gemacht. Insbesondere das umfassende Spektrum an diagnostischen und interventionellen Verfahren der Radiologie und Neuroradiologie haben eine optimale Patientenversorgung im KRH Institut f\u00fcr Radiologie deutlich gemacht. Trotz der unterschiedlichen lokalen Gegebenheiten in den radiologischen Abteilungen, verl\u00e4uft die Arbeit \u00fcberall unter Einsatz von hochmodernen bildgebenden Verfahren. Diese Technologien gew\u00e4hrleisten nicht nur eine noch pr\u00e4zisere Diagnostik, sondern auch eine reduziertere Strahlenbelastung f\u00fcr die Patienten \u2013 und optimale Weiterbildungsm\u00f6glichkeiten f\u00fcr die Mitarbeitenden.<\/p>\n<p>In der Zukunft des Instituts wird die erfolgreiche Zertifizierung und die damit verbundene Implementierung des gemeinsamen Qualit\u00e4tsmanagementsystems die Qualit\u00e4t der radiologischen Leistung innerhalb des Klinikverbundes kontinuierlich verbessern und somit eine nachhaltige Grundlage f\u00fcr ein weiterhin erfolgreiches Miteinander schaffen: f\u00fcr die Patienten und auch f\u00fcr die Mitarbeitenden.<\/p>\n","protected":false},"excerpt":{"rendered":"Freuen sich \u00fcber die Best\u00e4tigung (v.l.): aus dem KRH Klinikum Agnes Karll Laatzen D\u00e8sir\u00e9e Grosser, Ober\u00e4rztin, Jutta Kissau,&hellip;\n","protected":false},"author":2,"featured_media":197064,"comment_status":"","ping_status":"","sticky":false,"template":"","format":"standard","meta":{"footnotes":""},"categories":[1836],"tags":[3364,29,64839,30,46,64838,38000,37999,1411],"class_list":{"0":"post-197063","1":"post","2":"type-post","3":"status-publish","4":"format-standard","5":"has-post-thumbnail","7":"category-hannover","8":"tag-de","9":"tag-deutschland","10":"tag-erstzertifizierung-nach-din-en-iso-9001-erfolgreich-abgeschlossen","11":"tag-germany","12":"tag-hannover","13":"tag-insitut-fuer-radiologie","14":"tag-krh","15":"tag-krh-klinikum-region-hannover","16":"tag-niedersachsen"},"share_on_mastodon":{"url":"https:\/\/pubeurope.com\/@de\/114698083673383965","error":""},"_links":{"self":[{"href":"https:\/\/www.europesays.com\/de\/wp-json\/wp\/v2\/posts\/197063","targetHints":{"allow":["GET"]}}],"collection":[{"href":"https:\/\/www.europesays.com\/de\/wp-json\/wp\/v2\/posts"}],"about":[{"href":"https:\/\/www.europesays.com\/de\/wp-json\/wp\/v2\/types\/post"}],"author":[{"embeddable":true,"href":"https:\/\/www.europesays.com\/de\/wp-json\/wp\/v2\/users\/2"}],"replies":[{"embeddable":true,"href":"https:\/\/www.europesays.com\/de\/wp-json\/wp\/v2\/comments?post=197063"}],"version-history":[{"count":0,"href":"https:\/\/www.europesays.com\/de\/wp-json\/wp\/v2\/posts\/197063\/revisions"}],"wp:featuredmedia":[{"embeddable":true,"href":"https:\/\/www.europesays.com\/de\/wp-json\/wp\/v2\/media\/197064"}],"wp:attachment":[{"href":"https:\/\/www.europesays.com\/de\/wp-json\/wp\/v2\/media?parent=197063"}],"wp:term":[{"taxonomy":"category","embeddable":true,"href":"https:\/\/www.europesays.com\/de\/wp-json\/wp\/v2\/categories?post=197063"},{"taxonomy":"post_tag","embeddable":true,"href":"https:\/\/www.europesays.com\/de\/wp-json\/wp\/v2\/tags?post=197063"}],"curies":[{"name":"wp","href":"https:\/\/api.w.org\/{rel}","templated":true}]}}