{"id":197069,"date":"2025-06-17T09:52:10","date_gmt":"2025-06-17T09:52:10","guid":{"rendered":"https:\/\/www.europesays.com\/de\/197069\/"},"modified":"2025-06-17T09:52:10","modified_gmt":"2025-06-17T09:52:10","slug":"mega-staus-auch-tunnel-auf-a17-betroffen","status":"publish","type":"post","link":"https:\/\/www.europesays.com\/de\/197069\/","title":{"rendered":"Mega-Staus! Auch Tunnel auf A17 betroffen"},"content":{"rendered":"<p>Dresden\/Wilsdruff &#8211; <b>Viel Geduld ist am Dienstagvormittag auf der A4 bei <\/b><a href=\"https:\/\/www.tag24.de\/dresden\" rel=\"nofollow noopener\" target=\"_blank\">Dresden<\/a><b> gefragt! Wegen eines heftigen Unfalls kommt es zu massiven Behinderungen.<\/b><\/p>\n<p>            <img loading=\"lazy\" decoding=\"async\" class=\"article__img\" alt=\"Auf der A4 in Richtung Chemnitz kam es am Dienstagmorgen zu einem schweren Lkw-Unfall.\" width=\"951\" height=\"634\" src=\"https:\/\/www.europesays.com\/de\/wp-content\/uploads\/2025\/06\/lzemkdd5q8eaf1ult5ei0ndaugqyoxki.jpg\"  \/><\/p>\n<p>            Auf der A4 in Richtung Chemnitz kam es am Dienstagmorgen zu einem schweren Lkw-Unfall.\u00a0\u00a0\u00a9\u00a0Roland Halkasch<\/p>\n<p>Zwischen dem Dreieck Dresden-West und Wilsdruff sind gegen 6.20 Uhr auf der Richtungsfahrbahn <a href=\"https:\/\/www.tag24.de\/chemnitz\" rel=\"nofollow noopener\" target=\"_blank\">Chemnitz<\/a> zwei Lkw aus noch ungekl\u00e4rter Ursache ineinander gekracht.<\/p>\n<p>Auf TAG24-Nachfrage erkl\u00e4rte die Polizei, dass dabei eine Person schwer verletzt wurde. Sie soll mit einem Rettungshubschrauber ins St\u00e4dtische Klinikum Dresden gebracht worden sein.<\/p>\n<p>Fotos zeigen, wie Feuerwehrleute eine Person aus dem zerst\u00f6rten Fahrerhaus des hinteren Sattelzugs mit hydraulischem Ger\u00e4t befreiten. Im Rahmen der Bergung musste auch die Gegenfahrbahn voll gesperrt werden.<\/p>\n<p>                             <a data-aid=\"3394434\" data-atype=\"news\" data-aplacement=\"inread-article\" data-aplacementid=\"3395435\" href=\"https:\/\/www.tag24.de\/nachrichten\/unfall\/unfall-a4\/motorradfahrer-faehrt-unter-sattelauflieger-und-wird-schwerstverletzt-mit-dem-rettungshubschrauber-ins-klinikum-ful-3394434\" rel=\"nofollow noopener\" target=\"_blank\"><img loading=\"lazy\" decoding=\"async\" width=\"85\" height=\"57\" alt=\"Unfall A4: Motorradfahrer schwer verletzt: Rund sechs Kilometer Stau auf der A4\" src=\"https:\/\/www.europesays.com\/de\/wp-content\/uploads\/2025\/06\/m2dha5d4gbw6xh6ztft338bf3cnenziw.jpg\"\/><\/a><\/p>\n<p>            Unfall A4<br \/>\n                            <a class=\"inread-article__headline\" data-aid=\"3394434\" data-atype=\"news\" data-aplacement=\"inread-article\" data-aplacementid=\"3395435\" href=\"https:\/\/www.tag24.de\/nachrichten\/unfall\/unfall-a4\/motorradfahrer-faehrt-unter-sattelauflieger-und-wird-schwerstverletzt-mit-dem-rettungshubschrauber-ins-klinikum-ful-3394434\" rel=\"nofollow noopener\" target=\"_blank\">Motorradfahrer schwer verletzt: Rund sechs Kilometer Stau auf der A4<\/a><\/p>\n<p>In Richtung Dresden kam es laut Polizei fast zeitgleich zu einem weiteren Unfall, bei dem zwei Transporter zusammenstie\u00dfen &#8211; jedoch gl\u00fccklicherweise ohne Verletzte.<\/p>\n<p>In Richtung Chemnitz staut sich der Verkehr laut ADAC \u00fcber 18 Kilometer, in Richtung Dresden \u00fcber zw\u00f6lf Kilometer. Der Zeitverlust liegt bei mindestens einer Stunde.<\/p>\n<p>Durch den gro\u00dfen R\u00fcckstau sind auf der A17 in Fahrtrichtung Dreieck Dresden-West die Tunnel gesperrt. Auch hier muss mit mindestens einer Stunde Zeitverlust gerechnet werden.<\/p>\n<p><b>Wie der Dresdner Feuerwehr-Sprecher Michael Klahre (46) gegen\u00fcber TAG24 mitteilte, l\u00f6ste am Vormittag auch die Brandmeldeanlage der Tunnelkette aus. &#8222;Hierbei handelte es sich jedoch um einen Fehlalarm.&#8220;<\/b><\/p>\n<p>Erstmeldung vom 17. Juni, 7.14 Uhr. Letzte Aktualisierung am 17. Juni, 11.19 Uhr.<\/p>\n","protected":false},"excerpt":{"rendered":"Dresden\/Wilsdruff &#8211; Viel Geduld ist am Dienstagvormittag auf der A4 bei Dresden gefragt! Wegen eines heftigen Unfalls kommt&hellip;\n","protected":false},"author":2,"featured_media":197070,"comment_status":"","ping_status":"","sticky":false,"template":"","format":"standard","meta":{"footnotes":""},"categories":[1835],"tags":[3364,29,2386,30,859],"class_list":{"0":"post-197069","1":"post","2":"type-post","3":"status-publish","4":"format-standard","5":"has-post-thumbnail","7":"category-dresden","8":"tag-de","9":"tag-deutschland","10":"tag-dresden","11":"tag-germany","12":"tag-sachsen"},"share_on_mastodon":{"url":"https:\/\/pubeurope.com\/@de\/114698095493826700","error":""},"_links":{"self":[{"href":"https:\/\/www.europesays.com\/de\/wp-json\/wp\/v2\/posts\/197069","targetHints":{"allow":["GET"]}}],"collection":[{"href":"https:\/\/www.europesays.com\/de\/wp-json\/wp\/v2\/posts"}],"about":[{"href":"https:\/\/www.europesays.com\/de\/wp-json\/wp\/v2\/types\/post"}],"author":[{"embeddable":true,"href":"https:\/\/www.europesays.com\/de\/wp-json\/wp\/v2\/users\/2"}],"replies":[{"embeddable":true,"href":"https:\/\/www.europesays.com\/de\/wp-json\/wp\/v2\/comments?post=197069"}],"version-history":[{"count":0,"href":"https:\/\/www.europesays.com\/de\/wp-json\/wp\/v2\/posts\/197069\/revisions"}],"wp:featuredmedia":[{"embeddable":true,"href":"https:\/\/www.europesays.com\/de\/wp-json\/wp\/v2\/media\/197070"}],"wp:attachment":[{"href":"https:\/\/www.europesays.com\/de\/wp-json\/wp\/v2\/media?parent=197069"}],"wp:term":[{"taxonomy":"category","embeddable":true,"href":"https:\/\/www.europesays.com\/de\/wp-json\/wp\/v2\/categories?post=197069"},{"taxonomy":"post_tag","embeddable":true,"href":"https:\/\/www.europesays.com\/de\/wp-json\/wp\/v2\/tags?post=197069"}],"curies":[{"name":"wp","href":"https:\/\/api.w.org\/{rel}","templated":true}]}}