{"id":197071,"date":"2025-06-17T09:53:11","date_gmt":"2025-06-17T09:53:11","guid":{"rendered":"https:\/\/www.europesays.com\/de\/197071\/"},"modified":"2025-06-17T09:53:11","modified_gmt":"2025-06-17T09:53:11","slug":"bpol-hb-bundespolizei-beschlagnahmt-erneut-verbotene-waffe-am-bremer-flughafen","status":"publish","type":"post","link":"https:\/\/www.europesays.com\/de\/197071\/","title":{"rendered":"BPOL-HB: Bundespolizei beschlagnahmt erneut verbotene Waffe am Bremer Flughafen"},"content":{"rendered":"<p class=\"date\">17.06.2025 \u2013 11:40<\/p>\n<p class=\"customer\">\n                        <a class=\"story-customer\" title=\"weiter zum newsroom von Bundespolizeiinspektion Bremen\" href=\"https:\/\/www.presseportal.de\/blaulicht\/nr\/70255\" rel=\"nofollow noopener\" target=\"_blank\">Bundespolizeiinspektion Bremen<\/a>\n                    <\/p>\n<p><a class=\"glightbox event-trigger\" href=\"https:\/\/cache.pressmailing.net\/thumbnail\/story_hires\/8269d357-03ca-4834-a41d-cc02c98d0f42\/ElektroschockerundTaschenmesser.jpg.jpg\" data-description=\"Der Elektroschock sowie das Taschenmesser wurden Dienstagmorgen bei der Luftsicherheitskontrolle am Bremer Flughafen aufgefunden.\" data-category=\"medialightbox\" data-action=\"click\" data-label=\"single\" data-value=\"6851381f270000fd2cba6a82\" rel=\"nofollow noopener\" target=\"_blank\"><img decoding=\"async\" height=\"540\" with=\"720\" src=\"https:\/\/www.europesays.com\/de\/wp-content\/uploads\/2025\/06\/bpol-hb-bundespolizei-beschlagnahmt-erneut-verbotene-waffe-am-bremer-flughafen.jpeg\"   alt=\"BPOL-HB: Bundespolizei beschlagnahmt erneut verbotene Waffe am Bremer Flughafen\" class=\"single\"\/><\/a><\/p>\n<p><a data-category=\"citylink-story-view\" data-action=\"click\" data-label=\"Citylink in Meldungsansicht\" class=\"story-city event-trigger\" href=\"https:\/\/www.presseportal.de\/regional\/Bremen\" title=\"News aus Bremen \" rel=\"nofollow noopener\" target=\"_blank\">Bremen<\/a> (ots)<\/p>\n<p>Flughafen Bremen, 17.052025 \/ 08:50 Uhr<\/p>\n<p>Erneut hat das Luftsicherheitskontrollpersonal bei der Handgep\u00e4ckkontrolle am Bremer Flughafen nach dem Luftsicherheitsgesetz verbotene Gegenst\u00e4nde aufgefunden. Da ein mitgef\u00fchrter und als Taschenlampe getarnter Elektroschocker unter das Waffengesetz f\u00e4llt, hat die Bremer Bundespolizei ein Strafverfahren eingeleitet und den Elektroschocker beschlagnahmt.<\/p>\n<p>Ein 53-J\u00e4hriger aus Bremen wollte am Dienstagmorgen von Bremen nach Izmir fliegen. Bei der Durchleuchtung seines Handgep\u00e4cks fanden die durch die Bundespolizeiinspektion Bremen beauftragte private  Luftsicherheitskontrollkr\u00e4fte im Handgep\u00e4ck des Fluggastes neben einem Taschenmesser mit einer Klingenl\u00e4nge von etwa 8,5 cm eine Taschenlampe mit verborgener Elektroschockfunktion. Beide Gegenst\u00e4nde d\u00fcrfen &#8211; unabh\u00e4ngig von einer waffenrechtlichen Einstufung &#8211; nach dem Luftsicherheitsgesetz bei einer Flugreise nicht im Handgep\u00e4ck mitgenommen werden. Nach Aufnahme des Sachverhaltes durfte der Mann seine Reise nach Izmir ohne die Gegenst\u00e4nde antreten.<\/p>\n<p>Auff\u00e4llig ist, dass zuletzt im Rahmen von Luftsicherheitskontrollen am Flughafen Bremen wiederholt als Taschenlampe getarnte Elektroimpulsger\u00e4ten festgestellt wurden. Die Bundespolizei weist in diesem Zusammenhang darauf hin, dass derartige Gegenst\u00e4nde nicht nur im Handgep\u00e4ck nichts zu suchen haben, sondern auch nach dem deutschen Waffenrecht grunds\u00e4tzlich verboten sind. Die Feststellung derartiger Gegenst\u00e4nde hat immer ein Strafverfahren zur Folge. Auch der 53-J\u00e4hrige wurde entsprechend nach dem Waffengesetz beanzeigt.<\/p>\n<p>Die Bremer Bundespolizei weist erg\u00e4nzend darauf hin, dass das Mitf\u00fchren von jeglichen Waffen oder gef\u00e4hrlichen Gegenst\u00e4nden im Handgep\u00e4ck untersagt ist. Das Gleiche gilt auch f\u00fcr sogenannte Anscheinswaffen wie beispielsweise Spielzeugwaffen oder Nachbildungen, die mit echten Waffen verwechselt werden k\u00f6nnen. Bitte machen Sie sich vor Ihrer Flugreise mit den geltenden Bestimmungen vertraut. Weitere Informationen dazu sind unter anderem auf <a target=\"_blank\" class=\"uri-ext outbound\" rel=\"noopener nofollow\" href=\"https:\/\/www.bundespolizei.de\">www.bundespolizei.de<\/a> in der Kategorie &#8222;Sicher auf Reisen&#8220; zu finden.<\/p>\n<p class=\"contact-headline\">R\u00fcckfragen bitte an:<\/p>\n<p class=\"contact-text\">Bundespolizeiinspektion Bremen<br \/>Pressestelle<br \/>Juliane Hartwich<br \/>Telefon: 0421 16299 &#8211; 6102<br \/>E-Mail: <a href=\"https:\/\/www.presseportal.de\/blaulicht\/pm\/70255\/mailto: bpoli.bremen.oea@polizei.bund.de\" class=\"uri-mailto\" rel=\"nofollow noopener\" target=\"_blank\"> bpoli.bremen.oea@polizei.bund.de<\/a><br \/><a target=\"_blank\" class=\"uri-ext outbound\" rel=\"noopener nofollow\" href=\"https:\/\/www.bundespolizei.de\">www.bundespolizei.de<\/a><br \/>X @bpol_nord<\/p>\n<p class=\"originator\">Original-Content von: Bundespolizeiinspektion Bremen, \u00fcbermittelt durch news aktuell<\/p>\n","protected":false},"excerpt":{"rendered":"17.06.2025 \u2013 11:40 Bundespolizeiinspektion Bremen Bremen (ots) Flughafen Bremen, 17.052025 \/ 08:50 Uhr Erneut hat das Luftsicherheitskontrollpersonal bei&hellip;\n","protected":false},"author":2,"featured_media":197072,"comment_status":"","ping_status":"","sticky":false,"template":"","format":"standard","meta":{"footnotes":""},"categories":[1824],"tags":[2420,3364,29,30,7309,691,177,1352,5404,121,178,180,179,181],"class_list":{"0":"post-197071","1":"post","2":"type-post","3":"status-publish","4":"format-standard","5":"has-post-thumbnail","7":"category-bremen","8":"tag-bremen","9":"tag-de","10":"tag-deutschland","11":"tag-germany","12":"tag-hb","13":"tag-hh","14":"tag-kriminalitt","15":"tag-mv","16":"tag-ni","17":"tag-polizei","18":"tag-presse","19":"tag-pressemeldung","20":"tag-pressemitteilung","21":"tag-pressemitteilungen"},"share_on_mastodon":{"url":"https:\/\/pubeurope.com\/@de\/114698099389688904","error":""},"_links":{"self":[{"href":"https:\/\/www.europesays.com\/de\/wp-json\/wp\/v2\/posts\/197071","targetHints":{"allow":["GET"]}}],"collection":[{"href":"https:\/\/www.europesays.com\/de\/wp-json\/wp\/v2\/posts"}],"about":[{"href":"https:\/\/www.europesays.com\/de\/wp-json\/wp\/v2\/types\/post"}],"author":[{"embeddable":true,"href":"https:\/\/www.europesays.com\/de\/wp-json\/wp\/v2\/users\/2"}],"replies":[{"embeddable":true,"href":"https:\/\/www.europesays.com\/de\/wp-json\/wp\/v2\/comments?post=197071"}],"version-history":[{"count":0,"href":"https:\/\/www.europesays.com\/de\/wp-json\/wp\/v2\/posts\/197071\/revisions"}],"wp:featuredmedia":[{"embeddable":true,"href":"https:\/\/www.europesays.com\/de\/wp-json\/wp\/v2\/media\/197072"}],"wp:attachment":[{"href":"https:\/\/www.europesays.com\/de\/wp-json\/wp\/v2\/media?parent=197071"}],"wp:term":[{"taxonomy":"category","embeddable":true,"href":"https:\/\/www.europesays.com\/de\/wp-json\/wp\/v2\/categories?post=197071"},{"taxonomy":"post_tag","embeddable":true,"href":"https:\/\/www.europesays.com\/de\/wp-json\/wp\/v2\/tags?post=197071"}],"curies":[{"name":"wp","href":"https:\/\/api.w.org\/{rel}","templated":true}]}}