{"id":197075,"date":"2025-06-17T09:55:11","date_gmt":"2025-06-17T09:55:11","guid":{"rendered":"https:\/\/www.europesays.com\/de\/197075\/"},"modified":"2025-06-17T09:55:11","modified_gmt":"2025-06-17T09:55:11","slug":"essen-polizei-vollstreckt-haftbefehle-im-hauptbahnhof-regional","status":"publish","type":"post","link":"https:\/\/www.europesays.com\/de\/197075\/","title":{"rendered":"Essen: Polizei vollstreckt Haftbefehle im Hauptbahnhof | Regional"},"content":{"rendered":"<p>Essen \u2013 <b>Bundespolizisten haben am Essener Hauptbahnhof zwei Haftbefehle vollstreckt.<\/b><\/p>\n<p>Gegen 19.40 Uhr entdeckten Einsatzkr\u00e4fte auf Bahnsteig 22 einen 17-J\u00e4hrigen, der als vermisst gemeldet war. Drei Fahndungsausschreibungen lagen gegen ihn vor, darunter ein Sicherungshaftbefehl des Amtsgerichts Dorsten. Der Jugendliche aus Schwelm war im Februar 2024 wegen gemeinschaftlichen Diebstahls zu sechs Monaten auf Bew\u00e4hrung verurteilt worden. Da er seine Bew\u00e4hrungsauflagen missachtet hatte, wurde die Bew\u00e4hrung widerrufen. Die Beamten legten ihm Handfesseln an und brachten ihn ins Polizeigewahrsam Essen. Dort wird er dem Haftrichter vorgef\u00fchrt.<\/p>\n<p>Nur wenige Stunden sp\u00e4ter nahmen Polizisten einen 39-j\u00e4hrigen Duisburger in der Haupthalle fest. Eine Ausschreibung der Staatsanwaltschaft Kleve lag gegen ihn vor. Das Amtsgericht Moers hatte ihn im September 2024 zu einer Geldstrafe verurteilt, die er nicht zahlen konnte. Daher brachten die Beamten ihn in eine Justizvollzugsanstalt.<\/p>\n<p>Dieser Text basiert auf einer offiziellen Beh\u00f6rden-Information und wurde mit Hilfe von KI erstellt.<\/p>\n","protected":false},"excerpt":{"rendered":"Essen \u2013 Bundespolizisten haben am Essener Hauptbahnhof zwei Haftbefehle vollstreckt. Gegen 19.40 Uhr entdeckten Einsatzkr\u00e4fte auf Bahnsteig 22&hellip;\n","protected":false},"author":2,"featured_media":158721,"comment_status":"","ping_status":"","sticky":false,"template":"","format":"standard","meta":{"footnotes":""},"categories":[1834],"tags":[3364,29,1686,3688,30,2509,1209,121,45,1995,119],"class_list":{"0":"post-197075","1":"post","2":"type-post","3":"status-publish","4":"format-standard","5":"has-post-thumbnail","7":"category-essen","8":"tag-de","9":"tag-deutschland","10":"tag-diebstahl","11":"tag-essen","12":"tag-germany","13":"tag-ki-ots","14":"tag-nordrhein-westfalen","15":"tag-polizei","16":"tag-texttospeech","17":"tag-verbrechen","18":"tag-vermisste-personen"},"share_on_mastodon":{"url":"https:\/\/pubeurope.com\/@de\/114698107442862448","error":""},"_links":{"self":[{"href":"https:\/\/www.europesays.com\/de\/wp-json\/wp\/v2\/posts\/197075","targetHints":{"allow":["GET"]}}],"collection":[{"href":"https:\/\/www.europesays.com\/de\/wp-json\/wp\/v2\/posts"}],"about":[{"href":"https:\/\/www.europesays.com\/de\/wp-json\/wp\/v2\/types\/post"}],"author":[{"embeddable":true,"href":"https:\/\/www.europesays.com\/de\/wp-json\/wp\/v2\/users\/2"}],"replies":[{"embeddable":true,"href":"https:\/\/www.europesays.com\/de\/wp-json\/wp\/v2\/comments?post=197075"}],"version-history":[{"count":0,"href":"https:\/\/www.europesays.com\/de\/wp-json\/wp\/v2\/posts\/197075\/revisions"}],"wp:featuredmedia":[{"embeddable":true,"href":"https:\/\/www.europesays.com\/de\/wp-json\/wp\/v2\/media\/158721"}],"wp:attachment":[{"href":"https:\/\/www.europesays.com\/de\/wp-json\/wp\/v2\/media?parent=197075"}],"wp:term":[{"taxonomy":"category","embeddable":true,"href":"https:\/\/www.europesays.com\/de\/wp-json\/wp\/v2\/categories?post=197075"},{"taxonomy":"post_tag","embeddable":true,"href":"https:\/\/www.europesays.com\/de\/wp-json\/wp\/v2\/tags?post=197075"}],"curies":[{"name":"wp","href":"https:\/\/api.w.org\/{rel}","templated":true}]}}