{"id":197090,"date":"2025-06-17T10:03:09","date_gmt":"2025-06-17T10:03:09","guid":{"rendered":"https:\/\/www.europesays.com\/de\/197090\/"},"modified":"2025-06-17T10:03:09","modified_gmt":"2025-06-17T10:03:09","slug":"alte-kanzlei-der-preis-fuer-den-rostbraten-bleibt-stabil-krz-plus","status":"publish","type":"post","link":"https:\/\/www.europesays.com\/de\/197090\/","title":{"rendered":"Alte Kanzlei: \u201eDer Preis f\u00fcr den Rostbraten bleibt stabil\u201c &#8211; KRZ Plus"},"content":{"rendered":"<p>Als Unternehmer in der Gastronomie sieht sich Dennis Shipley in der Pflicht aufzukl\u00e4ren \u2013 \u00fcber falsche Erwartungen zur Mehrwertsteuersenkung. Womit der Gast rechnen kann.<\/p>\n<p>Die angek\u00fcndigte Senkung des Mehrwertsteuersatzes f\u00fcr die Gastronomie bereitet Dennis Shipley Sorgen. F\u00fcr die Wirte w\u00fcrde sie zwar Erleichterung bringen, die G\u00e4ste k\u00f6nnten jedoch falsche Erwartungen damit verbinden. Denn laut dem Gesch\u00e4ftsf\u00fchrer der Alten Kanzlei wird das Essengehen wohl nie wieder g\u00fcnstiger. <\/p>\n","protected":false},"excerpt":{"rendered":"Als Unternehmer in der Gastronomie sieht sich Dennis Shipley in der Pflicht aufzukl\u00e4ren \u2013 \u00fcber falsche Erwartungen zur&hellip;\n","protected":false},"author":2,"featured_media":197091,"comment_status":"","ping_status":"","sticky":false,"template":"","format":"standard","meta":{"footnotes":""},"categories":[1830],"tags":[64844,1634,3364,64845,29,3593,30,2134,22513,20419,1441],"class_list":{"0":"post-197090","1":"post","2":"type-post","3":"status-publish","4":"format-standard","5":"has-post-thumbnail","7":"category-stuttgart","8":"tag-alte-kanzlei","9":"tag-baden-wuerttemberg","10":"tag-de","11":"tag-dennis-shipley","12":"tag-deutschland","13":"tag-gastro","14":"tag-germany","15":"tag-interview","16":"tag-mehrwertsteuer","17":"tag-steuersenkung","18":"tag-stuttgart"},"share_on_mastodon":{"url":"https:\/\/pubeurope.com\/@de\/114698138761000514","error":""},"_links":{"self":[{"href":"https:\/\/www.europesays.com\/de\/wp-json\/wp\/v2\/posts\/197090","targetHints":{"allow":["GET"]}}],"collection":[{"href":"https:\/\/www.europesays.com\/de\/wp-json\/wp\/v2\/posts"}],"about":[{"href":"https:\/\/www.europesays.com\/de\/wp-json\/wp\/v2\/types\/post"}],"author":[{"embeddable":true,"href":"https:\/\/www.europesays.com\/de\/wp-json\/wp\/v2\/users\/2"}],"replies":[{"embeddable":true,"href":"https:\/\/www.europesays.com\/de\/wp-json\/wp\/v2\/comments?post=197090"}],"version-history":[{"count":0,"href":"https:\/\/www.europesays.com\/de\/wp-json\/wp\/v2\/posts\/197090\/revisions"}],"wp:featuredmedia":[{"embeddable":true,"href":"https:\/\/www.europesays.com\/de\/wp-json\/wp\/v2\/media\/197091"}],"wp:attachment":[{"href":"https:\/\/www.europesays.com\/de\/wp-json\/wp\/v2\/media?parent=197090"}],"wp:term":[{"taxonomy":"category","embeddable":true,"href":"https:\/\/www.europesays.com\/de\/wp-json\/wp\/v2\/categories?post=197090"},{"taxonomy":"post_tag","embeddable":true,"href":"https:\/\/www.europesays.com\/de\/wp-json\/wp\/v2\/tags?post=197090"}],"curies":[{"name":"wp","href":"https:\/\/api.w.org\/{rel}","templated":true}]}}