{"id":197095,"date":"2025-06-17T10:06:10","date_gmt":"2025-06-17T10:06:10","guid":{"rendered":"https:\/\/www.europesays.com\/de\/197095\/"},"modified":"2025-06-17T10:06:10","modified_gmt":"2025-06-17T10:06:10","slug":"mann-nach-vergewaltigungen-von-chinesinnen-bei-wohnungsbesichtigungen-angeklagt","status":"publish","type":"post","link":"https:\/\/www.europesays.com\/de\/197095\/","title":{"rendered":"Mann nach Vergewaltigungen von Chinesinnen bei Wohnungsbesichtigungen angeklagt"},"content":{"rendered":"<p class=\"p1 sm:p1-medium items-start pb-[20px]\" data-selector=\"body-paragraph\" data-external-selector=\"body-elements-paragraph\" data-v-e9f390a5=\"\" data-v-d588441d=\"\">Nach einer bundesweiten Serie von Vergewaltigungen im Zusammenhang mit Wohnungsge\u00adsuchen hat die Frankfurter Staatsanwaltschaft einen 43 Jahre alten Mann aus <a class=\"rtr-entity\" data-rtr-id=\"2878eecb153cf25a1c2e55cfce77d07305dcd08e\" href=\"https:\/\/www.faz.net\/aktuell\/rhein-main\/thema\/offenbach\" title=\"Offenbach\" rel=\"nofollow noopener\" target=\"_blank\">Offenbach<\/a> angeklagt. Sie wirft ihm versuchten Mord, besonders schwere Vergewaltigung unter Beibringung sedierender Mittel, gef\u00e4hrliche K\u00f6rperverletzung, die Verbreitung gewaltpornographischer Inhalte sowie unerlaubtes Handeltreiben mit Bet\u00e4ubungs- und Arzneimitteln vor. Nach Angaben der Beh\u00f6rde soll er f\u00fcr 22 Taten in der Zeit von Januar 2020 bis November 2024 verantwortlich sein.<\/p>\n<p class=\"p1 sm:p1-medium items-start pb-[20px]\" data-selector=\"body-paragraph\" data-external-selector=\"body-elements-paragraph\" data-v-e9f390a5=\"\" data-v-d588441d=\"\">Der Mann hatte vier seiner Opfer im Alter zwischen 19 und 33 Jahren, die wie er chinesische Staatsb\u00fcrger sind, durch Wohnungsinserate kennengelernt. Laut Staatsanwaltschaft hatte er sich als Interessent ausgegeben und die Frauen w\u00e4hrend der Besichtigung \u00fcberw\u00e4ltigt, bet\u00e4ubt und vergewaltigt.<\/p>\n<p class=\"p1 sm:p1-medium items-start pb-[20px]\" data-selector=\"body-paragraph\" data-external-selector=\"body-elements-paragraph\" data-v-e9f390a5=\"\" data-v-d588441d=\"\">Bei weiteren vier Opfern soll es sich um Frauen aus dem Bekanntenkreis des Mannes handeln. Sie sollen nichts von den Taten bemerkt haben, da der Mann in allen F\u00e4llen \u201ehinterlistig\u201c vorgegangen sei, hei\u00dft es in der Mitteilung der Anklagebeh\u00f6rde. So habe er die Frauen durch die Verabreichung verschiedener verschreibungspflichtiger Schlafmittel sediert und anschlie\u00dfend im wehrlosen Zustand vergewaltigt. S\u00e4mtliche Taten soll der Mann fotografiert und gefilmt haben.<\/p>\n<p class=\"p1 sm:p1-medium items-start pb-[20px]\" data-selector=\"body-paragraph\" data-external-selector=\"body-elements-paragraph\" data-v-e9f390a5=\"\" data-v-d588441d=\"\">Bei fast allen Taten war der Staatsanwaltschaft zufolge die Dosierung der Medikamente zu hoch, was der Angeschuldigte gewusst habe. Die Opfer h\u00e4tten sich dadurch in konkreter Lebensgefahr befunden, der T\u00e4ter habe ihren Tod billigend in Kauf genommen.<\/p>\n<p class=\"p1 sm:p1-medium items-start pb-[20px]\" data-selector=\"body-paragraph\" data-external-selector=\"body-elements-paragraph\" data-v-e9f390a5=\"\" data-v-d588441d=\"\">Dar\u00fcber hinaus soll der Chinese mehrere Jahre lang Mitglied eines Netzwerks auf der Plattform <a href=\"https:\/\/www.faz.net\/aktuell\/technik-motor\/thema\/telegram\" title=\"Telegram\" rel=\"nofollow noopener\" target=\"_blank\">Telegram<\/a> gewesen sein, in dem er sich mit anderen \u00fcber sexuelle \u00dcbergriffe zum Nachteil bewusstloser Frauen, Anleitungen zur Bet\u00e4ubung von Opfern, Erfahrungen bei der Ausf\u00fchrung entsprechender Taten und Ratschl\u00e4ge zur Beschaffung der Bet\u00e4ubungsmedikamente ausgetauscht haben soll. Auch sollen dort Fotos und Videos entsprechender Taten geteilt worden sein.<\/p>\n<p class=\"p1 sm:p1-medium items-start pb-[20px]\" data-selector=\"body-paragraph\" data-external-selector=\"body-elements-paragraph\" data-v-e9f390a5=\"\" data-v-d588441d=\"\">In diesem Zusammenhang soll der Mann mehrmals und illegal sedierende Mittel an andere Chatteilnehmer verkaufte, die diese f\u00fcr \u00e4hnliche Taten h\u00e4tten nutzen wollen.<\/p>\n<p>KI-Artikelchat nutzen<\/p>\n<p>Mit der kostenlosen Registrierung nutzen Sie Vorteile wie den Merkzettel.&#13;<br \/>\n                Dies ist&#13;<br \/>\n                kein Abo und kein Zugang zu FAZ+&#13;<br \/>\n                Artikeln.<\/p>\n<p>Sie haben Zugriff mit Ihrem Digital-Abo.<\/p>\n<p>Vielen Dank f\u00fcr Ihre Registrierung<\/p>\n<p>            <a data-registered-resend=\"\" adobe-track=\"true\"\/><br \/>\n            <a data-loggedin-continue=\"\" adobe-track=\"true\"\/><br \/>\n            <a data-login=\"\" adobe-track=\"true\"\/><br \/>\n            <a data-register=\"\" adobe-track=\"true\"\/><\/p>\n","protected":false},"excerpt":{"rendered":"Nach einer bundesweiten Serie von Vergewaltigungen im Zusammenhang mit Wohnungsge\u00adsuchen hat die Frankfurter Staatsanwaltschaft einen 43 Jahre alten&hellip;\n","protected":false},"author":2,"featured_media":197096,"comment_status":"","ping_status":"","sticky":false,"template":"","format":"standard","meta":{"footnotes":""},"categories":[1829],"tags":[29,2050,2051,30,2052],"class_list":{"0":"post-197095","1":"post","2":"type-post","3":"status-publish","4":"format-standard","5":"has-post-thumbnail","7":"category-frankfurt-am-main","8":"tag-deutschland","9":"tag-frankfurt","10":"tag-frankfurt-am-main","11":"tag-germany","12":"tag-hessen"},"share_on_mastodon":{"url":"https:\/\/pubeurope.com\/@de\/114698150533268765","error":""},"_links":{"self":[{"href":"https:\/\/www.europesays.com\/de\/wp-json\/wp\/v2\/posts\/197095","targetHints":{"allow":["GET"]}}],"collection":[{"href":"https:\/\/www.europesays.com\/de\/wp-json\/wp\/v2\/posts"}],"about":[{"href":"https:\/\/www.europesays.com\/de\/wp-json\/wp\/v2\/types\/post"}],"author":[{"embeddable":true,"href":"https:\/\/www.europesays.com\/de\/wp-json\/wp\/v2\/users\/2"}],"replies":[{"embeddable":true,"href":"https:\/\/www.europesays.com\/de\/wp-json\/wp\/v2\/comments?post=197095"}],"version-history":[{"count":0,"href":"https:\/\/www.europesays.com\/de\/wp-json\/wp\/v2\/posts\/197095\/revisions"}],"wp:featuredmedia":[{"embeddable":true,"href":"https:\/\/www.europesays.com\/de\/wp-json\/wp\/v2\/media\/197096"}],"wp:attachment":[{"href":"https:\/\/www.europesays.com\/de\/wp-json\/wp\/v2\/media?parent=197095"}],"wp:term":[{"taxonomy":"category","embeddable":true,"href":"https:\/\/www.europesays.com\/de\/wp-json\/wp\/v2\/categories?post=197095"},{"taxonomy":"post_tag","embeddable":true,"href":"https:\/\/www.europesays.com\/de\/wp-json\/wp\/v2\/tags?post=197095"}],"curies":[{"name":"wp","href":"https:\/\/api.w.org\/{rel}","templated":true}]}}