{"id":197099,"date":"2025-06-17T10:08:09","date_gmt":"2025-06-17T10:08:09","guid":{"rendered":"https:\/\/www.europesays.com\/de\/197099\/"},"modified":"2025-06-17T10:08:09","modified_gmt":"2025-06-17T10:08:09","slug":"zwei-straftaetern-gelingt-die-flucht","status":"publish","type":"post","link":"https:\/\/www.europesays.com\/de\/197099\/","title":{"rendered":"Zwei Straft\u00e4tern gelingt die Flucht"},"content":{"rendered":"<p>\t\tZwei Straft\u00e4tern in NRW gelingt die Flucht<br \/>\n\t\t\t\t\tPolizei im Gro\u00dfeinsatz in K\u00f6ln und Bielefeld<\/p>\n<p>\t17.06.2025 12:00 Uhr<\/p>\n<p>\t\tTeilen<\/p>\n<p>\n\tIn Merkliste \u00fcbernehmen\n<\/p>\n<p>    <a href=\"https:\/\/www.ruhrnachrichten.de\/wp-content\/uploads\/2025\/06\/17\/10\/630_0900_4797815_w2l4hzj2ql_v2_ax_s800-1648x824.jpg\" rel=\"nofollow noopener\" target=\"_blank\"><\/p>\n<p>            <img loading=\"lazy\" decoding=\"async\" src=\"https:\/\/www.europesays.com\/de\/wp-content\/uploads\/2025\/06\/630_0900_4797814_w2l4hzj2ql_v2_ax_s800-640x428.jpg\" width=\"640\" height=\"428\"  alt=\"Ein Polizeiauto (Symbolbild).\"\/><\/p>\n<p>    <\/a><br \/>\n    Die Polizei sucht nach zwei Straft\u00e4tern in Bielefeld und K\u00f6ln. (Symbolbild) \u00a9 Friso Gentsch\/dpa<\/p>\n<p class=\"article__teaser-text\">Fast zeitgleich gelingt zwei Straft\u00e4tern in NRW die Flucht &#8211; einmal in K\u00f6ln, einmal in Ostwestfalen. Die Polizei ist im Gro\u00dfeinsatz und mahnt Autofahrer, keine Anhalter mitzunehmen.<\/p>\n<p>1 Min Lesezeit<\/p>\n<p>Flucht aus dem Ma\u00dfregelvollzugFlucht bei Gefangenen-Transport<\/p>\n<p>\n\t<a href=\"https:\/\/www.ruhrnachrichten.de\" class=\"button button--brand button--link home-button\" rel=\"nofollow noopener\" target=\"_blank\">Zur Startseite<\/a><\/p>\n","protected":false},"excerpt":{"rendered":"Zwei Straft\u00e4tern in NRW gelingt die Flucht Polizei im Gro\u00dfeinsatz in K\u00f6ln und Bielefeld 17.06.2025 12:00 Uhr Teilen&hellip;\n","protected":false},"author":2,"featured_media":197100,"comment_status":"","ping_status":"","sticky":false,"template":"","format":"standard","meta":{"footnotes":""},"categories":[1828],"tags":[1605,1950,29,30,1420,1209],"class_list":{"0":"post-197099","1":"post","2":"type-post","3":"status-publish","4":"format-standard","5":"has-post-thumbnail","7":"category-koeln","8":"tag-bielefeld","9":"tag-blaulicht","10":"tag-deutschland","11":"tag-germany","12":"tag-koeln","13":"tag-nordrhein-westfalen"},"share_on_mastodon":{"url":"https:\/\/pubeurope.com\/@de\/114698158380917802","error":""},"_links":{"self":[{"href":"https:\/\/www.europesays.com\/de\/wp-json\/wp\/v2\/posts\/197099","targetHints":{"allow":["GET"]}}],"collection":[{"href":"https:\/\/www.europesays.com\/de\/wp-json\/wp\/v2\/posts"}],"about":[{"href":"https:\/\/www.europesays.com\/de\/wp-json\/wp\/v2\/types\/post"}],"author":[{"embeddable":true,"href":"https:\/\/www.europesays.com\/de\/wp-json\/wp\/v2\/users\/2"}],"replies":[{"embeddable":true,"href":"https:\/\/www.europesays.com\/de\/wp-json\/wp\/v2\/comments?post=197099"}],"version-history":[{"count":0,"href":"https:\/\/www.europesays.com\/de\/wp-json\/wp\/v2\/posts\/197099\/revisions"}],"wp:featuredmedia":[{"embeddable":true,"href":"https:\/\/www.europesays.com\/de\/wp-json\/wp\/v2\/media\/197100"}],"wp:attachment":[{"href":"https:\/\/www.europesays.com\/de\/wp-json\/wp\/v2\/media?parent=197099"}],"wp:term":[{"taxonomy":"category","embeddable":true,"href":"https:\/\/www.europesays.com\/de\/wp-json\/wp\/v2\/categories?post=197099"},{"taxonomy":"post_tag","embeddable":true,"href":"https:\/\/www.europesays.com\/de\/wp-json\/wp\/v2\/tags?post=197099"}],"curies":[{"name":"wp","href":"https:\/\/api.w.org\/{rel}","templated":true}]}}