{"id":197400,"date":"2025-06-17T12:48:13","date_gmt":"2025-06-17T12:48:13","guid":{"rendered":"https:\/\/www.europesays.com\/de\/197400\/"},"modified":"2025-06-17T12:48:13","modified_gmt":"2025-06-17T12:48:13","slug":"so-viele-mitarbeiter-hat-oberbuergermeisterin-henriette-reker","status":"publish","type":"post","link":"https:\/\/www.europesays.com\/de\/197400\/","title":{"rendered":"So viele Mitarbeiter hat Oberb\u00fcrgermeisterin Henriette Reker"},"content":{"rendered":"<p>Neuer Bericht <\/p>\n<p>So viele Menschen arbeiten f\u00fcr OB Henriette Reker<\/p>\n<p>17.06.2025 &#8211; 14:41 UhrLesedauer: 2 Min.<\/p>\n<p><a href=\"#focus-0\" class=\"transition-colors duration-200 focus-within:text-magenta block text-current relative\" data-sctrack=\"FocusGalleryImage.Reference\"><img fetchpriority=\"high\" data-testid=\"Opener.Image\" style=\"--lqipURL:url('https:\/\/images.t-online.de\/2025\/06\/dyJAYAP4KjG8\/414x131:3291x1851\/fit-in\/150x0\/filters:blur(25)\/koelns-oberbuergermeisterin-henriette-reker-parteilos-im-briefwahlzentrum-koeln-auf-einem-pressetermin-bei-der-auszaehlung-der-briefwahlstimmen-im-briefwahlzentrum-in-der-koelnmesse-werden-die-roten-wahlbriefe-von-ehrenamtlichen-wahlhelfern-auf-ihre-gueltigkeit-ueberprueft-koeln-23-022025-nrw-deutschland-colognes-mayor-henriette-reker-non-party-at-the-postal-voting-center-in-cologne-at-a-press-event-during-the-counting-of-postal-votes-at-the-postal-voting-center-at-koelnmesse-the-red-ballot-letters-are.jpg')\"   loading=\"eager\" src=\"https:\/\/www.europesays.com\/de\/wp-content\/uploads\/2025\/06\/koelns-oberbuergermeisterin-henriette-reker-parteilos-im-briefwahlzentrum-koeln-auf-einem-presseterm.jpeg\" alt=\"imago images 0805005613\" title=\"imago images 0805005613\" width=\"3291\" height=\"1851\" class=\"bg-[url:var(--lqipURL)] bg-cover bg-center flex h-full w-full max-w-full\" decoding=\"async\"\/><img style=\"--width:32;--height:32\" loading=\"lazy\" src=\"https:\/\/www.t-online.de\/s\/paper\/_next\/static\/media\/zoom-in.f7dae02f.svg\" alt=\"Vergr\u00f6\u00dfern des Bildes\" title=\"Vergr\u00f6\u00dfern des Bildes\" class=\"block h-[calc(var(--height)_\/_16_*_1rem)] w-[calc(var(--width)_\/_16_*_1rem)] max-w-none absolute bottom-8 right-8 rounded-4 bg-snow p-8\" decoding=\"async\"\/><\/a><\/p>\n<p>K\u00f6lns Oberb\u00fcrgermeisterin Henriette Reker (parteilos): F\u00fcr sie arbeiten \u00fcberwiegend Frauen. (Quelle: IMAGO\/Christoph Hardt\/imago)<\/p>\n<p class=\"font-bold text-18 leading-17\">Die Stadt K\u00f6ln hat zahlreiche neue Details zu ihren Mitarbeitenden ver\u00f6ffentlicht. Ein Detail sticht bei Oberb\u00fcrgermeisterin Henriette Reker heraus.<\/p>\n<p class=\"text-18 leading-17\">Ein neuer Bericht \u00fcber die Personallage bei der <a class=\"transition-colors duration-200 cursor-pointer text-inherit no-underline text-salemsfur md:hover:text-magenta md:hover:border-magenta md:focus:text-magenta border-current border-b border-solid break-words\" href=\"https:\/\/www.t-online.de\/region\/koeln\/id_100762912\/koeln-400000-euro-fuer-einzelhandel-gegen-leerstaende-bereitgestellt.html\" data-sctrack=\"BodyAnchor\" target=\"_blank\" rel=\"noopener\">Stadt K\u00f6ln<\/a> gibt Aufschluss \u00fcber die Besch\u00e4ftigten in der Verwaltung und in den st\u00e4dtischen Betrieben. Die am Dienstag (17. Juni) ver\u00f6ffentlichte Statistik zeigt auch, wie viele Menschen direkt f\u00fcr die scheidende <a class=\"transition-colors duration-200 cursor-pointer text-inherit no-underline text-salemsfur md:hover:text-magenta md:hover:border-magenta md:focus:text-magenta border-current border-b border-solid break-words\" href=\"https:\/\/www.t-online.de\/region\/koeln\/id_100776526\/nationaler-veteranentag-in-koeln-reker-dankt-soldaten-verdienen-respekt-.html\" data-sctrack=\"BodyAnchor\" target=\"_blank\" rel=\"noopener\">Oberb\u00fcrgermeisterin Henriette Reker (parteilos)<\/a> arbeiten.<\/p>\n<p class=\"text-18 leading-17\">Laut dem aktuellen Personalbericht sind dabei 393 Menschen im Dezernat der Oberb\u00fcrgermeisterin besch\u00e4ftigt \u2013 <a class=\"transition-colors duration-200 cursor-pointer text-inherit no-underline text-salemsfur md:hover:text-magenta md:hover:border-magenta md:focus:text-magenta border-current border-b border-solid break-words\" href=\"https:\/\/www.t-online.de\/region\/koeln\/id_100484114\/henriette-reker-so-viele-mitarbeiter-hat-die-oberbuergermeisterin-von-koeln.html\" data-sctrack=\"BodyAnchor\" target=\"_blank\" rel=\"noopener\">drei mehr als noch im vergangenen Jahr.<\/a> Dabei sind zwei Drittel der Besch\u00e4ftigten in Rekers Arbeitsbereich Frauen \u2013 der dritth\u00f6chste Anteil in allen elf st\u00e4dtischen Dezernaten.<\/p>\n<p class=\"text-18 leading-17\">Insgesamt arbeiten 21.848 Menschen waren Ende 2024 bei der Stadt besch\u00e4ftigt \u2013 rund 350 mehr als noch im vergangenen Jahr. Die meisten Besch\u00e4ftigten fallen dabei unter das <a class=\"transition-colors duration-200 cursor-pointer text-inherit no-underline text-salemsfur md:hover:text-magenta md:hover:border-magenta md:focus:text-magenta border-current border-b border-solid break-words\" href=\"https:\/\/www.t-online.de\/region\/koeln\/id_100483908\/koeln-ob-reker-in-china-besuch-in-peking-und-shanghai-geplant.html\" data-sctrack=\"BodyAnchor\" target=\"_blank\" rel=\"noopener\">Dezernat Bildung, Jugend und Sport<\/a> mit 6.173 Besch\u00e4ftigten, gefolgt vom Dezernat f\u00fcr Allgemeine Verwaltung und Ordnung (5.725). Rekers Team ist neben den Personalr\u00e4ten (71) das kleinste.<\/p>\n<p class=\"text-18 leading-17\">Das Durchschnittsalter der Mitarbeitenden liegt dabei mit 45,4 Jahren nur minimal h\u00f6her als im vergangenen Jahr (45,3). Dabei sind 46 Prozent der Besch\u00e4ftigten zwischen 30 und 50 Jahren alt, nur rund jeder Achte ist 30 Jahre oder j\u00fcnger. 8,2 Prozent der Besch\u00e4ftigten haben eine ausl\u00e4ndische Staatsangeh\u00f6rigkeit. Mehr als die H\u00e4lfte hat dabei die t\u00fcrkische Staatsangeh\u00f6rigkeit.<\/p>\n<p class=\"text-18 leading-17\">Die <a class=\"transition-colors duration-200 cursor-pointer text-inherit no-underline text-salemsfur md:hover:text-magenta md:hover:border-magenta md:focus:text-magenta border-current border-b border-solid break-words\" href=\"https:\/\/www.t-online.de\/region\/koeln\/id_100753924\/gross-evakuierung-stadtdirektorin-dankt-koelnern-nach-bombenentschaerfung.html\" data-sctrack=\"BodyAnchor\" target=\"_blank\" rel=\"noopener\">Stadt K\u00f6ln<\/a> ist als Arbeitgeber dabei weiterhin beliebt. Alleine 2024 starteten 466 Nachwuchskr\u00e4fte ihre Ausbildungen in st\u00e4dtischen Betrieben, sie setzten sich unter mehr als 5.200 Bewerbern durch. Drei Studierende, die f\u00fcr die Stadt arbeiten und 2024 ihren Abschluss gemacht haben, wurden f\u00fcr ihre exzellenten Bachelorarbeiten ausgezeichnet.<\/p>\n<p class=\"text-18 leading-17\">Unabh\u00e4ngig von den Auszubildenden wurden 2024 rund 1.800 Menschen neu eingestellt. Dabei gab es alleine auf extern ausgeschriebene Stellen rund 17.000 Bewerbungen, fast 3.000 mehr als noch im vergangenen Jahr.<\/p>\n<p class=\"text-18 leading-17\">Die Stadt <a class=\"transition-colors duration-200 cursor-pointer text-inherit no-underline text-salemsfur md:hover:text-magenta md:hover:border-magenta md:focus:text-magenta border-current border-b border-solid break-words\" href=\"https:\/\/www.t-online.de\/region\/koeln\/\" data-sctrack=\"BodyAnchor\" target=\"_blank\" rel=\"noopener\">K\u00f6ln<\/a> will in den kommenden Jahren weiter ihre Prozesse optimieren und vor allem effizienter machen, um auch dem Fachkr\u00e4ftemangel entgegenzuwirken. <a class=\"transition-colors duration-200 cursor-pointer text-inherit no-underline text-salemsfur md:hover:text-magenta md:hover:border-magenta md:focus:text-magenta border-current border-b border-solid break-words\" href=\"https:\/\/www.t-online.de\/region\/koeln\/id_100471892\/koeln-andrea-blome-als-stadtdirektorin-wiedergewaehlt.html\" data-sctrack=\"BodyAnchor\" target=\"_blank\" rel=\"noopener\">Stadtdirektorin Andrea Blome<\/a>: &#8222;Alle diese Ma\u00dfnahmen haben ein gemeinsames Ziel: Die Stadt K\u00f6ln als moderne, attraktive Arbeitgeberin zu positionieren, Arbeitsprozesse zu verbessern und den Menschen in den Mittelpunkt zu stellen.&#8220;<\/p>\n","protected":false},"excerpt":{"rendered":"Neuer Bericht So viele Menschen arbeiten f\u00fcr OB Henriette Reker 17.06.2025 &#8211; 14:41 UhrLesedauer: 2 Min. K\u00f6lns Oberb\u00fcrgermeisterin&hellip;\n","protected":false},"author":2,"featured_media":197401,"comment_status":"","ping_status":"","sticky":false,"template":"","format":"standard","meta":{"footnotes":""},"categories":[1828],"tags":[29,30,2659,1420,1209],"class_list":{"0":"post-197400","1":"post","2":"type-post","3":"status-publish","4":"format-standard","5":"has-post-thumbnail","7":"category-koeln","8":"tag-deutschland","9":"tag-germany","10":"tag-henriette-reker","11":"tag-koeln","12":"tag-nordrhein-westfalen"},"share_on_mastodon":{"url":"https:\/\/pubeurope.com\/@de\/114698787706900922","error":""},"_links":{"self":[{"href":"https:\/\/www.europesays.com\/de\/wp-json\/wp\/v2\/posts\/197400","targetHints":{"allow":["GET"]}}],"collection":[{"href":"https:\/\/www.europesays.com\/de\/wp-json\/wp\/v2\/posts"}],"about":[{"href":"https:\/\/www.europesays.com\/de\/wp-json\/wp\/v2\/types\/post"}],"author":[{"embeddable":true,"href":"https:\/\/www.europesays.com\/de\/wp-json\/wp\/v2\/users\/2"}],"replies":[{"embeddable":true,"href":"https:\/\/www.europesays.com\/de\/wp-json\/wp\/v2\/comments?post=197400"}],"version-history":[{"count":0,"href":"https:\/\/www.europesays.com\/de\/wp-json\/wp\/v2\/posts\/197400\/revisions"}],"wp:featuredmedia":[{"embeddable":true,"href":"https:\/\/www.europesays.com\/de\/wp-json\/wp\/v2\/media\/197401"}],"wp:attachment":[{"href":"https:\/\/www.europesays.com\/de\/wp-json\/wp\/v2\/media?parent=197400"}],"wp:term":[{"taxonomy":"category","embeddable":true,"href":"https:\/\/www.europesays.com\/de\/wp-json\/wp\/v2\/categories?post=197400"},{"taxonomy":"post_tag","embeddable":true,"href":"https:\/\/www.europesays.com\/de\/wp-json\/wp\/v2\/tags?post=197400"}],"curies":[{"name":"wp","href":"https:\/\/api.w.org\/{rel}","templated":true}]}}