{"id":197410,"date":"2025-06-17T12:54:14","date_gmt":"2025-06-17T12:54:14","guid":{"rendered":"https:\/\/www.europesays.com\/de\/197410\/"},"modified":"2025-06-17T12:54:14","modified_gmt":"2025-06-17T12:54:14","slug":"brandenburger-ex-justizministerin-hoffmann-soll-staatssekretaerin-in-berlin-werden","status":"publish","type":"post","link":"https:\/\/www.europesays.com\/de\/197410\/","title":{"rendered":"Brandenburger Ex-Justizministerin Hoffmann soll Staatssekret\u00e4rin in Berlin werden"},"content":{"rendered":"<p>Die fr\u00fchere Brandenburger Justizministerin Susanne Hoffmann (CDU) soll neue Staatssekret\u00e4rin in der Berliner Justizverwaltung werden. Das teilte die Brandenburger CDU auf Instagram mit und best\u00e4tigte damit einen Bericht des <a href=\"https:\/\/www.tagesspiegel.de\/berlin\/personal-coup-fur-berliner-justiz-brandenburgs-ex-ministerin-susanne-hoffmann-wird-staatssekretarin-13840051.html\" target=\"_blank\" rel=\"nofollow noopener\">&#8222;Tagesspiegel&#8220;<\/a>.<\/p>\n<p>Inhaltlich soll Hoffmann f\u00fcr Verbraucherschutz zust\u00e4ndig sein, als Amtschefin au\u00dferdem f\u00fcr den operativen Ablauf und die Organisation der Verwaltung. F\u00fcr die CDU war Hoffmann von 2019 bis 2024 Justizministerin in Brandenburg, zuvor war sie kurzzeitig Generalstaatsanw\u00e4ltin des Landes.<\/p>\n<p>Die 65 Jahre alte geb\u00fcrtige West-Berlinerin hat fast 40 Jahre Berufserfahrung als Staatsanw\u00e4ltin, Richterin und in der Verwaltung. Nach dem Jura-Studium begann Hoffmann ihre Laufbahn 1987 bei der Staatsanwaltschaft Berlin, wo sie unter anderem f\u00fcr den Bereich organisierte Kriminalit\u00e4t zust\u00e4ndig war. 1993 wurde sie zum Kammergericht abgeordnet, ab 2000 arbeitete sie in der Strafrechtsabteilung der Justizverwaltung.<\/p>\n<p>Im November 2005 erfolgte dann der Wechsel ins Nachbarland nach Brandenburg: erst zur Generalstaatsanwaltschaft, dann mehr als zehn Jahre lang in verschiedenen Abteilungen des Justizministeriums. Ab Juni 2019 war Susanne Hoffmann f\u00fcnf Monate lang Generalstaatsanw\u00e4ltin des Landes, bevor die Brandenburger CDU sie im November 20019 als Justizministerin vorschlug (sp\u00e4ter trat sie auch in die CDU ein). Mit dem Regierungswechsel Ende 2024 schied Hoffmann aus dem Ministeramt aus.<\/p>\n<p>F\u00fcr den Job als Staatssekret\u00e4rin in Berlin ist Susanne Hoffmann eigentlich \u00fcberqualifiziert. Aber zum einen gilt sie als Mensch, der keinen Stillstand mag. F\u00fcr eine neue Herausforderung nimmt sie es offensichtlich auch in Kauf, sich hinter einer ehemaligen Amtskollegin einzureihen. Zum anderen passt Hoffmanns Alter kurz vor dem Ruhestand perfekt zur Restlaufzeit der Berliner Legislaturperiode, die im Herbst 2026 endet.<\/p>\n<p>Dass sich Berlins Justizsenatorin Felor Badenberg (CDU) f\u00fcr Hoffmann als neue Staatssekret\u00e4rin entschieden hat, bewertet die CDU Brandenburg als &#8222;starkes Zeichen&#8220;. Sie lobt Hoffmann als &#8222;durchsetzungsf\u00e4hig&#8220; und Mensch mit &#8222;immer klarem Kompass&#8220;.<\/p>\n<p>Die Berliner Justizverwaltung best\u00e4tigt die Personalie bisher nicht offiziell, der Senat muss noch zustimmen. Hoffmann ersetzt Ex-Staatssekret\u00e4rin Esther Uleer, die unter der neuen schwarz-roten Bundesregierung jetzt stellvertretende Leiterin im Bundespresseamt ist.<\/p>\n<p>Sendung: rbb24 Inforadio, 17.06.2025, 11:40 Uhr<\/p>\n","protected":false},"excerpt":{"rendered":"Die fr\u00fchere Brandenburger Justizministerin Susanne Hoffmann (CDU) soll neue Staatssekret\u00e4rin in der Berliner Justizverwaltung werden. Das teilte die&hellip;\n","protected":false},"author":2,"featured_media":197411,"comment_status":"","ping_status":"","sticky":false,"template":"","format":"standard","meta":{"footnotes":""},"categories":[1825],"tags":[1941,1939,296,1937,29,30,1940,1938],"class_list":{"0":"post-197410","1":"post","2":"type-post","3":"status-publish","4":"format-standard","5":"has-post-thumbnail","7":"category-berlin","8":"tag-aktuelle-nachrichten-aus-berlin","9":"tag-aktuelle-news-aus-berlin","10":"tag-berlin","11":"tag-berlin-news","12":"tag-deutschland","13":"tag-germany","14":"tag-nachrichten-aus-berlin","15":"tag-news-aus-berlin"},"share_on_mastodon":{"url":"https:\/\/pubeurope.com\/@de\/114698811108597082","error":""},"_links":{"self":[{"href":"https:\/\/www.europesays.com\/de\/wp-json\/wp\/v2\/posts\/197410","targetHints":{"allow":["GET"]}}],"collection":[{"href":"https:\/\/www.europesays.com\/de\/wp-json\/wp\/v2\/posts"}],"about":[{"href":"https:\/\/www.europesays.com\/de\/wp-json\/wp\/v2\/types\/post"}],"author":[{"embeddable":true,"href":"https:\/\/www.europesays.com\/de\/wp-json\/wp\/v2\/users\/2"}],"replies":[{"embeddable":true,"href":"https:\/\/www.europesays.com\/de\/wp-json\/wp\/v2\/comments?post=197410"}],"version-history":[{"count":0,"href":"https:\/\/www.europesays.com\/de\/wp-json\/wp\/v2\/posts\/197410\/revisions"}],"wp:featuredmedia":[{"embeddable":true,"href":"https:\/\/www.europesays.com\/de\/wp-json\/wp\/v2\/media\/197411"}],"wp:attachment":[{"href":"https:\/\/www.europesays.com\/de\/wp-json\/wp\/v2\/media?parent=197410"}],"wp:term":[{"taxonomy":"category","embeddable":true,"href":"https:\/\/www.europesays.com\/de\/wp-json\/wp\/v2\/categories?post=197410"},{"taxonomy":"post_tag","embeddable":true,"href":"https:\/\/www.europesays.com\/de\/wp-json\/wp\/v2\/tags?post=197410"}],"curies":[{"name":"wp","href":"https:\/\/api.w.org\/{rel}","templated":true}]}}