{"id":197420,"date":"2025-06-17T12:59:15","date_gmt":"2025-06-17T12:59:15","guid":{"rendered":"https:\/\/www.europesays.com\/de\/197420\/"},"modified":"2025-06-17T12:59:15","modified_gmt":"2025-06-17T12:59:15","slug":"jessica-alba-verliert-ueberraschende-worte-ueber-ex-cash-warren","status":"publish","type":"post","link":"https:\/\/www.europesays.com\/de\/197420\/","title":{"rendered":"Jessica Alba verliert \u00fcberraschende Worte \u00fcber Ex Cash Warren"},"content":{"rendered":"<p>Jessica Alba<br \/>\n\u00dcberraschende Worte \u00fcber Cash Warren nach Trennung<\/p>\n<p><img class=\"image image-element__image\"   src=\"https:\/\/www.europesays.com\/de\/wp-content\/uploads\/2025\/06\/jessica-alba-cash-warren.jpg\" alt=\"Jessica Alba und Cash Warren\" decoding=\"async\" fetchpriority=\"high\" loading=\"eager\"\/><br \/>\n<a href=\"https:\/\/image.gala.de\/24398478\/t\/iS\/v3\/w2048\/r1.5\/-\/jessica-alba-cash-warren.jpg#ABACAPRESS%20%2F%20imago%20images\" class=\"image__magnifier\" aria-label=\"Vergr\u00f6\u00dfern\" rel=\"nofollow noopener\" target=\"_blank\"><\/p>\n<p> <a href=\"https:\/\/www.gala.de\/stars\/starportraets\/jessica-alba-20509744.html\" data-article-type=\"star-portrait\" rel=\"nofollow noopener\" target=\"_blank\">Jessica Alba<\/a> und Cash Warren <\/p>\n<p>\u00a9 ABACAPRESS \/ imago images<\/p>\n<p>\nDie Star-News des Tages im GALA-Ticker: Jessica Alba verliert \u00fcberraschende Worte \u00fcber Ex Cash Warren +++ Claudia Schiffer postet bewegendes Hochzeitsfoto mit Papa Heinz +++ Heidi Klums Sohn Johan teilt privates Foto mit Papa Seal.\n<\/p>\n<p>Die Star-News des Tages im GALA-Ticker<\/p>\n<p>17. Juni 2025<\/p>\n<p>Jessica Alba verliert \u00fcberraschende Worte \u00fcber Ex Cash Warren<\/p>\n<p class=\"text-element u-richtext u-typo u-typo--article-text article__text-element text-element--context-article\"> <a class=\"link--person\" data-target-type=\"article\" href=\"https:\/\/www.gala.de\/stars\/starportraets\/jessica-alba-20509744.html\" rel=\"nofollow noopener\" target=\"_blank\">Jessica Alba<\/a>, 44, hat im Januar dieses Jahres best\u00e4tigt, dass sie und <a class=\"\" data-target-type=\"article\" href=\"https:\/\/www.gala.de\/stars\/themen\/cash-warren-20962422.html\" rel=\"nofollow noopener\" target=\"_blank\">Cash Warren<\/a>, 46, nach 16 Ehejahren <a data-target-type=\"article\" href=\"https:\/\/www.gala.de\/stars\/news\/jessica-alba--erstes-statement-zur-trennung-von-ehemann-cash-warren-24277196.html\" rel=\"nofollow noopener\" target=\"_blank\">getrennte Wege gehen<\/a>. &#8222;Ich bin stolz darauf, wie wir als Paar und in unserer Ehe in den letzten 20 Jahren gewachsen sind, und jetzt ist es an der Zeit, dass wir ein neues Kapitel des Wachstums und der Evolution als Individuen beginnen&#8220;, teilte die Schauspielerin auf Instagram mit. Das Wohl ihrer drei gemeinsamen Kinder Honor, 17, Haven, 13, und Hayes, 7, stehe an oberster Stelle.<\/p>\n<p class=\"text-element u-richtext u-typo u-typo--article-text article__text-element text-element--context-article\"> F\u00fcnf Monate sp\u00e4ter richtet die &#8222;Honey&#8220;-Darstellerin in den sozialen Medien nun das Wort an ihren Ex. Anl\u00e4sslich des Vatertags, der in den USA am 15. Juni gefeiert wurde, schw\u00e4rmt die Aktrice von ihrem Noch-Ehemann. In ihrer Instagram-Story postet sie ein Bild von dem Produzenten mit den drei gemeinsamen Kindern. &#8222;Unsere Babys k\u00f6nnten keinen besseren Vater haben \u2013 warmherzig, freundlich. Immer da. Immer wei\u00df er genau, was er sagen muss. Ich bewundere deine Geduld und die Art, wie du ihnen Raum gibst&#8220;, schreibt Jessica Alba und f\u00fcgt hinzu: &#8222;Du gibst ihnen nach jedem Gespr\u00e4ch ein Gef\u00fchl von Sicherheit und Leichtigkeit. Danke, dass du ihr Fels in der Brandung bist.&#8220;<\/p>\n<p><img class=\"image image-element__image\"   src=\"https:\/\/www.europesays.com\/de\/wp-content\/uploads\/2025\/06\/jessica-alba-insta.jpg\" alt=\"Jessica Alba: \u00dcberraschende Worte \u00fcber Cash Warren nach Trennung\" decoding=\"async\" fetchpriority=\"auto\" loading=\"lazy\"\/><br \/>\n<a href=\"https:\/\/image.gala.de\/24398596\/t\/LG\/v3\/w2048\/r0\/-\/jessica-alba-insta.jpg#instagram.com%2Fjessicaalba\" class=\"image__magnifier\" aria-label=\"Vergr\u00f6\u00dfern\" rel=\"nofollow noopener\" target=\"_blank\"><\/p>\n<p>\u00a9 instagram.com\/jessicaalba<\/p>\n<p>16. Juni 2025<\/p>\n<p>Claudia Schiffer postet bewegendes Hochzeitsfoto mit Papa Heinz<\/p>\n<p class=\"text-element u-richtext u-typo u-typo--article-text article__text-element text-element--context-article\"> In Gro\u00dfbritannien und den USA wurde der diesj\u00e4hrige Vatertag am Sonntag, 15. Juni, gefeiert. Zu diesem Anlass erinnert <a class=\"link--person\" data-target-type=\"article\" href=\"https:\/\/www.gala.de\/stars\/starportraets\/claudia-schiffer-20518740.html\" rel=\"nofollow noopener\" target=\"_blank\">Claudia Schiffer<\/a>, 54, an ihren Vater Heinz, der 2007 im Alter von 66 Jahren gestorben ist. F\u00fcnf Jahre zuvor hatte er seine Tochter noch zum Altar gef\u00fchrt, als das Model <a class=\"link--person\" data-target-type=\"article\" href=\"https:\/\/www.gala.de\/stars\/starportraets\/matthew-vaughn-20582930.html\" rel=\"nofollow noopener\" target=\"_blank\">Matthew Vaughn<\/a>, 54, heiratete.<\/p>\n<p class=\"text-element u-richtext u-typo u-typo--article-text article__text-element text-element--context-article\"> Auf ihrem Instagram-Account postet Schiffer nun einen Schnappschuss, auf dem sie nach der Trauung mit ihrem Papa \u00fcber das Parkett wirbelt. &#8222;Vater-Tochter-Tanz auf meiner Hochzeit zu Hause in der N\u00e4he von Cambridge. Eine sch\u00f6ne Erinnerung zum Vatertag&#8220;, schreibt die dreifache Mutter zu der emotionalen Aufnahme.<\/p>\n<p>Heidi Klums Sohn Johan teilt niedliches Throwback-Foto mit Papa Seal<\/p>\n<p class=\"text-element u-richtext u-typo u-typo--article-text article__text-element text-element--context-article\"> Vor wenigen Tagen hat <a class=\"\" data-target-type=\"article\" href=\"https:\/\/www.gala.de\/stars\/starportraets\/themen\/johan-samuel-21013908.html\" rel=\"nofollow noopener\" target=\"_blank\">Johan Samuel<\/a>, 18, seinen Highschool-Abschluss gemacht. Seine Eltern und Geschwister haben ordentlich mit dem Absolventen gefeiert. &#8222;Ich feuere dich heute und an jedem einzelnen Tag an, Gl\u00fcckwunsch Johan. Mein Herz ist voller Freude und Stolz&#8220;, betonte <a class=\"link--person\" data-target-type=\"article\" href=\"https:\/\/www.gala.de\/stars\/starportraets\/heidi-klum-20514738.html\" rel=\"nofollow noopener\" target=\"_blank\">Heidi Klum<\/a>, 52, zu mehreren Clips der Zeremonie in ihrer Instagram-Story.<\/p>\n<p class=\"text-element u-richtext u-typo u-typo--article-text article__text-element text-element--context-article\"> Nat\u00fcrlich waren auch Bruder Henry, 19, und seine Schwestern Leni, 21, und Lou, 15, mit von der Partie \u2013 ebenso wie Papa Seal, 62. Wie Fotos zeigten, sind Heidi und ihr Ex-Mann bei dem besonderen Event sehr herzlich miteinander umgegangen. Kurz nach der Graduation feiert Johan nun seinen Vater in den sozialen Medien. Der 18-J\u00e4hrige teilt ein Vater-Sohn-Bild aus vergangenen Zeiten: Darauf posiert er gemeinsam mit dem Musiker strahlend am Strand. &#8222;Alles Gute zum Vatertag, Dad&#8220;, schreibt der Teenager dazu.<\/p>\n<p><img class=\"image image-element__image\"   src=\"https:\/\/www.europesays.com\/de\/wp-content\/uploads\/2025\/06\/johan-samuel-insta.jpg\" alt=\"Jessica Alba: \u00dcberraschende Worte \u00fcber Cash Warren nach Trennung\" decoding=\"async\" fetchpriority=\"auto\" loading=\"lazy\"\/><br \/>\n<a href=\"https:\/\/image.gala.de\/24397410\/t\/rL\/v5\/w2048\/r0\/-\/johan-samuel-insta.jpg#instagram.com%2Fj.smuel\" class=\"image__magnifier\" aria-label=\"Vergr\u00f6\u00dfern\" rel=\"nofollow noopener\" target=\"_blank\"><\/p>\n<p>\u00a9 instagram.com\/j.smuel<\/p>\n<p>Haben Sie Star-News verpasst?<\/p>\n<p class=\"text-element u-richtext u-typo u-typo--article-text article__text-element text-element--context-article\"> Die spannendsten Nachrichten und Informationen rund um internationale und deutsche Promis sowie Neuigkeiten aus Hollywood k\u00f6nnen Sie in unserem Stars-Ticker aus der vergangenen Woche nachlesen. Dort finden Sie alle <a data-target-type=\"article\" href=\"https:\/\/www.gala.de\/stars\/news\/sarah-connor-wird-45--ehemann-florian-teilt-liebevolle-glueckwuensche-24392214.html\" rel=\"nofollow noopener\" target=\"_blank\">Promi-News auf einen Blick<\/a>.<\/p>\n<p class=\"text-element u-richtext u-typo u-typo--article-text article__text-element text-element--context-article\"> Verwendete Quellen: instagram.com<\/p>\n<p>\nsti<br \/>\nGala\n<\/p>\n<p>#Themen<\/p>\n<p><script async src=\"\/\/www.instagram.com\/embed.js\"><\/script><\/p>\n","protected":false},"excerpt":{"rendered":"Jessica Alba \u00dcberraschende Worte \u00fcber Cash Warren nach Trennung Jessica Alba und Cash Warren \u00a9 ABACAPRESS \/ imago&hellip;\n","protected":false},"author":2,"featured_media":197421,"comment_status":"","ping_status":"","sticky":false,"template":"","format":"standard","meta":{"footnotes":""},"categories":[1776],"tags":[1801,29,214,30,1802,215],"class_list":{"0":"post-197420","1":"post","2":"type-post","3":"status-publish","4":"format-standard","5":"has-post-thumbnail","7":"category-prominente","8":"tag-celebrities","9":"tag-deutschland","10":"tag-entertainment","11":"tag-germany","12":"tag-prominente","13":"tag-unterhaltung"},"share_on_mastodon":{"url":"https:\/\/pubeurope.com\/@de\/114698831435666381","error":""},"_links":{"self":[{"href":"https:\/\/www.europesays.com\/de\/wp-json\/wp\/v2\/posts\/197420","targetHints":{"allow":["GET"]}}],"collection":[{"href":"https:\/\/www.europesays.com\/de\/wp-json\/wp\/v2\/posts"}],"about":[{"href":"https:\/\/www.europesays.com\/de\/wp-json\/wp\/v2\/types\/post"}],"author":[{"embeddable":true,"href":"https:\/\/www.europesays.com\/de\/wp-json\/wp\/v2\/users\/2"}],"replies":[{"embeddable":true,"href":"https:\/\/www.europesays.com\/de\/wp-json\/wp\/v2\/comments?post=197420"}],"version-history":[{"count":0,"href":"https:\/\/www.europesays.com\/de\/wp-json\/wp\/v2\/posts\/197420\/revisions"}],"wp:featuredmedia":[{"embeddable":true,"href":"https:\/\/www.europesays.com\/de\/wp-json\/wp\/v2\/media\/197421"}],"wp:attachment":[{"href":"https:\/\/www.europesays.com\/de\/wp-json\/wp\/v2\/media?parent=197420"}],"wp:term":[{"taxonomy":"category","embeddable":true,"href":"https:\/\/www.europesays.com\/de\/wp-json\/wp\/v2\/categories?post=197420"},{"taxonomy":"post_tag","embeddable":true,"href":"https:\/\/www.europesays.com\/de\/wp-json\/wp\/v2\/tags?post=197420"}],"curies":[{"name":"wp","href":"https:\/\/api.w.org\/{rel}","templated":true}]}}