{"id":197428,"date":"2025-06-17T13:03:09","date_gmt":"2025-06-17T13:03:09","guid":{"rendered":"https:\/\/www.europesays.com\/de\/197428\/"},"modified":"2025-06-17T13:03:09","modified_gmt":"2025-06-17T13:03:09","slug":"koeln-bombenfund-in-rodenkirchen-entschaerfung-noch-heute","status":"publish","type":"post","link":"https:\/\/www.europesays.com\/de\/197428\/","title":{"rendered":"K\u00f6ln: Bombenfund in Rodenkirchen \u2013 Entsch\u00e4rfung noch heute"},"content":{"rendered":"<p class=\"dm-paragraph my-8 dm-article-content-width\" index=\"0\" should-collapse-on-mobile=\"true\" has-padding=\"\" data-v-586984a4=\"\">Zu dem Gefahrenbereich z\u00e4hlen die Stra\u00dfen unter anderem der Fuchskaulenweg\/Ecke Auf dem Stumpelrott und der Untere Wei\u00dfe Weg in H\u00f6he der Kl\u00e4ranlage. Die Zweieinhalb-Zentner Bombe muss noch heute entsch\u00e4rft werden, wie die Stadt K\u00f6ln mitteilte.<\/p>\n<p class=\"dm-paragraph my-8 dm-article-content-width\" index=\"1\" should-collapse-on-mobile=\"true\" has-padding=\"\" data-v-586984a4=\"\">Der finale Gefahrenbereich wurde vom KBD (Kampfmittelbeseitigungsdienst) mit einem Radius von 300 Metern festgelegt. Etwa 20 Personen werden von Evakuierungen betroffen sein.<\/p>\n<p class=\"dm-paragraph my-8 dm-article-content-width\" index=\"2\" should-collapse-on-mobile=\"true\" has-padding=\"\" data-v-586984a4=\"\">Mehr Infos folgen in K\u00fcrze an dieser Stelle. (red)<\/p>\n","protected":false},"excerpt":{"rendered":"Zu dem Gefahrenbereich z\u00e4hlen die Stra\u00dfen unter anderem der Fuchskaulenweg\/Ecke Auf dem Stumpelrott und der Untere Wei\u00dfe Weg&hellip;\n","protected":false},"author":2,"featured_media":197429,"comment_status":"","ping_status":"","sticky":false,"template":"","format":"standard","meta":{"footnotes":""},"categories":[1772],"tags":[29,214,30,1779,810,215],"class_list":{"0":"post-197428","1":"post","2":"type-post","3":"status-publish","4":"format-standard","5":"has-post-thumbnail","7":"category-musik","8":"tag-deutschland","9":"tag-entertainment","10":"tag-germany","11":"tag-music","12":"tag-musik","13":"tag-unterhaltung"},"share_on_mastodon":{"url":"https:\/\/pubeurope.com\/@de\/114698846728671588","error":""},"_links":{"self":[{"href":"https:\/\/www.europesays.com\/de\/wp-json\/wp\/v2\/posts\/197428","targetHints":{"allow":["GET"]}}],"collection":[{"href":"https:\/\/www.europesays.com\/de\/wp-json\/wp\/v2\/posts"}],"about":[{"href":"https:\/\/www.europesays.com\/de\/wp-json\/wp\/v2\/types\/post"}],"author":[{"embeddable":true,"href":"https:\/\/www.europesays.com\/de\/wp-json\/wp\/v2\/users\/2"}],"replies":[{"embeddable":true,"href":"https:\/\/www.europesays.com\/de\/wp-json\/wp\/v2\/comments?post=197428"}],"version-history":[{"count":0,"href":"https:\/\/www.europesays.com\/de\/wp-json\/wp\/v2\/posts\/197428\/revisions"}],"wp:featuredmedia":[{"embeddable":true,"href":"https:\/\/www.europesays.com\/de\/wp-json\/wp\/v2\/media\/197429"}],"wp:attachment":[{"href":"https:\/\/www.europesays.com\/de\/wp-json\/wp\/v2\/media?parent=197428"}],"wp:term":[{"taxonomy":"category","embeddable":true,"href":"https:\/\/www.europesays.com\/de\/wp-json\/wp\/v2\/categories?post=197428"},{"taxonomy":"post_tag","embeddable":true,"href":"https:\/\/www.europesays.com\/de\/wp-json\/wp\/v2\/tags?post=197428"}],"curies":[{"name":"wp","href":"https:\/\/api.w.org\/{rel}","templated":true}]}}