{"id":197440,"date":"2025-06-17T13:09:10","date_gmt":"2025-06-17T13:09:10","guid":{"rendered":"https:\/\/www.europesays.com\/de\/197440\/"},"modified":"2025-06-17T13:09:10","modified_gmt":"2025-06-17T13:09:10","slug":"mehr-als-300-000-mal-gekauft-vorwerk-hat-grosse-ziele-mit-dem-neuen-thermomix","status":"publish","type":"post","link":"https:\/\/www.europesays.com\/de\/197440\/","title":{"rendered":"Mehr als 300.000 Mal gekauft: Vorwerk hat gro\u00dfe Ziele mit dem neuen Thermomix"},"content":{"rendered":"<p>                    Mehr als 300.000 Mal gekauft<br \/>\n                Vorwerk hat gro\u00dfe Ziele mit dem neuen Thermomix<\/p>\n<p>\t\t\t\t              17.06.2025, 14:08 Uhr<\/p>\n<p>\t\t\t\t\t       Artikel anh\u00f6ren<\/p>\n<p>\t\t\t\t\t\t\tDiese Audioversion wurde k\u00fcnstlich generiert. <a href=\"https:\/\/www.n-tv.de\/23249898\" target=\"_blank\" rel=\"noopener\">Mehr Infos<\/a><\/p>\n<p><strong>Nach sechs Jahren hat Vorwerk mit dem Modell TM7 im Februar eine neue Generation seiner bekannten K\u00fcchenmaschine auf den Markt gebracht. Bereits 300.000 Ger\u00e4te sind bestellt, die Nachfrage \u00fcbertrifft die Erwartungen. Doch Kunden in Deutschland m\u00fcssen sich auf lange Lieferzeiten einstellen.<\/strong><\/p>\n<p>Der neue Thermomix ist bei Kunden gefragt. K\u00fcchenmaschinenhersteller Vorwerk ist mit dem Verkaufsstart zufrieden. Mehr als 300.000 Ger\u00e4te seien bereits bestellt worden, wie Vorstandssprecher Thomas Stoffmehl erkl\u00e4rte. Die Zahl \u00fcbertreffe die Erwartungen. <\/p>\n<p>   <a title=\"FRIEDRICH VORWERK GROUP SE INHABER-AKTIEN O.N.\" href=\"https:\/\/www.n-tv.de\/boersenkurse\/aktien\/frvorwerk grp se inh on-5447686\" target=\"_blank\" rel=\"noopener\">  <img decoding=\"async\" src=\"https:\/\/www.europesays.com\/de\/wp-content\/uploads\/2025\/06\/1750165750_328_chartNG.gfn\" alt=\"Friedrich Vorwerk\" class=\"lazyload\"\/>   <strong>Friedrich Vorwerk<\/strong>  58,10  <\/a>  <\/p>\n<p>Nach sechs Jahren hat das Unternehmen mit dem Modell TM7 im Februar eine neue Generation seiner bekannten K\u00fcchenmaschine auf den Markt gebracht. Vorwerk will in diesem Jahr zwei Milliarden Euro mit dem Thermomix umsetzen. Das w\u00e4ren knapp 18 Prozent mehr als 2024 &#8211; und so viel wie nie zuvor. Das neue Modell wird seit April ausgeliefert. Bei K\u00e4ufern ist jedoch etwas Geduld gefragt. Die Lieferzeit betr\u00e4gt in Deutschland laut Hersteller aktuell rund 18 Wochen. <\/p>\n<p>Der TM7 verf\u00fcgt laut Vorwerk \u00fcber mehrere Neuheiten. Demnach soll es unter anderem erstmals m\u00f6glich sein, Lebensmittel und Gerichte ohne Deckel zu garen. Mit 1.549 Euro kostet das Ger\u00e4t 50 Euro mehr als sein Vorg\u00e4nger. Hergestellt wird die K\u00fcchenmaschine in Wuppertal sowie in zwei Fabriken in Frankreich. Das eigens f\u00fcr den TM7 gebaute Werk in Donnemain-Saint-Mam\u00e8s soll die Produktion kr\u00e4ftig ankurbeln. <\/p>\n<p>Den Thermomix gibt es nicht in Gesch\u00e4ften zu kaufen, er wird per Direktvertrieb unter die Leute gebracht. Selbstst\u00e4ndige Berater pr\u00e4sentieren die K\u00fcchenmaschine bei Veranstaltungen und sogenannten Thermomix-Partys. Andere Hersteller wie Bosch, Xiaomi, Moulinex und Kenwood bieten vergleichbare Ger\u00e4te an. F\u00fcr Vorwerk ist der 1971 erfundene Thermomix das wichtigste Produkt. Das Wuppertaler Familienunternehmen hat 2024 weltweit 1,2 Millionen St\u00fcck verkauft. Etwas mehr als die H\u00e4lfte des Konzernumsatzes entfiel zuletzt auf den Thermomix, der in 58 L\u00e4ndern angeboten wird. <\/p>\n<p>Insgesamt setzte die Vorwerk-Gruppe im vergangenen Jahr rund 3,2 Milliarden Euro um und damit in etwa so viel wie 2023. Der Konzern\u00fcberschuss war mit knapp 99 Millionen Euro etwas geringer als im Vorjahr, als es 133 Millionen Euro waren. Vorwerk begr\u00fcndet dies unter anderem mit hohen Ausgaben f\u00fcr die Entwicklung des TM7. Das zweitwichtigste Produkt im Sortiment schw\u00e4chelte zuletzt allerdings. <\/p>\n<p>Das Staubsauger-Modell Kobold blieb hinter den Erwartungen zur\u00fcck, wie das Unternehmen erkl\u00e4rte. Der Umsatz ging 2024 um knapp zehn Prozent zur\u00fcck. Deutlich zulegen konnte Vorwerk derweil mit Cookidoo. Die Plattform, die Rezepte f\u00fcr den Thermomix bietet, hat rund 6 Millionen Abonnenten, 900.000 mehr als vor einem Jahr. Vorwerk wurde 1883 gegr\u00fcndet und ist das gr\u00f6\u00dfte europ\u00e4ische Direktvertriebsunternehmen.<\/p>\n","protected":false},"excerpt":{"rendered":"Mehr als 300.000 Mal gekauft Vorwerk hat gro\u00dfe Ziele mit dem neuen Thermomix 17.06.2025, 14:08 Uhr Artikel anh\u00f6ren&hellip;\n","protected":false},"author":2,"featured_media":197441,"comment_status":"","ping_status":"","sticky":false,"template":"","format":"standard","meta":{"footnotes":""},"categories":[134],"tags":[175,170,169,29,30,171,174,30305,173,172,55],"class_list":{"0":"post-197440","1":"post","2":"type-post","3":"status-publish","4":"format-standard","5":"has-post-thumbnail","7":"category-unternehmen-maerkte","8":"tag-business","9":"tag-companies","10":"tag-companies-markets","11":"tag-deutschland","12":"tag-germany","13":"tag-markets","14":"tag-maerkte","15":"tag-thermomix","16":"tag-unternehmen","17":"tag-unternehmen-maerkte","18":"tag-wirtschaft"},"share_on_mastodon":{"url":"https:\/\/pubeurope.com\/@de\/114698870091978721","error":""},"_links":{"self":[{"href":"https:\/\/www.europesays.com\/de\/wp-json\/wp\/v2\/posts\/197440","targetHints":{"allow":["GET"]}}],"collection":[{"href":"https:\/\/www.europesays.com\/de\/wp-json\/wp\/v2\/posts"}],"about":[{"href":"https:\/\/www.europesays.com\/de\/wp-json\/wp\/v2\/types\/post"}],"author":[{"embeddable":true,"href":"https:\/\/www.europesays.com\/de\/wp-json\/wp\/v2\/users\/2"}],"replies":[{"embeddable":true,"href":"https:\/\/www.europesays.com\/de\/wp-json\/wp\/v2\/comments?post=197440"}],"version-history":[{"count":0,"href":"https:\/\/www.europesays.com\/de\/wp-json\/wp\/v2\/posts\/197440\/revisions"}],"wp:featuredmedia":[{"embeddable":true,"href":"https:\/\/www.europesays.com\/de\/wp-json\/wp\/v2\/media\/197441"}],"wp:attachment":[{"href":"https:\/\/www.europesays.com\/de\/wp-json\/wp\/v2\/media?parent=197440"}],"wp:term":[{"taxonomy":"category","embeddable":true,"href":"https:\/\/www.europesays.com\/de\/wp-json\/wp\/v2\/categories?post=197440"},{"taxonomy":"post_tag","embeddable":true,"href":"https:\/\/www.europesays.com\/de\/wp-json\/wp\/v2\/tags?post=197440"}],"curies":[{"name":"wp","href":"https:\/\/api.w.org\/{rel}","templated":true}]}}