{"id":197466,"date":"2025-06-17T13:22:10","date_gmt":"2025-06-17T13:22:10","guid":{"rendered":"https:\/\/www.europesays.com\/de\/197466\/"},"modified":"2025-06-17T13:22:10","modified_gmt":"2025-06-17T13:22:10","slug":"mannheim-jugendliche-werfen-holzblock-von-bruecke-auf-a656-polizeiberichte-aus-rhein-neckar-odenwald","status":"publish","type":"post","link":"https:\/\/www.europesays.com\/de\/197466\/","title":{"rendered":"Mannheim: Jugendliche werfen Holzblock von Br\u00fccke auf A656 &#8211; Polizeiberichte aus Rhein-Neckar-Odenwald"},"content":{"rendered":"<p>Mannheim. (pol\/mare) Zwei Jugendliche haben einen Holzblock von einer Br\u00fccke auf die Autobahn A656 bei Mannheim geworfen. Das berichtet die Polizei.<\/p>\n<p>Am Freitagmorgen gegen 7.45 Uhr warfen demnach zwei bislang unbekannte Jugendliche einen etwa 40 x 40 Zentimeter gro\u00dfen Holzblock von der Br\u00fccken\u00fcberquerung Holzweg auf die Autobahn. Dabei streifte der herunterfallende Holzblock das Fahrzeug einer 35-J\u00e4hrigen, die gerade auf der Autobahn fuhr.<\/p>\n<p>Im Weiteren geriet der Holzblock unter die Frontsto\u00dfstange des Mitsubishi, rollte unter dem Unterboden entlang und wirbelte an der Fahrzeugr\u00fcckseite nach oben, sodass die Hecksto\u00dfstange besch\u00e4digt wurde. Verletzt wurde niemand. Die H\u00f6he des Sachschadens an dem Mitsubishi kann bislang nicht beziffert werden.<\/p>\n<p>Der Polizeiposten Mannheim-Seckenheim hat nun die weiteren Ermittlungen wegen des gef\u00e4hrlichen Eingriffs in den Stra\u00dfenverkehr eingeleitet und sucht nun nach Zeugen. Diese k\u00f6nnen sich unter der Telefon 0621\/48971 oder beim Polizeirevier Ladenburg unter der Nummer 06203\/93050 melden.<\/p>\n","protected":false},"excerpt":{"rendered":"Mannheim. (pol\/mare) Zwei Jugendliche haben einen Holzblock von einer Br\u00fccke auf die Autobahn A656 bei Mannheim geworfen. Das&hellip;\n","protected":false},"author":2,"featured_media":197467,"comment_status":"","ping_status":"","sticky":false,"template":"","format":"standard","meta":{"footnotes":""},"categories":[1845],"tags":[1634,3364,29,548,663,3934,30,13,2096,14,15,17343,12],"class_list":{"0":"post-197466","1":"post","2":"type-post","3":"status-publish","4":"format-standard","5":"has-post-thumbnail","7":"category-mannheim","8":"tag-baden-wuerttemberg","9":"tag-de","10":"tag-deutschland","11":"tag-eu","12":"tag-europa","13":"tag-europe","14":"tag-germany","15":"tag-headlines","16":"tag-mannheim","17":"tag-nachrichten","18":"tag-news","19":"tag-polizei-blaulicht-heidelberg-mannheim-rhein-neckar-metropolregion-sinsheim-kraichgau-neckarodenwald-odenwald-bauland-heilbronn","20":"tag-schlagzeilen"},"share_on_mastodon":{"url":"https:\/\/pubeurope.com\/@de\/114698921192850207","error":""},"_links":{"self":[{"href":"https:\/\/www.europesays.com\/de\/wp-json\/wp\/v2\/posts\/197466","targetHints":{"allow":["GET"]}}],"collection":[{"href":"https:\/\/www.europesays.com\/de\/wp-json\/wp\/v2\/posts"}],"about":[{"href":"https:\/\/www.europesays.com\/de\/wp-json\/wp\/v2\/types\/post"}],"author":[{"embeddable":true,"href":"https:\/\/www.europesays.com\/de\/wp-json\/wp\/v2\/users\/2"}],"replies":[{"embeddable":true,"href":"https:\/\/www.europesays.com\/de\/wp-json\/wp\/v2\/comments?post=197466"}],"version-history":[{"count":0,"href":"https:\/\/www.europesays.com\/de\/wp-json\/wp\/v2\/posts\/197466\/revisions"}],"wp:featuredmedia":[{"embeddable":true,"href":"https:\/\/www.europesays.com\/de\/wp-json\/wp\/v2\/media\/197467"}],"wp:attachment":[{"href":"https:\/\/www.europesays.com\/de\/wp-json\/wp\/v2\/media?parent=197466"}],"wp:term":[{"taxonomy":"category","embeddable":true,"href":"https:\/\/www.europesays.com\/de\/wp-json\/wp\/v2\/categories?post=197466"},{"taxonomy":"post_tag","embeddable":true,"href":"https:\/\/www.europesays.com\/de\/wp-json\/wp\/v2\/tags?post=197466"}],"curies":[{"name":"wp","href":"https:\/\/api.w.org\/{rel}","templated":true}]}}