{"id":197468,"date":"2025-06-17T13:23:09","date_gmt":"2025-06-17T13:23:09","guid":{"rendered":"https:\/\/www.europesays.com\/de\/197468\/"},"modified":"2025-06-17T13:23:09","modified_gmt":"2025-06-17T13:23:09","slug":"gba-festnahme-eines-mutmasslichen-mitglieds-der-auslaendischen-terroristischen","status":"publish","type":"post","link":"https:\/\/www.europesays.com\/de\/197468\/","title":{"rendered":"GBA: Festnahme eines mutma\u00dflichen Mitglieds der ausl\u00e4ndischen terroristischen &#8230;"},"content":{"rendered":"<p class=\"date\">17.06.2025 \u2013 15:02<\/p>\n<p class=\"customer\">\n                        <a class=\"story-customer\" title=\"weiter zum newsroom von Der Generalbundesanwalt beim Bundesgerichtshof (GBA)\" href=\"https:\/\/www.presseportal.de\/blaulicht\/nr\/14981\" target=\"_blank\" rel=\"noopener\">Der Generalbundesanwalt beim Bundesgerichtshof (GBA)<\/a>\n                    <\/p>\n<p><a data-category=\"citylink-story-view\" data-action=\"click\" data-label=\"Citylink in Meldungsansicht\" class=\"story-city event-trigger\" href=\"https:\/\/www.presseportal.de\/regional\/Karlsruhe\" title=\"News aus Karlsruhe \" target=\"_blank\" rel=\"noopener\">Karlsruhe<\/a> (ots)<\/p>\n<p>Die Bundesanwaltschaft hat heute (17. Juni 2025) auf Grund eines Haftbefehls des Ermittlungsrichters des Bundesgerichtshofs vom 2. Juni 2025<\/p>\n<p>den irakischen Staatsangeh\u00f6rigen Azhar K.<\/p>\n<p>in Halle (Saale) durch Beamte des Bundeskriminalamts und Spezialkr\u00e4fte des Landes Sachsen-Anhalt festnehmen lassen.<\/p>\n<p>Der Beschuldigte ist der Mitgliedschaft in einer terroristischen Vereinigung im Ausland (\u00a7 129a Abs. 1 Nr. 1 StGB, \u00a7 129b Abs. 1 S\u00e4tze 1 und 2 StGB) dringend verd\u00e4chtig.<\/p>\n<p>In dem Haftbefehl wird ihm im Wesentlichen folgender Sachverhalt zur Last gelegt:<\/p>\n<p>Azhar K. schloss sich sp\u00e4testens im Mai 2014 im Irak der ausl\u00e4ndischen terroristischen Vereinigung &#8222;Islamischer Staat (IS)&#8220; an. Bis November 2016 k\u00e4mpfte er in verschiedenen milit\u00e4rischen Einheiten der Organisation.<\/p>\n<p>Der Beschuldigte wurde heute dem Ermittlungsrichter des Bundesgerichtshofs vorgef\u00fchrt, der ihm den Haftbefehl er\u00f6ffnet und den Vollzug der Untersuchungshaft angeordnet hat.<\/p>\n<p class=\"contact-headline\">R\u00fcckfragen bitte an:<\/p>\n<p class=\"contact-text\">Der Generalbundesanwalt beim Bundesgerichtshof (GBA)<br \/>Dr. Ines Peterson<br \/>Staatsanw\u00e4ltin beim BGH<br \/>Brauerstr. 30<br \/>76135 Karlsruhe<br \/>Telefon: 0721 8191-4100<br \/>Fax: 0721 8191-8492<br \/>E-Mail: <a href=\"https:\/\/www.presseportal.de\/blaulicht\/pm\/14981\/mailto: presse@generalbundesanwalt.de\" class=\"uri-mailto\" target=\"_blank\" rel=\"noopener\"> presse@generalbundesanwalt.de<\/a><br \/><a target=\"_blank\" class=\"uri-ext outbound\" rel=\"noopener\" href=\"http:\/\/www.generalbundesanwalt.de\/\">http:\/\/www.generalbundesanwalt.de\/<\/a><\/p>\n<p class=\"originator\">Original-Content von: Der Generalbundesanwalt beim Bundesgerichtshof (GBA), \u00fcbermittelt durch news aktuell<\/p>\n","protected":false},"excerpt":{"rendered":"17.06.2025 \u2013 15:02 Der Generalbundesanwalt beim Bundesgerichtshof (GBA) Karlsruhe (ots) Die Bundesanwaltschaft hat heute (17. Juni 2025) auf&hellip;\n","protected":false},"author":2,"featured_media":108,"comment_status":"","ping_status":"","sticky":false,"template":"","format":"standard","meta":{"footnotes":""},"categories":[1844],"tags":[1634,3364,29,30,1015,8903,177,178,180,179,181],"class_list":{"0":"post-197468","1":"post","2":"type-post","3":"status-publish","4":"format-standard","5":"has-post-thumbnail","7":"category-karlsruhe","8":"tag-baden-wuerttemberg","9":"tag-de","10":"tag-deutschland","11":"tag-germany","12":"tag-justiz","13":"tag-karlsruhe","14":"tag-kriminalitt","15":"tag-presse","16":"tag-pressemeldung","17":"tag-pressemitteilung","18":"tag-pressemitteilungen"},"share_on_mastodon":{"url":"https:\/\/pubeurope.com\/@de\/114698925166742488","error":""},"_links":{"self":[{"href":"https:\/\/www.europesays.com\/de\/wp-json\/wp\/v2\/posts\/197468","targetHints":{"allow":["GET"]}}],"collection":[{"href":"https:\/\/www.europesays.com\/de\/wp-json\/wp\/v2\/posts"}],"about":[{"href":"https:\/\/www.europesays.com\/de\/wp-json\/wp\/v2\/types\/post"}],"author":[{"embeddable":true,"href":"https:\/\/www.europesays.com\/de\/wp-json\/wp\/v2\/users\/2"}],"replies":[{"embeddable":true,"href":"https:\/\/www.europesays.com\/de\/wp-json\/wp\/v2\/comments?post=197468"}],"version-history":[{"count":0,"href":"https:\/\/www.europesays.com\/de\/wp-json\/wp\/v2\/posts\/197468\/revisions"}],"wp:featuredmedia":[{"embeddable":true,"href":"https:\/\/www.europesays.com\/de\/wp-json\/wp\/v2\/media\/108"}],"wp:attachment":[{"href":"https:\/\/www.europesays.com\/de\/wp-json\/wp\/v2\/media?parent=197468"}],"wp:term":[{"taxonomy":"category","embeddable":true,"href":"https:\/\/www.europesays.com\/de\/wp-json\/wp\/v2\/categories?post=197468"},{"taxonomy":"post_tag","embeddable":true,"href":"https:\/\/www.europesays.com\/de\/wp-json\/wp\/v2\/tags?post=197468"}],"curies":[{"name":"wp","href":"https:\/\/api.w.org\/{rel}","templated":true}]}}