{"id":197511,"date":"2025-06-17T13:48:10","date_gmt":"2025-06-17T13:48:10","guid":{"rendered":"https:\/\/www.europesays.com\/de\/197511\/"},"modified":"2025-06-17T13:48:10","modified_gmt":"2025-06-17T13:48:10","slug":"feuerwehreinsatz-legte-den-verkehr-in-der-nuernberger-ostendstrasse-lahm","status":"publish","type":"post","link":"https:\/\/www.europesays.com\/de\/197511\/","title":{"rendered":"Feuerwehreinsatz legte den Verkehr in der N\u00fcrnberger Ostendstra\u00dfe lahm"},"content":{"rendered":"<p><strong>F\u00fcr den L\u00f6sch- und Rettungseinsatz bei einem Kellerbrand musste die Feuerwehr N\u00fcrnberg am Dienstag  Vormittag um kurz nach 9.30 Uhr die Ostendstra\u00dfe auf H\u00f6he Breitengraser Stra\u00dfe in gr\u00f6\u00dferem Umfang in Beschlag nehmen.<\/strong><\/p>\n<p>Lesen Sie auch:<a href=\"https:\/\/www.mittelbayerische.de\/lokales\/region-nuernberg\/air-france-sorgt-fuer-das-besondere-etwas-am-nuernberger-flughafen-18858974\" target=\"_blank\" rel=\"nofollow noopener\"> Air France sorgt f\u00fcr das besondere Etwas am N\u00fcrnberger Flughafen<\/a><\/p>\n<p>Im Keller eines Hauses brannte ein E-Bike, was zur Verrauchung des gesamten Treppenraums f\u00fchrte, teilte die Feuerwehr N\u00fcrnberg mit. Einige Bewohner konnten das Geb\u00e4ude deshalb nicht mehr verlassen und machten sich auf den Balkonen und an den Fenstern bei den anr\u00fcckenden Einsatzkr\u00e4ften bemerkbar. Zwei Drehleitern wurden in Stellung gebracht, was sich durch die Oberleitung und die Abspannseile der dortigen Stra\u00dfenbahnlinie als schwierig erwies. Schlie\u00dflich musste die Stra\u00dfe f\u00fcr anderthalb Stunden komplett f\u00fcr den Verkehr gesperrt werden, um gen\u00fcgend Raum f\u00fcr den Feuerwehreinsatz zu schaffen.<\/p>\n<p>Das Feuer im total verqualmten Keller konnte durch einen Trupp unter schwerem Atemschutz schlie\u00dflich gefunden und gel\u00f6scht werden. Parallel dazu wurden mit weiteren Trupps das verrauchte Treppenhaus und eine angrenzende Tiefgarage auf eventuell fl\u00fcchtende Bewohner kontrolliert. Da f\u00fcr die Menschen auf den Balkonen im Verlauf des Einsatzes keine direkte Gefahr bestand, wurde zuerst das Treppenhaus mit Frischluft bel\u00fcftet, bevor Einsatzkr\u00e4fte des Rettungsdienstes zu den Wartenden vordrangen. Insgesamt wurden sechs Personen vom Rettungsdienst gesichtet. Ins Krankenhaus musste zum Gl\u00fcck aber niemand gebracht werden.<\/p>\n<p>Im Keller entstand durch den Brand ein gr\u00f6\u00dferer Geb\u00e4udeschaden. Eingesetzt waren sechs Fahrzeuge des Rettungsdienstes, ein Rettungshubschrauber, die Polizei und rund 30 Einsatzkr\u00e4fte der Berufsfeuerwehr N\u00fcrnberg mit sieben Fahrzeugen.<\/p>\n","protected":false},"excerpt":{"rendered":"F\u00fcr den L\u00f6sch- und Rettungseinsatz bei einem Kellerbrand musste die Feuerwehr N\u00fcrnberg am Dienstag Vormittag um kurz nach&hellip;\n","protected":false},"author":2,"featured_media":197512,"comment_status":"","ping_status":"","sticky":false,"template":"","format":"standard","meta":{"footnotes":""},"categories":[1837],"tags":[772,3364,29,985,30,3783],"class_list":{"0":"post-197511","1":"post","2":"type-post","3":"status-publish","4":"format-standard","5":"has-post-thumbnail","7":"category-nuernberg","8":"tag-bayern","9":"tag-de","10":"tag-deutschland","11":"tag-feuerwehr","12":"tag-germany","13":"tag-nuernberg"},"share_on_mastodon":{"url":"https:\/\/pubeurope.com\/@de\/114699023518780918","error":""},"_links":{"self":[{"href":"https:\/\/www.europesays.com\/de\/wp-json\/wp\/v2\/posts\/197511","targetHints":{"allow":["GET"]}}],"collection":[{"href":"https:\/\/www.europesays.com\/de\/wp-json\/wp\/v2\/posts"}],"about":[{"href":"https:\/\/www.europesays.com\/de\/wp-json\/wp\/v2\/types\/post"}],"author":[{"embeddable":true,"href":"https:\/\/www.europesays.com\/de\/wp-json\/wp\/v2\/users\/2"}],"replies":[{"embeddable":true,"href":"https:\/\/www.europesays.com\/de\/wp-json\/wp\/v2\/comments?post=197511"}],"version-history":[{"count":0,"href":"https:\/\/www.europesays.com\/de\/wp-json\/wp\/v2\/posts\/197511\/revisions"}],"wp:featuredmedia":[{"embeddable":true,"href":"https:\/\/www.europesays.com\/de\/wp-json\/wp\/v2\/media\/197512"}],"wp:attachment":[{"href":"https:\/\/www.europesays.com\/de\/wp-json\/wp\/v2\/media?parent=197511"}],"wp:term":[{"taxonomy":"category","embeddable":true,"href":"https:\/\/www.europesays.com\/de\/wp-json\/wp\/v2\/categories?post=197511"},{"taxonomy":"post_tag","embeddable":true,"href":"https:\/\/www.europesays.com\/de\/wp-json\/wp\/v2\/tags?post=197511"}],"curies":[{"name":"wp","href":"https:\/\/api.w.org\/{rel}","templated":true}]}}