{"id":197721,"date":"2025-06-17T15:43:10","date_gmt":"2025-06-17T15:43:10","guid":{"rendered":"https:\/\/www.europesays.com\/de\/197721\/"},"modified":"2025-06-17T15:43:10","modified_gmt":"2025-06-17T15:43:10","slug":"sanoussi-bliss-trifft-herren-zwei-dschungelstars-feiern-wiedersehen-bei-unter-uns","status":"publish","type":"post","link":"https:\/\/www.europesays.com\/de\/197721\/","title":{"rendered":"Sanoussi-Bliss trifft Herren: Zwei Dschungelstars feiern Wiedersehen bei &#8222;Unter uns&#8220;"},"content":{"rendered":"<p>                    Sanoussi-Bliss trifft Herren<br \/>\n                Zwei Dschungelstars feiern Wiedersehen bei &#8222;Unter uns&#8220; <\/p>\n<p>\t\t\t\t              17.06.2025, 16:17 Uhr<\/p>\n<p>\t\t\t\t\t       Artikel anh\u00f6ren<\/p>\n<p>\t\t\t\t\t\t\tDiese Audioversion wurde k\u00fcnstlich generiert. <a href=\"https:\/\/www.n-tv.de\/23249898\" rel=\"nofollow noopener\" target=\"_blank\">Mehr Infos<\/a><\/p>\n<p><strong>Aus dem Dschungel in die Schillerallee: Schauspieler Pierre Sanoussi-Bliss \u00fcbernimmt eine Gastrolle in der RTL-Serie &#8222;Unter uns&#8220;. Dort wird er bereits freudig von einer Ex-Mitcamperin erwartet.<\/strong><\/p>\n<p>Der Vize-Dschungelk\u00f6nig h\u00e4lt bald in der legend\u00e4ren Schillerallee Hof. Nach &#8222;Ich bin ein Star &#8211; Holt mich hier raus!&#8220; \u00fcbernimmt Pierre Sanoussi-Bliss nun eine Gastrolle in der t\u00e4glichen RTL-Serie &#8222;Unter uns&#8220;. Der Schauspieler, der unter anderem aus der Krimireihe &#8222;Der Alte&#8220; bekannt ist, wird erstmals ab dem 10. September in Folge 7703 als Designer Adam Wolter im TV zu sehen sein. <\/p>\n<p>   <a href=\"https:\/\/www.europesays.com\/de\/wp-content\/uploads\/2025\/06\/1750174990_567_86CC9.jpg\">     <img decoding=\"async\" alt=\"&quot;Unter uns&quot;-Star Tabea Heynig freut sich schon auf Pierre Sanoussi-Bliss.\" src=\"https:\/\/www.europesays.com\/de\/wp-content\/uploads\/2025\/06\/1750174990_567_86CC9.jpg\" class=\"lazyload\"\/>  <\/a>  <\/p>\n<p class=\"article__aside__caption\">&#8222;Unter uns&#8220;-Star Tabea Heynig freut sich schon auf Pierre Sanoussi-Bliss.<\/p>\n<p class=\"article__aside__copy\">(Foto: RTL \/ Stefan Behrens)<\/p>\n<p>Dass Pierre Sanoussi-Bliss, der in der vergangenen Dschungelcamp-Staffel den zweiten Platz hinter Dschungelk\u00f6nigin Lilly Becker belegte, nun f\u00fcr einige Zeit Teil der &#8222;Unter uns&#8220;-Familie sein wird, freut seine Kollegin Tabea Heynig, die bereits seit 2010 als Britta bei der Serie mitmischt, sehr: &#8222;Als ich erfahren habe, dass Pierre die Rolle besetzt, war ich total aus dem H\u00e4uschen. Ich kenne ihn nat\u00fcrlich schon lange aus dem Fernsehen. F\u00fcr mich ist er Kult! Wir haben uns auf Anhieb richtig gut verstanden. Unsere Zuschauer d\u00fcrfen sich auf eine turbulent-lustige Geschichte mit Tiefgang freuen.&#8220; <\/p>\n<p>Du hier &#8211; und nicht an der Kasse?<\/p>\n<p>Und noch eine Dame d\u00fcrfte sich ganz besonders \u00fcber Sanoussi-Bliss&#8216; Abstecher ans K\u00f6lner Set gefreut haben: seine ehemalige Mitcamperin Alessia Herren. Diese steht n\u00e4mlich aktuell ebenfalls f\u00fcr &#8222;Unter uns&#8220; vor der Kamera und wird erstmals am 10. Juli im TV zu sehen sein.<\/p>\n<p>&#8222;Wir haben uns im Studio bereits kurz sehen k\u00f6nnen&#8220;, erkl\u00e4rt Sanoussi-Bliss im RTL-Interview. Herren hier zu treffen, habe ihn ein wenig \u00fcberrascht, schlie\u00dflich w\u00e4hnte er sie hinter einer Supermarktkasse &#8211; aus Gr\u00fcnden: &#8222;Wenn ich mich recht erinnere, war das ihr gro\u00dfer Wunsch. Nun ist sie hier gelandet. Sehr angenehm, sehr lustig.&#8220;<\/p>\n<p>Tats\u00e4chlich hatte sich Alessia Herren ihren im australischen Dschungel ge\u00e4u\u00dferten Traum, einmal als Discounter-Kassiererin arbeiten zu d\u00fcrfen, bereits mithilfe von RTLZWEI erf\u00fcllt. Im Reality-Format &#8222;Unser Supermarkt &#8211; mit Herz und Humor&#8220; durfte sie vor einigen Wochen erste Erfahrungen am Kassenband sammeln.<\/p>\n<p>&#8222;Unter uns&#8220; l\u00e4uft von Montag bis Freitag um 17.30 Uhr bei RTL. Die aktuellen Folgen gibt es bereits bis zu sieben Tage vor TV-Ausstrahlung <a href=\"https:\/\/plus.rtl.de\/video-tv\/serien\/unter-uns-41137?utm_campaign=textlink&amp;utm_source=ntv&amp;utm_medium=owned&amp;utm_term=unter-uns&amp;utm_content=25839651\" rel=\"Follow nofollow noopener\" target=\"_blank\">auf RTL+ <\/a>zu sehen.<\/p>\n","protected":false},"excerpt":{"rendered":"Sanoussi-Bliss trifft Herren Zwei Dschungelstars feiern Wiedersehen bei &#8222;Unter uns&#8220; 17.06.2025, 16:17 Uhr Artikel anh\u00f6ren Diese Audioversion wurde&hellip;\n","protected":false},"author":2,"featured_media":197722,"comment_status":"","ping_status":"","sticky":false,"template":"","format":"standard","meta":{"footnotes":""},"categories":[1773],"tags":[24979,29,933,214,30,20058,64987,640,765,471,1780,684,215],"class_list":{"0":"post-197721","1":"post","2":"type-post","3":"status-publish","4":"format-standard","5":"has-post-thumbnail","7":"category-serien","8":"tag-alessia-herren","9":"tag-deutschland","10":"tag-dschungelcamp","11":"tag-entertainment","12":"tag-germany","13":"tag-lilly-becker","14":"tag-pierre-sanoussi-bliss","15":"tag-rtl","16":"tag-rtlplus","17":"tag-serien","18":"tag-series","19":"tag-tv","20":"tag-unterhaltung"},"share_on_mastodon":{"url":"https:\/\/pubeurope.com\/@de\/114699475880575681","error":""},"_links":{"self":[{"href":"https:\/\/www.europesays.com\/de\/wp-json\/wp\/v2\/posts\/197721","targetHints":{"allow":["GET"]}}],"collection":[{"href":"https:\/\/www.europesays.com\/de\/wp-json\/wp\/v2\/posts"}],"about":[{"href":"https:\/\/www.europesays.com\/de\/wp-json\/wp\/v2\/types\/post"}],"author":[{"embeddable":true,"href":"https:\/\/www.europesays.com\/de\/wp-json\/wp\/v2\/users\/2"}],"replies":[{"embeddable":true,"href":"https:\/\/www.europesays.com\/de\/wp-json\/wp\/v2\/comments?post=197721"}],"version-history":[{"count":0,"href":"https:\/\/www.europesays.com\/de\/wp-json\/wp\/v2\/posts\/197721\/revisions"}],"wp:featuredmedia":[{"embeddable":true,"href":"https:\/\/www.europesays.com\/de\/wp-json\/wp\/v2\/media\/197722"}],"wp:attachment":[{"href":"https:\/\/www.europesays.com\/de\/wp-json\/wp\/v2\/media?parent=197721"}],"wp:term":[{"taxonomy":"category","embeddable":true,"href":"https:\/\/www.europesays.com\/de\/wp-json\/wp\/v2\/categories?post=197721"},{"taxonomy":"post_tag","embeddable":true,"href":"https:\/\/www.europesays.com\/de\/wp-json\/wp\/v2\/tags?post=197721"}],"curies":[{"name":"wp","href":"https:\/\/api.w.org\/{rel}","templated":true}]}}