{"id":19774,"date":"2025-04-10T02:30:20","date_gmt":"2025-04-10T02:30:20","guid":{"rendered":"https:\/\/www.europesays.com\/de\/19774\/"},"modified":"2025-04-10T02:30:20","modified_gmt":"2025-04-10T02:30:20","slug":"duisburg-spd-und-cdu-stimmen-fuer-afd-antrag","status":"publish","type":"post","link":"https:\/\/www.europesays.com\/de\/19774\/","title":{"rendered":"Duisburg: SPD und CDU stimmen f\u00fcr AfD-Antrag"},"content":{"rendered":"<p class=\"text_ohne_einzug richtext text-em-55 !leading-serif mx-6 desktop:mx-0\"> Sollen Gefl\u00fcchtete auch weiterhin Bargeld erhalten? Oder sollen sie mit einer Bezahlkarte ausgestattet werden, um auf diesem Weg digital bezahlen zu k\u00f6nnen? Das ist ein bundesweit hei\u00df diskutiertes Thema. In <a href=\"https:\/\/rp-online.de\/thema\/duisburg\/\" rel=\"nofollow noopener\" target=\"_blank\">Duisburg<\/a> hatten die Gr\u00fcnen gemeinsam mit der Fraktion Die Linke\/Die Partei einen Antrag in die Sitzung eingebracht, wonach keine Bezahlkarte f\u00fcr <a href=\"https:\/\/rp-online.de\/thema\/fluechtlinge\/\" rel=\"nofollow noopener\" target=\"_blank\">Fl\u00fcchtlinge<\/a> in Duisburg eingef\u00fchrt wird und Gefl\u00fcchtete weiterhin Bargeld erhalten sollen. Das Land hatte es den Kommunen \u00fcberlassen, von dieser sogenannten \u201eOpt-out-Regelung\u201c Gebrauch zu machen.<\/p>\n","protected":false},"excerpt":{"rendered":"Sollen Gefl\u00fcchtete auch weiterhin Bargeld erhalten? Oder sollen sie mit einer Bezahlkarte ausgestattet werden, um auf diesem Weg&hellip;\n","protected":false},"author":2,"featured_media":19775,"comment_status":"","ping_status":"","sticky":false,"template":"","format":"standard","meta":{"footnotes":"","_share_on_mastodon":"0"},"categories":[1838],"tags":[12411,12408,186,10339,12410,12409,12407,3364,29,8737,3715,5249,12241,30,10139,1209,2308,3404],"class_list":["post-19774","post","type-post","status-publish","format-standard","has-post-thumbnail","category-duisburg","tag-abstimmen","tag-abstimmung","tag-afd","tag-antrag","tag-antragstellers","tag-beantragte","tag-bezahlkarte","tag-de","tag-deutschland","tag-diskussion","tag-duisburg","tag-fluechtlinge","tag-gefluechtete","tag-germany","tag-karte","tag-nordrhein-westfalen","tag-rat","tag-stimmen"],"share_on_mastodon":{"url":"https:\/\/pubeurope.com\/@de\/114311320287177625","error":""},"_links":{"self":[{"href":"https:\/\/www.europesays.com\/de\/wp-json\/wp\/v2\/posts\/19774","targetHints":{"allow":["GET"]}}],"collection":[{"href":"https:\/\/www.europesays.com\/de\/wp-json\/wp\/v2\/posts"}],"about":[{"href":"https:\/\/www.europesays.com\/de\/wp-json\/wp\/v2\/types\/post"}],"author":[{"embeddable":true,"href":"https:\/\/www.europesays.com\/de\/wp-json\/wp\/v2\/users\/2"}],"replies":[{"embeddable":true,"href":"https:\/\/www.europesays.com\/de\/wp-json\/wp\/v2\/comments?post=19774"}],"version-history":[{"count":0,"href":"https:\/\/www.europesays.com\/de\/wp-json\/wp\/v2\/posts\/19774\/revisions"}],"wp:featuredmedia":[{"embeddable":true,"href":"https:\/\/www.europesays.com\/de\/wp-json\/wp\/v2\/media\/19775"}],"wp:attachment":[{"href":"https:\/\/www.europesays.com\/de\/wp-json\/wp\/v2\/media?parent=19774"}],"wp:term":[{"taxonomy":"category","embeddable":true,"href":"https:\/\/www.europesays.com\/de\/wp-json\/wp\/v2\/categories?post=19774"},{"taxonomy":"post_tag","embeddable":true,"href":"https:\/\/www.europesays.com\/de\/wp-json\/wp\/v2\/tags?post=19774"}],"curies":[{"name":"wp","href":"https:\/\/api.w.org\/{rel}","templated":true}]}}