{"id":197762,"date":"2025-06-17T16:04:08","date_gmt":"2025-06-17T16:04:08","guid":{"rendered":"https:\/\/www.europesays.com\/de\/197762\/"},"modified":"2025-06-17T16:04:08","modified_gmt":"2025-06-17T16:04:08","slug":"wahlkreis-52-laura-rummler-tritt-fuer-fwg-an-kreis-germersheim","status":"publish","type":"post","link":"https:\/\/www.europesays.com\/de\/197762\/","title":{"rendered":"Wahlkreis 52: Laura Rummler tritt f\u00fcr FWG an &#8211; Kreis Germersheim"},"content":{"rendered":"<p><b\/> Die <a class=\"rtr-entity\" data-rtr-entity=\"FW\" data-rtr-id=\"c66ac9015c9039d99eff71e14e1364a5fdbe93e6\" data-rtr-score=\"29.69439728353141\" data-rtr-etype=\"organisation\" data-rtr-index=\"3\" href=\"https:\/\/www.rheinpfalz.de\/themen\/fw?utm_source=rheinpfalz.de&amp;utm_medium=tms&amp;utm_campaign=intext\" target=\"_blank\" rel=\"noopener\">Freien W\u00e4hler<\/a>, Kreisvereinigung <a class=\"rtr-entity\" data-rtr-entity=\"Germersheim\" data-rtr-id=\"d7b602fbab4b8b937cfc27c1ac1879f6b4ca215d\" data-rtr-score=\"28.879456706281832\" data-rtr-etype=\"location\" data-rtr-index=\"9\" href=\"https:\/\/www.rheinpfalz.de\/lokal\/kreis-germersheim.html?utm_source=rheinpfalz.de&amp;utm_medium=tms&amp;utm_campaign=intext\" target=\"_blank\" rel=\"noopener\">Germersheim<\/a>, haben Laura Rummler einstimmig als Direktkandidatin im Wahlkreis 52 (<a class=\"rtr-entity\" data-rtr-entity=\"W\u00f6rth\" data-rtr-id=\"c68b4afdf45a0ab361d35b4a6813e0800f76b867\" data-rtr-score=\"13.395585738539898\" data-rtr-etype=\"location\" data-rtr-index=\"16\" href=\"https:\/\/www.rheinpfalz.de\/themen\/woerth-am-rhein?utm_source=rheinpfalz.de&amp;utm_medium=tms&amp;utm_campaign=intext\" target=\"_blank\" rel=\"noopener\">W\u00f6rth<\/a> \u2013 Verbandsgemeinden <a class=\"rtr-entity\" data-rtr-entity=\"Hagenbach\" data-rtr-id=\"7ab45704a4a4556c2b53c1515c2875f91737017d\" data-rtr-score=\"6.532258064516129\" data-rtr-etype=\"location\" data-rtr-index=\"11\" href=\"https:\/\/www.rheinpfalz.de\/themen\/hagenbach?utm_source=rheinpfalz.de&amp;utm_medium=tms&amp;utm_campaign=intext\" target=\"_blank\" rel=\"noopener\">Hagenbach<\/a>, <a class=\"rtr-entity\" data-rtr-entity=\"Jockgrim\" data-rtr-id=\"a3991e8c9cd2ee8cd0c7ebc20e3512299d4d60d5\" data-rtr-score=\"6.462224108658743\" data-rtr-etype=\"location\" data-rtr-index=\"13\" href=\"https:\/\/www.rheinpfalz.de\/themen\/jockgrim?utm_source=rheinpfalz.de&amp;utm_medium=tms&amp;utm_campaign=intext\" target=\"_blank\" rel=\"noopener\">Jockgrim<\/a>, <a class=\"rtr-entity\" data-rtr-entity=\"Kandel\" data-rtr-id=\"ec2ca730440441e0984b84f0ecb5d345d041998e\" data-rtr-score=\"6.398556876061121\" data-rtr-etype=\"location\" data-rtr-index=\"15\" href=\"https:\/\/www.rheinpfalz.de\/themen\/kandel?utm_source=rheinpfalz.de&amp;utm_medium=tms&amp;utm_campaign=intext\" target=\"_blank\" rel=\"noopener\">Kandel<\/a>) f\u00fcr die  <a class=\"rtr-entity\" data-rtr-entity=\"Landtagswahl\" data-rtr-id=\"25eb4c308cf22296ef18999e01accce69e81e297\" data-rtr-score=\"12.580645161290324\" data-rtr-etype=\"event\" data-rtr-index=\"7\" href=\"https:\/\/www.rheinpfalz.de\/themen\/landtagswahl-rheinland-pfalz?utm_source=rheinpfalz.de&amp;utm_medium=tms&amp;utm_campaign=intext\" target=\"_blank\" rel=\"noopener\">Landtagswahl<\/a> 2026 aufgestellt. Die 22-j\u00e4hrige Studentin ist j\u00fcngstes Mitglied des W\u00f6rther Stadtrats. Laura Rummler studiert im sechsten Semester \u201eInternational Business Administration\u201c im dualen System an der Hochschule f\u00fcr Wirtschaft und Gesellschaft in Ludwigshafen. Politisch engagiert sie sich seit 2024 in der <a class=\"rtr-entity\" data-rtr-entity=\"Freie W\u00e4hler\" data-rtr-id=\"86e5f3edc0fa470be64a1b3f919b834d248c7111\" data-rtr-score=\"34.278438030560274\" data-rtr-etype=\"organisation\" data-rtr-index=\"20\" href=\"https:\/\/www.rheinpfalz.de\/themen\/fw\" target=\"_blank\" rel=\"noopener\">FWG<\/a> Bienwald  und ist seither Mitglied im Stadtrat W\u00f6rth sowie in mehreren Aussch\u00fcssen unter anderem f\u00fcr Soziales, Kultur, Sport, Umwelt und Transformation. \u201eIch freue mich sehr \u00fcber das Vertrauen und die einstimmige Nominierung. F\u00fcr mich ist Politik keine B\u00fchne, sondern eine Aufgabe. Ich m\u00f6chte junge Menschen ermutigen, sich einzubringen, und neue Perspektiven in die Landespolitik tragen offen, ehrlich und ohne Parteidruck\u201c, betont Rummler. Steffen Wei\u00df, Vorstandsvorsitzender der Freien W\u00e4hler Kreisvereinigung Germersheim, unterstreicht: \u201eLaura ist ein Gl\u00fccksfall f\u00fcr unsere politische Arbeit, authentisch, engagiert und nah an den Themen der jungen Generation.\u201c<\/p>\n","protected":false},"excerpt":{"rendered":"Die Freien W\u00e4hler, Kreisvereinigung Germersheim, haben Laura Rummler einstimmig als Direktkandidatin im Wahlkreis 52 (W\u00f6rth \u2013 Verbandsgemeinden Hagenbach,&hellip;\n","protected":false},"author":2,"featured_media":197763,"comment_status":"","ping_status":"","sticky":false,"template":"","format":"standard","meta":{"footnotes":""},"categories":[1844],"tags":[1634,3364,29,16950,31906,30,16534,32742,27726,34959,8903,39550,19399,65001,4060,26148],"class_list":{"0":"post-197762","1":"post","2":"type-post","3":"status-publish","4":"format-standard","5":"has-post-thumbnail","7":"category-karlsruhe","8":"tag-baden-wuerttemberg","9":"tag-de","10":"tag-deutschland","11":"tag-freie-waehler","12":"tag-fw","13":"tag-germany","14":"tag-germersheim","15":"tag-hagenbach","16":"tag-jockgrim","17":"tag-kandel","18":"tag-karlsruhe","19":"tag-kreis-germersheim","20":"tag-landtagswahl","21":"tag-laura-rummler","22":"tag-lokal","23":"tag-woerth"},"share_on_mastodon":{"url":"https:\/\/pubeurope.com\/@de\/114699558437461256","error":""},"_links":{"self":[{"href":"https:\/\/www.europesays.com\/de\/wp-json\/wp\/v2\/posts\/197762","targetHints":{"allow":["GET"]}}],"collection":[{"href":"https:\/\/www.europesays.com\/de\/wp-json\/wp\/v2\/posts"}],"about":[{"href":"https:\/\/www.europesays.com\/de\/wp-json\/wp\/v2\/types\/post"}],"author":[{"embeddable":true,"href":"https:\/\/www.europesays.com\/de\/wp-json\/wp\/v2\/users\/2"}],"replies":[{"embeddable":true,"href":"https:\/\/www.europesays.com\/de\/wp-json\/wp\/v2\/comments?post=197762"}],"version-history":[{"count":0,"href":"https:\/\/www.europesays.com\/de\/wp-json\/wp\/v2\/posts\/197762\/revisions"}],"wp:featuredmedia":[{"embeddable":true,"href":"https:\/\/www.europesays.com\/de\/wp-json\/wp\/v2\/media\/197763"}],"wp:attachment":[{"href":"https:\/\/www.europesays.com\/de\/wp-json\/wp\/v2\/media?parent=197762"}],"wp:term":[{"taxonomy":"category","embeddable":true,"href":"https:\/\/www.europesays.com\/de\/wp-json\/wp\/v2\/categories?post=197762"},{"taxonomy":"post_tag","embeddable":true,"href":"https:\/\/www.europesays.com\/de\/wp-json\/wp\/v2\/tags?post=197762"}],"curies":[{"name":"wp","href":"https:\/\/api.w.org\/{rel}","templated":true}]}}