{"id":197999,"date":"2025-06-17T18:08:10","date_gmt":"2025-06-17T18:08:10","guid":{"rendered":"https:\/\/www.europesays.com\/de\/197999\/"},"modified":"2025-06-17T18:08:10","modified_gmt":"2025-06-17T18:08:10","slug":"attacke-mit-toedlichen-folgen-konsequenzen-fuer-besitzerin","status":"publish","type":"post","link":"https:\/\/www.europesays.com\/de\/197999\/","title":{"rendered":"Attacke mit t\u00f6dlichen Folgen \u2013 Konsequenzen f\u00fcr Besitzerin"},"content":{"rendered":"<p class=\"font-bold text-18 leading-17\">Zwei Schafe sterben nach einer Hunde-Attacke am Rhein \u2013 nun zeigt sich, welche Folgen die Halterin des Tieres treffen.<\/p>\n<p class=\"text-18 leading-17\">Nach dem Angriff eines Hundes auf zwei Schafe am K\u00f6lner Rheinufer hat die Hundehalterin jetzt mit Konsequenzen zu rechnen. Wie Polizei und Stadt <a class=\"transition-colors duration-200 cursor-pointer text-inherit no-underline text-salemsfur md:hover:text-magenta md:hover:border-magenta md:focus:text-magenta border-current border-b border-solid break-words\" href=\"https:\/\/www.t-online.de\/region\/koeln\/\" data-sctrack=\"BodyAnchor\" target=\"_blank\" rel=\"noopener\">K\u00f6ln<\/a> auf Nachfrage von t-online mitteilten, wurde gegen die Frau ein Ordnungswidrigkeiten-Verfahren eingeleitet. Die Stadt pr\u00fcft derzeit, ob weitere Auflagen folgen \u2013 etwa eine Maulkorbpflicht f\u00fcr den Hund oder der verpflichtende Besuch einer Hundeschule.<\/p>\n<p class=\"text-18 leading-17\">Wie die Stadt K\u00f6ln jetzt mitteilte, wurde die Hundehalterin inzwischen aufgefordert, eine Haltungsanzeige vorzulegen und eine schriftliche Erkl\u00e4rung zu dem blutigen Vorfall abzugeben. Beides ist inzwischen erfolgt.<\/p>\n<p class=\"text-18 leading-17\">Nach dem Vorfall kam zudem heraus: Zum Zeitpunkt des Angriffs war der Hund in K\u00f6ln gar nicht angemeldet. Das hat die Frau mittlerweile nachgeholt und entsprechende Nachweise \u2013 etwa \u00fcber eine Haftpflichtversicherung, die Nummer des Mikrochips und einen Sachkundenachweis \u2013 eingereicht.<\/p>\n<p class=\"text-18 leading-17\">Dennoch muss die Frau mit einem Bu\u00dfgeld rechnen. Die genaue H\u00f6he wird derzeit vom Ordnungsamt festgelegt. Zus\u00e4tzlich kommen weitere Kosten auf die Hundehalterin zu: f\u00fcr die nun verpflichtend gewordene Gef\u00e4hrlichkeits\u00fcberpr\u00fcfung des Hundes und f\u00fcr die Anmeldung beim Amt.<\/p>\n<p class=\"text-18 leading-17\">Ein entsprechendes Gutachten zur Einsch\u00e4tzung des Hundes liegt dem Ordnungsamt laut einer Stadtsprecherin noch nicht vor. Sollte das Tier als gef\u00e4hrlich eingestuft werden, k\u00f6nnen weitere Ma\u00dfnahmen folgen \u2013 etwa eine Leinen- und Maulkorbpflicht oder Verhaltensauflagen wie der Besuch einer Hundeschule. Erst im April war es im K\u00f6lner Umland zu einem \u00e4hnlichen Vorfall gekommen, bei dem ein Hund ein Schaf in der Wahner Heide t\u00f6dlich verletzte.<\/p>\n","protected":false},"excerpt":{"rendered":"Zwei Schafe sterben nach einer Hunde-Attacke am Rhein \u2013 nun zeigt sich, welche Folgen die Halterin des Tieres&hellip;\n","protected":false},"author":2,"featured_media":198000,"comment_status":"","ping_status":"","sticky":false,"template":"","format":"standard","meta":{"footnotes":""},"categories":[1828],"tags":[5172,3176,3110,29,30,604,1420,1209,121,5206,7968,6650,65046],"class_list":{"0":"post-197999","1":"post","2":"type-post","3":"status-publish","4":"format-standard","5":"has-post-thumbnail","7":"category-koeln","8":"tag-riehl","9":"tag-3176","10":"tag-attacke","11":"tag-deutschland","12":"tag-germany","13":"tag-hund","14":"tag-koeln","15":"tag-nordrhein-westfalen","16":"tag-polizei","17":"tag-rhein","18":"tag-rheinufer","19":"tag-schaf","20":"tag-schafsherde"},"share_on_mastodon":{"url":"https:\/\/pubeurope.com\/@de\/114700045842790116","error":""},"_links":{"self":[{"href":"https:\/\/www.europesays.com\/de\/wp-json\/wp\/v2\/posts\/197999","targetHints":{"allow":["GET"]}}],"collection":[{"href":"https:\/\/www.europesays.com\/de\/wp-json\/wp\/v2\/posts"}],"about":[{"href":"https:\/\/www.europesays.com\/de\/wp-json\/wp\/v2\/types\/post"}],"author":[{"embeddable":true,"href":"https:\/\/www.europesays.com\/de\/wp-json\/wp\/v2\/users\/2"}],"replies":[{"embeddable":true,"href":"https:\/\/www.europesays.com\/de\/wp-json\/wp\/v2\/comments?post=197999"}],"version-history":[{"count":0,"href":"https:\/\/www.europesays.com\/de\/wp-json\/wp\/v2\/posts\/197999\/revisions"}],"wp:featuredmedia":[{"embeddable":true,"href":"https:\/\/www.europesays.com\/de\/wp-json\/wp\/v2\/media\/198000"}],"wp:attachment":[{"href":"https:\/\/www.europesays.com\/de\/wp-json\/wp\/v2\/media?parent=197999"}],"wp:term":[{"taxonomy":"category","embeddable":true,"href":"https:\/\/www.europesays.com\/de\/wp-json\/wp\/v2\/categories?post=197999"},{"taxonomy":"post_tag","embeddable":true,"href":"https:\/\/www.europesays.com\/de\/wp-json\/wp\/v2\/tags?post=197999"}],"curies":[{"name":"wp","href":"https:\/\/api.w.org\/{rel}","templated":true}]}}