{"id":198001,"date":"2025-06-17T18:09:12","date_gmt":"2025-06-17T18:09:12","guid":{"rendered":"https:\/\/www.europesays.com\/de\/198001\/"},"modified":"2025-06-17T18:09:12","modified_gmt":"2025-06-17T18:09:12","slug":"diese-koelner-restaurants-sind-ausgezeichnet","status":"publish","type":"post","link":"https:\/\/www.europesays.com\/de\/198001\/","title":{"rendered":"Diese K\u00f6lner Restaurants sind ausgezeichnet"},"content":{"rendered":"<p>Auszeichnung in Frankfurt <\/p>\n<p>Guide Michelin 2025: Gro\u00dfer Sterne-Schwund in K\u00f6ln<\/p>\n<p>Aktualisiert am 17.06.2025 &#8211; 20:06 UhrLesedauer: 2 Min.<\/p>\n<p><a href=\"#focus-0\" class=\"transition-colors duration-200 focus-within:text-magenta block text-current relative\" data-sctrack=\"FocusGalleryImage.Reference\"><img fetchpriority=\"high\" data-testid=\"Opener.Image\" style=\"--lqipURL:url('https:\/\/images.t-online.de\/2025\/06\/cKGcaEpoH8g6\/0x209:4000x2250\/fit-in\/150x0\/filters:blur(25)\/feature-japanisches-restaurant-20-072023-limburg-feature-japanisches-restaurant-traditionelle-japanische-kueche-japanische-delikatessen-gaumenfreude-fuer-sushi-liebhaber-japanische-gastfreundschaft-sushi-bar-ambiente-japanischer-masai-ramen-vegetarisch-ramen-kimchi-suppe-feature-symbolfoto-illustrationsbild-symbolbild-limburg-hessen-germany-feature-japanese-restaurant-20-07-2023-limburg-feature-japanese-restaurant-traditional-japanese-cuisine-japanese-delicacies-palate-delight-for-sushi-love.jpg')\"   loading=\"eager\" src=\"https:\/\/www.europesays.com\/de\/wp-content\/uploads\/2025\/06\/feature-japanisches-restaurant-20-072023-limburg-feature-japanisches-restaurant-traditionelle-japani.jpeg\" alt=\"imago images 0299843059\" title=\"imago images 0299843059\" width=\"4000\" height=\"2250\" class=\"bg-[url:var(--lqipURL)] bg-cover bg-center flex h-full w-full max-w-full\" decoding=\"async\"\/><img style=\"--width:32;--height:32\" loading=\"lazy\" src=\"https:\/\/www.t-online.de\/s\/paper\/_next\/static\/media\/zoom-in.f7dae02f.svg\" alt=\"Vergr\u00f6\u00dfern des Bildes\" title=\"Vergr\u00f6\u00dfern des Bildes\" class=\"block h-[calc(var(--height)_\/_16_*_1rem)] w-[calc(var(--width)_\/_16_*_1rem)] max-w-none absolute bottom-8 right-8 rounded-4 bg-snow p-8\" decoding=\"async\"\/><\/a><\/p>\n<p>Sternek\u00fcche (Symbolbild): Der Guide Michelin hat seine Sterne f\u00fcr das Jahr 2025 vergeben. (Quelle: IMAGO\/onemorepicture \/ Thorsten Wagner\/imago)<\/p>\n<p class=\"font-bold text-18 leading-17\">In Frankfurt hat der Guide Michelin erneut seine hoch angesehenen Sterne vergeben. In K\u00f6ln geht die Zahl der Sternerestaurants allerdings zur\u00fcck.<\/p>\n<p class=\"text-18 leading-17\">Der renommierte Gourmetf\u00fchrer Guide Michelin hat am Dienstagabend in <a rel=\"nofollow noopener\" target=\"_blank\" class=\"transition-colors duration-200 cursor-pointer text-inherit no-underline text-salemsfur md:hover:text-magenta md:hover:border-magenta md:focus:text-magenta border-current border-b border-solid break-words\" href=\"https:\/\/frankfurt.t-online.de\/region\/frankfurt-am-main\/\" data-sctrack=\"BodyAnchor\">Frankfurt<\/a> seine Sterne f\u00fcr das Jahr 2025 vergeben. Je nach K\u00fcchenniveau, Kreativit\u00e4t und <a class=\"transition-colors duration-200 cursor-pointer text-inherit no-underline text-salemsfur md:hover:text-magenta md:hover:border-magenta md:focus:text-magenta border-current border-b border-solid break-words\" href=\"https:\/\/www.t-online.de\/themen\/konstanz\/\" data-sctrack=\"BodyAnchor\" target=\"_blank\" rel=\"noopener\">Konstanz<\/a> wurden Restaurants mit einem, zwei oder drei Sternen ausgezeichnet.<\/p>\n<p class=\"text-18 leading-17\">Das Bundesland NRW musste dabei einen regelrechten Sterne-Schwund verkraften \u2013 und damit auch <a class=\"transition-colors duration-200 cursor-pointer text-inherit no-underline text-salemsfur md:hover:text-magenta md:hover:border-magenta md:focus:text-magenta border-current border-b border-solid break-words\" href=\"https:\/\/www.t-online.de\/region\/koeln\/\" data-sctrack=\"BodyAnchor\" target=\"_blank\" rel=\"noopener\">K\u00f6ln<\/a>. Die Zahl der mit einem oder zwei Michelin-Sternen ausgezeichneten Restaurants sank im bev\u00f6lkerungsreichsten Bundesland von 52 auf 46, obwohl sie bundesweit zunahm.<\/p>\n<p class=\"text-18 leading-17\">Dass die Inspektoren in NRW besonders streng sind, schloss eine Sprecherin des &#8222;Guide Michelin&#8220; gegen\u00fcber der Deutschen Presseagentur (dpa) aus: &#8222;Unsere Inspektorinnen und Inspektoren testen weltweit nach den gleichen Standards. Es gibt auch keine, die ausschlie\u00dflich in NRW t\u00e4tig sind&#8220;, sagte sie.<\/p>\n<p class=\"text-18 leading-17\">In K\u00f6ln wurden insgesamt neun Restaurants mit einem oder zwei Sternen ausgezeichnet und damit genauso viele wie im benachbarten <a class=\"transition-colors duration-200 cursor-pointer text-inherit no-underline text-salemsfur md:hover:text-magenta md:hover:border-magenta md:focus:text-magenta border-current border-b border-solid break-words\" href=\"https:\/\/www.t-online.de\/region\/duesseldorf\/\" data-sctrack=\"BodyAnchor\" target=\"_blank\" rel=\"noopener\">D\u00fcsseldorf<\/a>. Das &#8222;Ox&amp;Klee&#8220; im Rheinauhafen darf seine zwei Michelin-Sterne auch 2025 behalten und ist damit eines von nur drei Zwei-Sterne-Restaurants in ganz NRW und der einzige Zwei-Sterne-Betrieb in K\u00f6ln.<\/p>\n<p class=\"text-18 leading-17\">Ihren Stern verloren hingegen das &#8222;Astrein&#8220;, &#8222;Neobiota&#8220; und das &#8222;Maibeck&#8220;. Das &#8222;Neobiota&#8220; war innerhalb K\u00f6lns umgezogen. Das &#8222;Astrein&#8220; hatte im Januar dicht gemacht.<\/p>\n<p class=\"text-18 leading-17\"><strong class=\"font-bold\">Folgende Restaurants tragen nun noch einen Stern:<\/strong><\/p>\n<p class=\"text-18 leading-17\">Der Michelin-Guide wird in 41 L\u00e4ndern ver\u00f6ffentlicht, neben Europa auch in den <a class=\"transition-colors duration-200 cursor-pointer text-inherit no-underline text-salemsfur md:hover:text-magenta md:hover:border-magenta md:focus:text-magenta border-current border-b border-solid break-words\" href=\"https:\/\/www.t-online.de\/themen\/usa\/\" data-sctrack=\"BodyAnchor\" target=\"_blank\" rel=\"noopener\">USA<\/a> und Asien. Hinter dem roten Restaurantf\u00fchrer steht der gleichnamige franz\u00f6sische Reifenhersteller.<\/p>\n<p class=\"text-18 leading-17\">In Deutschland erschien der erste &#8222;Guide Michelin&#8220; im Jahr 1910, damals noch &#8222;den Herren Automobilisten&#8220; gewidmet und vor allem mit Stra\u00dfenrouten versehen. Die ersten Michelin-Sterne in Deutschland wurden 1966 verliehen.<\/p>\n","protected":false},"excerpt":{"rendered":"Auszeichnung in Frankfurt Guide Michelin 2025: Gro\u00dfer Sterne-Schwund in K\u00f6ln Aktualisiert am 17.06.2025 &#8211; 20:06 UhrLesedauer: 2 Min.&hellip;\n","protected":false},"author":2,"featured_media":198002,"comment_status":"","ping_status":"","sticky":false,"template":"","format":"standard","meta":{"footnotes":""},"categories":[1828],"tags":[2520,29,3405,30,56454,56455,1420,28989,1209,1598,3466,56451,4924,64974],"class_list":{"0":"post-198001","1":"post","2":"type-post","3":"status-publish","4":"format-standard","5":"has-post-thumbnail","7":"category-koeln","8":"tag-deutsche-presse-agentur","9":"tag-deutschland","10":"tag-duesseldorf","11":"tag-germany","12":"tag-gourmetkueche","13":"tag-guide-michelin","14":"tag-koeln","15":"tag-michelin","16":"tag-nordrhein-westfalen","17":"tag-restaurant","18":"tag-rheinauhafen","19":"tag-spitzenkueche","20":"tag-sternekueche","21":"tag-sternerestaurant"},"share_on_mastodon":{"url":"https:\/\/pubeurope.com\/@de\/114700049876528221","error":""},"_links":{"self":[{"href":"https:\/\/www.europesays.com\/de\/wp-json\/wp\/v2\/posts\/198001","targetHints":{"allow":["GET"]}}],"collection":[{"href":"https:\/\/www.europesays.com\/de\/wp-json\/wp\/v2\/posts"}],"about":[{"href":"https:\/\/www.europesays.com\/de\/wp-json\/wp\/v2\/types\/post"}],"author":[{"embeddable":true,"href":"https:\/\/www.europesays.com\/de\/wp-json\/wp\/v2\/users\/2"}],"replies":[{"embeddable":true,"href":"https:\/\/www.europesays.com\/de\/wp-json\/wp\/v2\/comments?post=198001"}],"version-history":[{"count":0,"href":"https:\/\/www.europesays.com\/de\/wp-json\/wp\/v2\/posts\/198001\/revisions"}],"wp:featuredmedia":[{"embeddable":true,"href":"https:\/\/www.europesays.com\/de\/wp-json\/wp\/v2\/media\/198002"}],"wp:attachment":[{"href":"https:\/\/www.europesays.com\/de\/wp-json\/wp\/v2\/media?parent=198001"}],"wp:term":[{"taxonomy":"category","embeddable":true,"href":"https:\/\/www.europesays.com\/de\/wp-json\/wp\/v2\/categories?post=198001"},{"taxonomy":"post_tag","embeddable":true,"href":"https:\/\/www.europesays.com\/de\/wp-json\/wp\/v2\/tags?post=198001"}],"curies":[{"name":"wp","href":"https:\/\/api.w.org\/{rel}","templated":true}]}}