{"id":198118,"date":"2025-06-17T19:11:20","date_gmt":"2025-06-17T19:11:20","guid":{"rendered":"https:\/\/www.europesays.com\/de\/198118\/"},"modified":"2025-06-17T19:11:20","modified_gmt":"2025-06-17T19:11:20","slug":"recken-bangen-um-zag-arena-und-beantragen-einstweilige-verfuegung","status":"publish","type":"post","link":"https:\/\/www.europesays.com\/de\/198118\/","title":{"rendered":"Recken bangen um ZAG Arena und beantragen einstweilige Verf\u00fcgung"},"content":{"rendered":"<p>        Recken bangen um ZAG Arena und beantragen einstweilige Verf\u00fcgung | ndr.de<\/p>\n<p>    <a id=\"anchor-content\"\/><\/p>\n<p>        <img decoding=\"async\" src=\"https:\/\/www.europesays.com\/de\/wp-content\/uploads\/2025\/06\/zagarena-100.webp\" alt=\"Ein Mann schwenkt vor Fans in der ZAG Arena die Flagge des Handball-Bundesligisten Hannover-Burgdorf.\" title=\"Ein Mann schwenkt vor Fans in der ZAG Arena die Flagge des Handball-Bundesligisten Hannover-Burgdorf. | picture alliance, Eibner-Pressefoto, Frederic Helbig\" class=\"responsive\"\/><\/p>\n<p>\n            Stand: 17.06.2025 18:44 Uhr<\/p>\n<p class=\"preface\">Der Streit zwischen der TSV Hannover-Burgdorf und der Vermietungsgesellschaft der ZAG Arena steht ab Mittwoch vor Gericht. Es geht um eine Nachzahlung von 580.00 Euro, auch mit Rauswurf wird gedroht.<\/p>\n<p class=\"textauthor\">von Maximilian Alstadt<\/p>\n<p class=\"\">\nWenn die Handballer der TSV Hannover-Burgdorf ein Heimspiel in der Bundesliga haben, dann ist die ZAG Arena auf dem Expo-Gel\u00e4nde fast immer rappelvoll. Bis zu 9.000 Fans klatschen, johlen und feuern ihre Mannschaft an. Doch schon seit einiger Zeit gibt es Streit mit dem Gesch\u00e4ftsf\u00fchrer der Vermietungsgesellschaft der ZAG Arena, G\u00fcnter Papenburg. Und nun fordert Papenburg von der TSV Hannover-Burgdorf eine Nachzahlung in H\u00f6he von 580.000 Euro. Andernfalls will er die Recken aus der Halle schmei\u00dfen. Er habe auch bereits eine K\u00fcndigung an den Verein geschrieben, sagt TSV-Gesch\u00e4ftsf\u00fchrer Eike-Christian Korsen. Die haben die Recken aber umgehend zur\u00fcckgewiesen. Au\u00dferdem will sich der Verein jetzt mit einer einstweiligen Verf\u00fcgung wehren.<\/p>\n<p>    Korsen: ZAG Arena profitiert von Recken<\/p>\n<p class=\"\">\nAm Landgericht Hannover wird ab Mittwochmittag dar\u00fcber verhandelt. F\u00fcr den Handballverein ist nicht nachvollziehbar, wie sich diese Forderung nach mehr als einer halben Million Euro zusammensetzt. &#8222;Uns ist auch nicht klar, ob sich das nur auf die vergangene Saison oder einen l\u00e4ngeren Zeitraum bezieht&#8220;, sagt Gesch\u00e4ftsf\u00fchrer Korsen. Er gibt au\u00dferdem an, dass auch die ZAG Arena von den Heimspielen der Recken profitiert. &#8222;Wir holen tausende Fans in die Halle, schaffen Sponsoren ran und sorgen daf\u00fcr, dass die Arena auch f\u00fcr andere Veranstaltungen gebucht wird&#8220;, erkl\u00e4rt Korsen.<\/p>\n<p>    Papenburg: Mehr Fans, mehr Kosten<\/p>\n<p class=\"\">\nG\u00fcnter Papenburg betonte auf Nachfrage des NDR Niedersachsen, dass er mit der jetztigen Situation sehr ungl\u00fccklich sei. Er habe damals, als er die Recken in die ZAG Arena geholt hatte, viel Geld in die Halle investiert &#8211; unter anderem in Presseraum und Videow\u00fcrfel. Das seien insgesamt drei Millionen Euro gewesen, so Papenburg. Die K\u00fcndigung habe er der TSV Hannover-Burgdorf vor einem halben Jahr \u00fcberstellt. Die Handballer h\u00e4tten sich seiner Ansicht nach bisher aber nicht gespr\u00e4chsbereit gezeigt. Die 580.000 Euro Nachzahlung beziehen sich laut Papenburg auf die vergangene Saison. Es k\u00e4men viel mehr Fans zu den Spielen. Das sorge zwar f\u00fcr mehr Einnahmen, aber auch f\u00fcr mehr Energie-, Security- und Reinigungskosten. Es brauche einen neuen Vertrag, um die Kosten zu decken.<\/p>\n<p>        <img decoding=\"async\" src=\"https:\/\/www.europesays.com\/de\/wp-content\/uploads\/2025\/06\/recken510.webp\" alt=\"Hannovers Handballer Renars Uscins (l.) und Justus Fischer.\" title=\"Hannovers Handballer Renars Uscins (l.) und Justus Fischer. | IMAGO \/ eu-images\" class=\"responsive\" loading=\"lazy\"\/><\/p>\n<p>Die TSV Hannover-Burgdorf hat eine gute Saison in der Handball-Bundesliga gespielt. Am Ende stand Rang sechs &#8211; und der zweitbeste Zuschauerschnitt der Liga.<\/p>\n<p>        <img decoding=\"async\" src=\"https:\/\/www.europesays.com\/de\/wp-content\/uploads\/2025\/06\/suv104.webp\" alt=\"SUV\" title=\"SUV | fotolia, Kadmy\" class=\"responsive\" loading=\"lazy\"\/><\/p>\n<p>Drei Beschuldigte sitzen in Untersuchungshaft. Die gestohlenen Fahrzeuge sollten wohl nach Ghana verschifft worden sein.<\/p>\n<p>        <img decoding=\"async\" src=\"https:\/\/www.europesays.com\/de\/wp-content\/uploads\/2025\/06\/autobahnpolizei120.webp\" alt=\"Ein Einsatzfahrzeug der Autobahnpolizei f\u00e4hrt mit eingeschaltetem Blaulicht auf einer dreispurigen Autobahn.\" title=\"Ein Einsatzfahrzeug der Autobahnpolizei f\u00e4hrt mit eingeschaltetem Blaulicht auf einer dreispurigen Autobahn. | NDR, Julius Matuschik\" class=\"responsive\" loading=\"lazy\"\/><\/p>\n<p>Der Mann war laut Polizei mit mehr als drei Promille Alkohol am Steuer. Er besch\u00e4digte bei dem Unfall auch eine Br\u00fccke.<\/p>\n<p>        <img decoding=\"async\" src=\"https:\/\/www.europesays.com\/de\/wp-content\/uploads\/2025\/06\/hildesheim-130.webp\" alt=\"Der Angeklagte sitzt im Gerichtssaal in Hildesheim.\" title=\"Der Angeklagte sitzt im Gerichtssaal in Hildesheim. | NDR, Julia Willkomm\" class=\"responsive\" loading=\"lazy\"\/><\/p>\n<p>Das Landgericht Hildesheim hat Charles Smethurst zu sechs Jahren und elf Monaten Haft verurteilt.<\/p>\n<p>        <img decoding=\"async\" src=\"https:\/\/www.europesays.com\/de\/wp-content\/uploads\/2025\/06\/stadtbahn-100.webp\" alt=\"Eine Stra\u00dfenbahn ist in einen gelben Lastwagen gefahren.\" title=\"Eine Stra\u00dfenbahn ist in einen gelben Lastwagen gefahren. | Nord-West-Media\" class=\"responsive\" loading=\"lazy\"\/><\/p>\n<p>Der Unfall ereignete sich auf der Hildesheimer Stra\u00dfe in Richtung Hannovers Innenstadt &#8211; sie ist f\u00fcr Autos und Stadtbahnen gesperrt.<\/p>\n<p>        <img decoding=\"async\" src=\"https:\/\/www.europesays.com\/de\/wp-content\/uploads\/2025\/06\/disco320.webp\" alt=\"Eine alte Dame tanzt in einem Club.\" title=\"Eine alte Dame tanzt in einem Club. | NDR\" class=\"responsive\" loading=\"lazy\"\/><\/p>\n<p>        <img decoding=\"async\" src=\"https:\/\/www.europesays.com\/de\/wp-content\/uploads\/2025\/06\/landwirt338.webp\" alt=\"Landwirt Stefan Golze f\u00fcttert seine H\u00fchner auf einer Wiese.\" title=\"Landwirt Stefan Golze f\u00fcttert seine H\u00fchner auf einer Wiese. | NDR\" class=\"responsive\" loading=\"lazy\"\/><\/p>\n","protected":false},"excerpt":{"rendered":"Recken bangen um ZAG Arena und beantragen einstweilige Verf\u00fcgung | ndr.de Stand: 17.06.2025 18:44 Uhr Der Streit zwischen&hellip;\n","protected":false},"author":2,"featured_media":198119,"comment_status":"","ping_status":"","sticky":false,"template":"","format":"standard","meta":{"footnotes":""},"categories":[1836],"tags":[3364,29,666,30,65071,1391,46,65070,25273,3317,1411,65069,2127,2298,57355],"class_list":{"0":"post-198118","1":"post","2":"type-post","3":"status-publish","4":"format-standard","5":"has-post-thumbnail","7":"category-hannover","8":"tag-de","9":"tag-deutschland","10":"tag-geld","11":"tag-germany","12":"tag-guenter-papenburg","13":"tag-handball","14":"tag-hannover","15":"tag-hannover-burgdorf","16":"tag-landgericht-hannover","17":"tag-miete","18":"tag-niedersachsen","19":"tag-recken","20":"tag-streit","21":"tag-vermieter","22":"tag-zag-arena"},"share_on_mastodon":{"url":"https:\/\/pubeurope.com\/@de\/114700293881851994","error":""},"_links":{"self":[{"href":"https:\/\/www.europesays.com\/de\/wp-json\/wp\/v2\/posts\/198118","targetHints":{"allow":["GET"]}}],"collection":[{"href":"https:\/\/www.europesays.com\/de\/wp-json\/wp\/v2\/posts"}],"about":[{"href":"https:\/\/www.europesays.com\/de\/wp-json\/wp\/v2\/types\/post"}],"author":[{"embeddable":true,"href":"https:\/\/www.europesays.com\/de\/wp-json\/wp\/v2\/users\/2"}],"replies":[{"embeddable":true,"href":"https:\/\/www.europesays.com\/de\/wp-json\/wp\/v2\/comments?post=198118"}],"version-history":[{"count":0,"href":"https:\/\/www.europesays.com\/de\/wp-json\/wp\/v2\/posts\/198118\/revisions"}],"wp:featuredmedia":[{"embeddable":true,"href":"https:\/\/www.europesays.com\/de\/wp-json\/wp\/v2\/media\/198119"}],"wp:attachment":[{"href":"https:\/\/www.europesays.com\/de\/wp-json\/wp\/v2\/media?parent=198118"}],"wp:term":[{"taxonomy":"category","embeddable":true,"href":"https:\/\/www.europesays.com\/de\/wp-json\/wp\/v2\/categories?post=198118"},{"taxonomy":"post_tag","embeddable":true,"href":"https:\/\/www.europesays.com\/de\/wp-json\/wp\/v2\/tags?post=198118"}],"curies":[{"name":"wp","href":"https:\/\/api.w.org\/{rel}","templated":true}]}}