{"id":198233,"date":"2025-06-17T20:11:14","date_gmt":"2025-06-17T20:11:14","guid":{"rendered":"https:\/\/www.europesays.com\/de\/198233\/"},"modified":"2025-06-17T20:11:14","modified_gmt":"2025-06-17T20:11:14","slug":"zoll-prueft-schwarzarbeit-im-baugewerbe-auch-kontrollen-in-wuppertal","status":"publish","type":"post","link":"https:\/\/www.europesays.com\/de\/198233\/","title":{"rendered":"Zoll pr\u00fcft Schwarzarbeit im Baugewerbe: Auch Kontrollen in Wuppertal"},"content":{"rendered":"<p class=\"text_ohne_einzug richtext text-em-55 !leading-serif mx-6 desktop:mx-0\">Die Finanzkontrolle Schwarzarbeit (FKS) des Hauptzollamts D\u00fcsseldorf hat sich an einer bundesweiten Schwerpunktpr\u00fcfung im Baugewerbe beteiligt. 67 Z\u00f6llnerinnen und Z\u00f6llner der FKS-Standorte D\u00fcsseldorf und Wuppertal kontrollierten verschiedene Baustellen in D\u00fcsseldorf, Wuppertal und Remscheid. Unterst\u00fctzt wurde der Zoll vom Ausl\u00e4nderamt, dem Finanzamt und dem Ordnungsamt.<\/p>\n","protected":false},"excerpt":{"rendered":"Die Finanzkontrolle Schwarzarbeit (FKS) des Hauptzollamts D\u00fcsseldorf hat sich an einer bundesweiten Schwerpunktpr\u00fcfung im Baugewerbe beteiligt. 67 Z\u00f6llnerinnen&hellip;\n","protected":false},"author":2,"featured_media":198234,"comment_status":"","ping_status":"","sticky":false,"template":"","format":"standard","meta":{"footnotes":"","_share_on_mastodon":"0"},"categories":[1840],"tags":[26171,3364,29,3405,7328,65096,30,3606,65097,9907,1209,21537,5719,13661,4418,615],"class_list":["post-198233","post","type-post","status-publish","format-standard","has-post-thumbnail","category-wuppertal","tag-baugewerbe","tag-de","tag-deutschland","tag-duesseldorf","tag-faelle","tag-fks","tag-germany","tag-hauptzollamt","tag-hauptzollamts","tag-insgesamt","tag-nordrhein-westfalen","tag-remscheid","tag-schwarzarbeit","tag-verdacht","tag-wuppertal","tag-zoll"],"share_on_mastodon":{"url":"https:\/\/pubeurope.com\/@de\/114700529550438762","error":""},"_links":{"self":[{"href":"https:\/\/www.europesays.com\/de\/wp-json\/wp\/v2\/posts\/198233","targetHints":{"allow":["GET"]}}],"collection":[{"href":"https:\/\/www.europesays.com\/de\/wp-json\/wp\/v2\/posts"}],"about":[{"href":"https:\/\/www.europesays.com\/de\/wp-json\/wp\/v2\/types\/post"}],"author":[{"embeddable":true,"href":"https:\/\/www.europesays.com\/de\/wp-json\/wp\/v2\/users\/2"}],"replies":[{"embeddable":true,"href":"https:\/\/www.europesays.com\/de\/wp-json\/wp\/v2\/comments?post=198233"}],"version-history":[{"count":0,"href":"https:\/\/www.europesays.com\/de\/wp-json\/wp\/v2\/posts\/198233\/revisions"}],"wp:featuredmedia":[{"embeddable":true,"href":"https:\/\/www.europesays.com\/de\/wp-json\/wp\/v2\/media\/198234"}],"wp:attachment":[{"href":"https:\/\/www.europesays.com\/de\/wp-json\/wp\/v2\/media?parent=198233"}],"wp:term":[{"taxonomy":"category","embeddable":true,"href":"https:\/\/www.europesays.com\/de\/wp-json\/wp\/v2\/categories?post=198233"},{"taxonomy":"post_tag","embeddable":true,"href":"https:\/\/www.europesays.com\/de\/wp-json\/wp\/v2\/tags?post=198233"}],"curies":[{"name":"wp","href":"https:\/\/api.w.org\/{rel}","templated":true}]}}