{"id":198406,"date":"2025-06-17T21:47:09","date_gmt":"2025-06-17T21:47:09","guid":{"rendered":"https:\/\/www.europesays.com\/de\/198406\/"},"modified":"2025-06-17T21:47:09","modified_gmt":"2025-06-17T21:47:09","slug":"von-fortuna-bonn-blau-weiss-friesdorf-verpflichtet-neuen-trainer","status":"publish","type":"post","link":"https:\/\/www.europesays.com\/de\/198406\/","title":{"rendered":"Von Fortuna Bonn: Blau-Wei\u00df Friesdorf verpflichtet neuen Trainer"},"content":{"rendered":"<p>Den direkten Wiederaufstieg in die Landesliga hat der FC Blau-Wei\u00df Friesdorf mit der Vizemeisterschaft knapp verpasst &#8211; jetzt laufen die Planungen f\u00fcr die kommende Saison auf Hochtouren. Trainer Daniel Ohmert und Co-Trainer Carlos Hohn verlassen den Verein, daf\u00fcr st\u00f6\u00dft Farbod Khosravani neu zum Cheftrainer-Duo mit Thomas Huhn dazu.<\/p>\n<p>Huhn holt sich Trainerpartner dazu <\/p>\n<p>Der 42-J\u00e4hrige war bis zuletzt als Co-Trainer bei Landesligist Fortuna Bonn aktiv. Eigentlich sollte nach dieser Spielzeit eine Fu\u00dfballpause folgen. Daran, dass es dazu nun doch nicht kommt, hat Friesdorf-Coach Huhn einen bedeutenden Anteil. &#8222;Der Kontakt ist \u00fcber einen gemeinsamen Bekannten entstanden: Thomas hat sich bei mir gemeldet, wir haben uns zwei- bis dreimal getroffen, waren uns direkt sympathisch und haben uns offen ausgetauscht&#8220;, sagt Khosravani.<\/p>\n<p>Die Rollenverteilung innerhalb des Trainergespanns ist vor dem Amtsantritt des ehemaligen Cheftrainers von A-Ligist ASV St. Augustin nat\u00fcrlich schon gekl\u00e4rt. &#8222;Thomas wird sich \u2013 aufgrund seiner langj\u00e4hrigen Erfahrung als Torwart \u2013 haupts\u00e4chlich um das Torwarttraining k\u00fcmmern, w\u00e4hrend ich den Fokus auf Feldspieler- und Taktiktraining lege&#8220;, erkl\u00e4rt Khosravani. Ein Co-Trainer und ein Athletiktrainer sollen das Trainerteam bis zum Start der Vorbereitung noch erg\u00e4nzen.<\/p>\n<p> <a href=\"https:\/\/www.fupa.net\/team\/fc-blau-weiss-friesdorf-m1-2024-25\" target=\"_blank\" rel=\"noopener\">&gt;&gt;&gt; Der Kader von Blau-Wei\u00df Friesdorf<\/a> <\/p>\n<p>Mit klaren Kampfansagen Richtung Aufstieg h\u00e4lt sich der neue Mann einige Monate vor Saisonstart noch zur\u00fcck. Zun\u00e4chst einmal gehe es darum &#8222;die Mannschaft weiterzuentwickeln und junge Spieler Schritt f\u00fcr Schritt an den Seniorenbereich heranzuf\u00fchren&#8220;, wie der 42-J\u00e4hrige betont. <\/p>\n<p> Wo geht es f\u00fcr Friesdorf im kommenden Jahr hin? <\/p>\n<p>Trotzdem d\u00fcrfte man in Friesdorf nach der starken Hinrunde inklusive Herbstmeisterschaft Blut geleckt haben, das Selbstverst\u00e4ndnis des Mittelrheinliga-Absteigers von 2023 spricht sowieso f\u00fcr den Blick auf die oberen Tabellenregionen. &#8222;Friesdorf war schon immer ein bekannter Name in Bonn und Umgebung. Das Projekt hat mich sofort angesprochen und bietet spannende Perspektiven&#8220;, sagt Khosravani. Wie diese Perspektiven bei den Blau-Wei\u00dfen genau aussehen, zeigt sich sp\u00e4testens, wenn es im Ligabetrieb wieder ernst wird. <\/p>\n","protected":false},"excerpt":{"rendered":"Den direkten Wiederaufstieg in die Landesliga hat der FC Blau-Wei\u00df Friesdorf mit der Vizemeisterschaft knapp verpasst &#8211; jetzt&hellip;\n","protected":false},"author":2,"featured_media":198407,"comment_status":"","ping_status":"","sticky":false,"template":"","format":"standard","meta":{"footnotes":""},"categories":[1842],"tags":[5633,1741,3364,29,65137,5636,30,65134,1209,65135,65136],"class_list":{"0":"post-198406","1":"post","2":"type-post","3":"status-publish","4":"format-standard","5":"has-post-thumbnail","7":"category-bonn","8":"tag-bezirksliga-mittelrhein-staffel-2","9":"tag-bonn","10":"tag-de","11":"tag-deutschland","12":"tag-farbod-khosravani","13":"tag-fc-blau-weiss-friesdorf","14":"tag-germany","15":"tag-landesliga-mittelrhein-staffel-1","16":"tag-nordrhein-westfalen","17":"tag-sc-fortuna-bonn","18":"tag-thomas-huhn"},"share_on_mastodon":{"url":"https:\/\/pubeurope.com\/@de\/114700906787161433","error":""},"_links":{"self":[{"href":"https:\/\/www.europesays.com\/de\/wp-json\/wp\/v2\/posts\/198406","targetHints":{"allow":["GET"]}}],"collection":[{"href":"https:\/\/www.europesays.com\/de\/wp-json\/wp\/v2\/posts"}],"about":[{"href":"https:\/\/www.europesays.com\/de\/wp-json\/wp\/v2\/types\/post"}],"author":[{"embeddable":true,"href":"https:\/\/www.europesays.com\/de\/wp-json\/wp\/v2\/users\/2"}],"replies":[{"embeddable":true,"href":"https:\/\/www.europesays.com\/de\/wp-json\/wp\/v2\/comments?post=198406"}],"version-history":[{"count":0,"href":"https:\/\/www.europesays.com\/de\/wp-json\/wp\/v2\/posts\/198406\/revisions"}],"wp:featuredmedia":[{"embeddable":true,"href":"https:\/\/www.europesays.com\/de\/wp-json\/wp\/v2\/media\/198407"}],"wp:attachment":[{"href":"https:\/\/www.europesays.com\/de\/wp-json\/wp\/v2\/media?parent=198406"}],"wp:term":[{"taxonomy":"category","embeddable":true,"href":"https:\/\/www.europesays.com\/de\/wp-json\/wp\/v2\/categories?post=198406"},{"taxonomy":"post_tag","embeddable":true,"href":"https:\/\/www.europesays.com\/de\/wp-json\/wp\/v2\/tags?post=198406"}],"curies":[{"name":"wp","href":"https:\/\/api.w.org\/{rel}","templated":true}]}}