{"id":198426,"date":"2025-06-17T21:57:10","date_gmt":"2025-06-17T21:57:10","guid":{"rendered":"https:\/\/www.europesays.com\/de\/198426\/"},"modified":"2025-06-17T21:57:10","modified_gmt":"2025-06-17T21:57:10","slug":"niedersachsen-bremen-11-000-osnabruecker-muessen-haeuser-wegen-bombenfund-verlassen","status":"publish","type":"post","link":"https:\/\/www.europesays.com\/de\/198426\/","title":{"rendered":"Niedersachsen &#038; Bremen: 11.000 Osnabr\u00fccker m\u00fcssen H\u00e4user wegen Bombenfund verlassen"},"content":{"rendered":"<p>                    Niedersachsen &amp; Bremen<br \/>\n                11.000 Osnabr\u00fccker m\u00fcssen H\u00e4user wegen Bombenfund verlassen<\/p>\n<p>\t\t\t\t              17.06.2025, 21:30 Uhr<\/p>\n<p><strong>Der Weltkriegsblindg\u00e4nger wurde bei baubegleitenden Arbeiten gefunden. Die Bombe m\u00fcsse schnell entsch\u00e4rft werden, hei\u00dft es. Auch der Bahnhof liegt im Evakuierungsgebiet.<\/strong><\/p>\n<p>Osnabr\u00fcck (dpa\/lni) &#8211; Wegen des Fundes einer Weltkriegsbombe m\u00fcssen rund 11.000 Menschen in Osnabr\u00fcck kurzfristig ihre Wohnungen verlassen. Die Stadt teilte gegen 20.00 Uhr auf ihrer Internetseite mit: &#8222;Wir verstehen ja, dass ihr genervt seid, weil die Evakuierung sehr spontan anberaumt wurde. Das ist aber kein Grund, das Evakuierungsgebiet nicht zu verlassen. Also: Bitte kooperiert und h\u00f6rt auf die Einsatzkr\u00e4fte. Verlasst das Gebiet rasch, damit der Sprengmeister arbeiten kann.&#8220;<\/p>\n<p>Die 500-Kilogramm-Bombe sei bei baubegleitenden Arbeiten im Lokviertel gefunden worden und m\u00fcsse sofort entsch\u00e4rft werden, hie\u00df es. Auch am Bahnhof und im Bahnverkehr kommt es zu Einschr\u00e4nkungen, wie die Deutsche Bahn mitteilte. Sie geht davon aus, dass diese mindestens bis Mitternacht dauern.\u00a0<\/p>\n<p>&#8222;Es wird eine unverz\u00fcgliche Evakuierung der betroffenen Gebiete stattfinden. Bitte verlassen Sie Ihre H\u00e4user&#8220;, schrieb die Stadt am sp\u00e4ten Nachmittag. Betroffen seien rund 6.500 Haushalte in einem Radius von 1.000 Metern. &#8222;Die geplante Entsch\u00e4rfung ist notwendig, um eine Gefahr zu beseitigen. Wir danken Ihnen f\u00fcr Ihre erneute Kooperation&#8220;, hie\u00df es. Nicht betroffen seien Krankenh\u00e4user. Die Menschen im Sperrgebiet sollten dieses eigentlich bis 19.00 Uhr verlassen.<\/p>\n<p>Bahnverkehr steht still<\/p>\n<p>Im Osnabr\u00fccker Hauptbahnhof halten wegen der eingerichteten Sperrzone keine Z\u00fcge mehr, wie die Deutsche Bahn mitteilte. Regionalz\u00fcge sind ebenso betroffen wie ICE- und IC-Z\u00fcge. Ab voraussichtlich. 22.00 Uhr m\u00fcssen die Z\u00fcge zus\u00e4tzlich umgeleitet werden und versp\u00e4ten sich dadurch um etwa 40 Minuten, wie es hie\u00df.<\/p>\n<p>Immer wieder Blindg\u00e4nger-Funde<\/p>\n<p>Schon im vergangenen November, Februar und im April mussten Weltkriegsblindg\u00e4nger im Lokviertel entsch\u00e4rft werden. Auf dem Gel\u00e4nde des fr\u00fcheren G\u00fcterbahnhofs der Stadt soll ein neues Stadtviertel entstehen. W\u00e4hrend des Zweiten Weltkriegs war das Gebiet massiven Bombardierungen ausgesetzt. Osnabr\u00fcck ist nach Angaben der Stadt sowohl absolut als auch relativ zu den Einwohnerzahlen eine der St\u00e4dte mit den meisten Blindg\u00e4nger-Entsch\u00e4rfungen in Deutschland.<\/p>\n<p>Anfang April hatten Experten drei Blindg\u00e4nger aus dem Zweiten Weltkrieg unsch\u00e4dlich gemacht. Mehr als 15.000 Menschen mussten daf\u00fcr ihre H\u00e4user verlassen. Sie konnten den ganzen Tag lang verg\u00fcnstigt in den Zoo, in Museen und andere Einrichtungen. Im Evakuierungsgebiet lag auch der Hauptbahnhof, der den ganzen Tag \u00fcber gesperrt war. Auch zwei Krankenh\u00e4user und vier Pflegeheime wurden evakuiert.\u00a0<\/p>\n<p>Die Stadt schrieb auf ihrer Internetseite: &#8222;Im Zweiten Weltkrieg explodierten nicht alle abgeworfenen Bomben. Der Anteil sogenannter Blindg\u00e4nger lag sch\u00e4tzungsweise bei 10 bis 15 Prozent.&#8220;. Technische Defekte an den Z\u00fcndern, Fertigungsfehler oder Materialerm\u00fcdung konnten dazu f\u00fchren, dass die Z\u00fcndung beim Aufprall nicht ausgel\u00f6st wurde. Auch nach Jahrzehnten im Boden seien solche Bomben unter bestimmten Bedingungen weiterhin explosionsf\u00e4hig.<\/p>\n","protected":false},"excerpt":{"rendered":"Niedersachsen &amp; Bremen 11.000 Osnabr\u00fccker m\u00fcssen H\u00e4user wegen Bombenfund verlassen 17.06.2025, 21:30 Uhr Der Weltkriegsblindg\u00e4nger wurde bei baubegleitenden&hellip;\n","protected":false},"author":2,"featured_media":198427,"comment_status":"","ping_status":"","sticky":false,"template":"","format":"standard","meta":{"footnotes":""},"categories":[1824],"tags":[11195,2420,3364,29,30,5332,1411,65141],"class_list":{"0":"post-198426","1":"post","2":"type-post","3":"status-publish","4":"format-standard","5":"has-post-thumbnail","7":"category-bremen","8":"tag-bombenfund","9":"tag-bremen","10":"tag-de","11":"tag-deutschland","12":"tag-germany","13":"tag-haeuser","14":"tag-niedersachsen","15":"tag-osnabruecker"},"share_on_mastodon":{"url":"https:\/\/pubeurope.com\/@de\/114700946152389916","error":""},"_links":{"self":[{"href":"https:\/\/www.europesays.com\/de\/wp-json\/wp\/v2\/posts\/198426","targetHints":{"allow":["GET"]}}],"collection":[{"href":"https:\/\/www.europesays.com\/de\/wp-json\/wp\/v2\/posts"}],"about":[{"href":"https:\/\/www.europesays.com\/de\/wp-json\/wp\/v2\/types\/post"}],"author":[{"embeddable":true,"href":"https:\/\/www.europesays.com\/de\/wp-json\/wp\/v2\/users\/2"}],"replies":[{"embeddable":true,"href":"https:\/\/www.europesays.com\/de\/wp-json\/wp\/v2\/comments?post=198426"}],"version-history":[{"count":0,"href":"https:\/\/www.europesays.com\/de\/wp-json\/wp\/v2\/posts\/198426\/revisions"}],"wp:featuredmedia":[{"embeddable":true,"href":"https:\/\/www.europesays.com\/de\/wp-json\/wp\/v2\/media\/198427"}],"wp:attachment":[{"href":"https:\/\/www.europesays.com\/de\/wp-json\/wp\/v2\/media?parent=198426"}],"wp:term":[{"taxonomy":"category","embeddable":true,"href":"https:\/\/www.europesays.com\/de\/wp-json\/wp\/v2\/categories?post=198426"},{"taxonomy":"post_tag","embeddable":true,"href":"https:\/\/www.europesays.com\/de\/wp-json\/wp\/v2\/tags?post=198426"}],"curies":[{"name":"wp","href":"https:\/\/api.w.org\/{rel}","templated":true}]}}