{"id":198445,"date":"2025-06-17T22:07:14","date_gmt":"2025-06-17T22:07:14","guid":{"rendered":"https:\/\/www.europesays.com\/de\/198445\/"},"modified":"2025-06-17T22:07:14","modified_gmt":"2025-06-17T22:07:14","slug":"vfb-stuttgart-droht-der-star-exodus-klub-ikone-legt-sich-fest","status":"publish","type":"post","link":"https:\/\/www.europesays.com\/de\/198445\/","title":{"rendered":"VfB Stuttgart | Droht der Star-Exodus? Klub-Ikone legt sich fest"},"content":{"rendered":"\n<p>Nachdem sich der VfB Stuttgart in diesem Jahr zum DFB-Pokalsieg geballert hatte, werden erneut mehrere Starspieler der Schwaben mit europ\u00e4ischen Top-Klubs in Verbindung gebracht. Droht dem VfB ein Ausverkauf seiner besten Akteure?<\/p>\n<p>Nein, auf keinen Fall. Diese Ansicht zumindest vertritt Hansi M\u00fcller, der f\u00fcr den <a href=\"https:\/\/www.sport.de\/fussball\/te2076\/vfb-stuttgart\/\" target=\"_blank\" rel=\"noopener\">VfB Stuttgart<\/a> 54 Tore in 143 <a href=\"https:\/\/www.sport.de\/fussball\/deutschland-bundesliga\/ergebnisse-und-tabelle\/\" target=\"_blank\" rel=\"noopener\">Bundesliga<\/a>-Spielen schoss und als echte Vereinsikone gilt.<\/p>\n<p>&#8222;Ich habe keine Bedenken&#8220;, meinte der geb\u00fcrtige Stuttgarter gegen\u00fcber &#8222;Bild&#8220; auf die Frage, ob dem VfB in diesem Jahr einmal mehr eine regelrechte Star-Flucht drohe.<\/p>\n<p>Schon im letzten Sommer, nachdem der Klub sensationell Vizemeister hinter Bayer Leverkusen geworden war, hatten unter anderem mit Waldemar Anton, Serhou Guirassy (beide in Richtung Borussia Dortmund) und Hiroki Ito (zum FC Bayern) gleich mehrere Stammspieler unter Erfolgstrainer Sebastian Hoene\u00df den Klub verlassen.\u00a0<\/p>\n<p>Hansi M\u00fcller glaubt nicht daran, dass es in diesem Jahr \u00e4hnlich viele und hochwertige Abg\u00e4nge zu verzeichnen gibt, wie er gegen\u00fcber der Zeitung betonte: &#8222;Es gibt auch in Stuttgart Argumente, die den Jungs Spa\u00df bereiten. Der VfB wei\u00df, dass er hier und da noch etwas nachbessern muss \u2013 und wird das sicher auch tun.&#8220;<\/p>\n<p>Stiller zuletzt bei Real Madrid gehandelt<img decoding=\"async\" src=\"https:\/\/www.europesays.com\/de\/wp-content\/uploads\/2025\/05\/6jLS_b36rOj_l.jpg\"\/><\/p>\n<p>Zuletzt wurden gleich mehrere Aktivposten des VfB mit einem m\u00f6glichen Auslandswechsel in Verbindung gebracht. Unter anderem soll Mittelfeld-Stratege Angelo Stiller bei Real Madrid gehandelt werden, Torj\u00e4ger Nick Woltemade beim FC Chelsea diskutiert werden.<\/p>\n<p>Grunds\u00e4tzlich zeigte sich 67-J\u00e4hrige aber verst\u00e4ndnisvoll, sollte sich einer der begehrten VfB-Stars f\u00fcr den Schritt ins Ausland entscheiden, statt seinen Karriereweg im L\u00e4ndle weiter zu beschreiten: &#8222;Da kommen Vereine mit Angeboten, die dir den Kopf verdrehen. Da kannst du es den Jungs nicht verdenken, wenn sie die Chance wahrnehmen, weiter in der Champions League zu spielen \u2013 und das bei dreifachem Gehalt&#8220;, so M\u00fcller, der selbst nach sieben Profi-Jahren beim VfB Stuttgart zu Inter Mailand gewechselt war.\u00a0<\/p>\n","protected":false},"excerpt":{"rendered":"Nachdem sich der VfB Stuttgart in diesem Jahr zum DFB-Pokalsieg geballert hatte, werden erneut mehrere Starspieler der Schwaben&hellip;\n","protected":false},"author":2,"featured_media":198446,"comment_status":"","ping_status":"","sticky":false,"template":"","format":"standard","meta":{"footnotes":""},"categories":[1830],"tags":[3570,1634,299,3364,29,347,30,65148,1770,863,1441,887,4443,2915],"class_list":{"0":"post-198445","1":"post","2":"type-post","3":"status-publish","4":"format-standard","5":"has-post-thumbnail","7":"category-stuttgart","8":"tag-angelo-stiller","9":"tag-baden-wuerttemberg","10":"tag-bundesliga","11":"tag-de","12":"tag-deutschland","13":"tag-fussball","14":"tag-germany","15":"tag-hansi-mueller","16":"tag-nick-woltemade","17":"tag-sport-allgemein","18":"tag-stuttgart","19":"tag-top-fussball","20":"tag-transfers-und-geruechte","21":"tag-vfb-stuttgart"},"share_on_mastodon":{"url":"https:\/\/pubeurope.com\/@de\/114700985564664125","error":""},"_links":{"self":[{"href":"https:\/\/www.europesays.com\/de\/wp-json\/wp\/v2\/posts\/198445","targetHints":{"allow":["GET"]}}],"collection":[{"href":"https:\/\/www.europesays.com\/de\/wp-json\/wp\/v2\/posts"}],"about":[{"href":"https:\/\/www.europesays.com\/de\/wp-json\/wp\/v2\/types\/post"}],"author":[{"embeddable":true,"href":"https:\/\/www.europesays.com\/de\/wp-json\/wp\/v2\/users\/2"}],"replies":[{"embeddable":true,"href":"https:\/\/www.europesays.com\/de\/wp-json\/wp\/v2\/comments?post=198445"}],"version-history":[{"count":0,"href":"https:\/\/www.europesays.com\/de\/wp-json\/wp\/v2\/posts\/198445\/revisions"}],"wp:featuredmedia":[{"embeddable":true,"href":"https:\/\/www.europesays.com\/de\/wp-json\/wp\/v2\/media\/198446"}],"wp:attachment":[{"href":"https:\/\/www.europesays.com\/de\/wp-json\/wp\/v2\/media?parent=198445"}],"wp:term":[{"taxonomy":"category","embeddable":true,"href":"https:\/\/www.europesays.com\/de\/wp-json\/wp\/v2\/categories?post=198445"},{"taxonomy":"post_tag","embeddable":true,"href":"https:\/\/www.europesays.com\/de\/wp-json\/wp\/v2\/tags?post=198445"}],"curies":[{"name":"wp","href":"https:\/\/api.w.org\/{rel}","templated":true}]}}