{"id":198465,"date":"2025-06-17T22:18:11","date_gmt":"2025-06-17T22:18:11","guid":{"rendered":"https:\/\/www.europesays.com\/de\/198465\/"},"modified":"2025-06-17T22:18:11","modified_gmt":"2025-06-17T22:18:11","slug":"in-spandau-entsteht-ein-50-meter-kunstwerk-an-diesem-haus","status":"publish","type":"post","link":"https:\/\/www.europesays.com\/de\/198465\/","title":{"rendered":"In Spandau entsteht ein 50-Meter-Kunstwerk an diesem Haus"},"content":{"rendered":"<p class=\"tspBYlv tspBYlw\">In Staaken entsteht das gr\u00f6\u00dfte Gem\u00e4lde von <a href=\"https:\/\/www.tagesspiegel.de\/berlin\/bezirke\/spandau\/\" target=\"_blank\" rel=\"noopener\" class=\"link link--external\" data-gtm-class=\"article-text-link\" data-gtm-val=\"external\" aria-describedby=\"message-target-blank\">Berlin-Spandau<\/a>:<strong> 50 Meter hoch<\/strong> wird das Kunstwerk sein, das im Herbst am <strong>blau-wei\u00dfen Wohnhaus<\/strong> neben dem \u201eStaaken Center\u201c entstehen soll. Der Name: \u201eLove Letters in the City\u201c.<\/p>\n<p><a href=\"https:\/\/www.tagesspiegel.de\/berlin\/bezirke\/spandau\/berlins-gewobag-chef-im-tagesspiegel-unsere-hauswarte-sollen-ruhig-klartext-reden-13809265.html?icid=single-topic_13866646___\" data-gtm-class=\"article-mzt-link\" class=\"tspCBm3\" target=\"_blank\" rel=\"noopener\">Berlins Gewobag-Chef Malte B\u00e4delt \u201eUnsere Hauswarte sollen Klartext reden\u201c   <\/a><\/p>\n<p class=\"tspBYlv\">Als der neue Chef der Gewobag, Malte B\u00e4delt, den <a href=\"https:\/\/tagesspiegel.de\/bezirke\" target=\"_blank\" rel=\"noopener\" class=\"link link--external\" data-gtm-class=\"article-text-link\" data-gtm-val=\"external\" aria-describedby=\"message-target-blank\"><strong>Spandau-Newsletter des Tagesspiegels<\/strong><\/a> jetzt zu sich ins B\u00fcro einlud, <a href=\"https:\/\/www.tagesspiegel.de\/berlin\/bezirke\/spandau\/berlins-gewobag-chef-im-tagesspiegel-unsere-hauswarte-sollen-ruhig-klartext-reden-13809265.html?bezuggrd=LEU&amp;utm_referrer=newsletter&amp;utm_source=leute-spandau\" target=\"_blank\" rel=\"noopener\" class=\"link link--external\" data-gtm-class=\"article-text-link\" data-gtm-val=\"external\" aria-describedby=\"message-target-blank\">um einmal ausf\u00fchrlich \u00fcber Spandau zu reden<\/a>, ging es auch um dieses Kunstprojekt. Dahinter steckt schlie\u00dflich <strong>eine Gewobag-Stiftung<\/strong> (\u201eBerliner Leben\u201c). Also: Was haben Sie da vor in Staaken? <\/p>\n<p><a href=\"https:\/\/www.tagesspiegel.de\/berlin\/bezirke\/ich-habe-mir-die-nase-platt-gedruckt-kai-wegner-und-das-staaken-center-12349412.html?icid=single-topic_13866646___\" data-gtm-class=\"article-mzt-link\" class=\"tspCBm3\" target=\"_blank\" rel=\"noopener\">\u201eIch habe mir die Nase platt gedr\u00fcckt\u201c Kai Wegner und das \u201eStaaken-Center\u201c <\/a><\/p>\n<p class=\"tspBYlv\">\u201eAm Magistratsweg 10 <strong>gestaltet eine K\u00fcnstlerin ein gro\u00dfes Mural<\/strong>, also ein riesiges Wandbild an der Fassade\u201c, erz\u00e4hlte mir der 45-J\u00e4hrige.<\/p>\n<p><img decoding=\"async\" src=\"https:\/\/www.europesays.com\/de\/wp-content\/uploads\/2025\/06\/sozialwohnungen-imago-schoning.jpeg\" alt=\"\" aria-labelledby=\"caption-13727680\" loading=\"lazy\" class=\"tspBRle\"\/> Blick auf die Gro\u00dfsiedlung vom Hahneberg. <\/p>\n<p class=\"tspA8ij\"> \u00a9 Imago\/Sch\u00f6ning <\/p>\n<p class=\"tspBYlv\">\u201eDas Motiv sucht die Stiftung gemeinsam mit den Nachbarn. Daf\u00fcr sind im Juni und Juli vier Events geplant, um die Ideen zu h\u00f6ren\u201c \u2013 das n\u00e4chste Mal <strong>am morgigen Mittwoch: 18. Juni, 15-18 Uhr<\/strong>, im Tunnel des Staaken-Centers.<\/p>\n<p><a href=\"https:\/\/www.tagesspiegel.de\/berlin\/bezirke\/das-neue-staaken-center-hatte-ich-nur-aufs-geld-geachtet-ware-ich-hier-falsch-12349070.html?icid=single-topic_13866646___\" data-gtm-class=\"article-mzt-link\" class=\"tspCBm3\" target=\"_blank\" rel=\"noopener\">Der neue Chef im Staaken-Center \u201eEs ist mehr als nur ein normales Einkaufszentrum\u201c <\/a><\/p>\n<p class=\"tspBYlv\">Im August werde die K\u00fcnstlerin das Bild an die Wand malen, so B\u00e4delt. \u201eUnd am <strong>19. September<\/strong> feiert die Stiftung mit uns die Fertigstellung.\u201c Der Gewobag-Chef ist \u00fcbrigens<strong> studierter Psychologe<\/strong>. Also an den Psychologen gefragt: Was macht so ein buntes Bild mit dem Viertel, Herr B\u00e4delt? <\/p>\n<p><img decoding=\"async\" src=\"https:\/\/www.europesays.com\/de\/wp-content\/uploads\/2025\/06\/1750198691_106_malte-badelt.jpeg\" alt=\"\" aria-labelledby=\"caption-13809577\" loading=\"lazy\" class=\"tspBRle\"\/> Malte B\u00e4delt geh\u00f6rt zur Vorstandsspitze der Gewobag. <\/p>\n<p class=\"tspA8ij\"> \u00a9 Nils Hendrik Mueller <\/p>\n<p class=\"tspBYlv\">\u201eWir k\u00f6nnen die graue Monotonie durchbrechen. Und wir k\u00f6nnen auch Identifikation schaffen \u2013 mit dem Kunstwerk, aber auch mit dem Kiez\u201c, so B\u00e4delt. \u201e<strong>Wer sich mit seinem Viertel identifiziert<\/strong>, geht damit pfleglicher um.\u201c<\/p>\n<p><a href=\"https:\/\/www.tagesspiegel.de\/berlin\/lipgloss-katzenbabys-und-hochhauser-so-fing-alles-an-in-der-berliner-grosssiedlung-heerstrasse-nord-11362462.html?icid=single-topic_13866646___\" data-gtm-class=\"article-mzt-link\" class=\"tspCBm3\" target=\"_blank\" rel=\"noopener\">\u201eUnser Staaken in den 70ern\u201c  So fing alles an in der Berliner Gro\u00dfsiedlung Heerstra\u00dfe Nord <\/a><\/p>\n<p class=\"tspBYlv\">Im <a href=\"https:\/\/www.tagesspiegel.de\/berlin\/bezirke\/spandau\/berlins-gewobag-chef-im-tagesspiegel-unsere-hauswarte-sollen-ruhig-klartext-reden-13809265.html?bezuggrd=LEU&amp;utm_referrer=newsletter&amp;utm_source=leute-spandau\" target=\"_blank\" rel=\"noopener\" class=\"link link--external\" data-gtm-class=\"article-text-link\" data-gtm-val=\"external\" aria-describedby=\"message-target-blank\">gro\u00dfen Tagesspiegel-Interview spricht B\u00e4delt <strong>\u00fcber die neuen Hausmeister<\/strong><\/a><strong> und eigene Fehler<\/strong> von Spandau bis Pankow,\u00a0\u00fcber gigantische Neubauviertel, \u00fcber<strong> g\u00fcnstige Penth\u00e4user und Ruinen am Havelufer<\/strong>, \u00fcber Graffiti und Jung-Lehrer in Gro\u00dfsiedlungen. Und einen Pizza-Tipp gibt\u2019s auch noch dazu. <a href=\"https:\/\/www.tagesspiegel.de\/berlin\/bezirke\/spandau\/berlins-gewobag-chef-im-tagesspiegel-unsere-hauswarte-sollen-ruhig-klartext-reden-13809265.html?bezuggrd=LEU&amp;utm_referrer=newsletter&amp;utm_source=leute-spandau\" target=\"_blank\" rel=\"noopener\" class=\"link link--external\" data-gtm-class=\"article-text-link\" data-gtm-val=\"external\" aria-describedby=\"message-target-blank\">Das <strong>gesamte Tagesspiegel-Interview<\/strong> lesen Sie hier<\/a>.<\/p>\n<p> Lesen Sie mehr aus Staaken im Tagesspiegel <a href=\"https:\/\/www.tagesspiegel.de\/berlin\/bezirke\/spandau\/berlins-gewobag-chef-im-tagesspiegel-unsere-hauswarte-sollen-ruhig-klartext-reden-13809265.html?icid=topic-list_13866646___\" data-gtm-class=\"article-mzt-link\" class=\"tspCBm3\" target=\"_blank\" rel=\"noopener\">Berlins Gewobag-Chef Malte B\u00e4delt \u201eUnsere Hauswarte sollen Klartext reden\u201c   <\/a><a href=\"https:\/\/www.tagesspiegel.de\/berlin\/bezirke\/kommt-jetzt-der-hip-hop-gottesdienst-dieser-neue-berliner-pfarrer-steht-auf-basketball-rap-und-die-bibel-13053028.html?icid=topic-list_13866646___\" data-gtm-class=\"article-mzt-link\" class=\"tspCBm3\" target=\"_blank\" rel=\"noopener\">Kommt jetzt der Hip-Hop-Gottesdienst? Dieser neue Berliner Pfarrer steht auf Basketball, Rap und die Bibel <\/a><a href=\"https:\/\/www.tagesspiegel.de\/berlin\/bezirke\/das-neue-staaken-center-hatte-ich-nur-aufs-geld-geachtet-ware-ich-hier-falsch-12349070.html?icid=topic-list_13866646___\" data-gtm-class=\"article-mzt-link\" class=\"tspCBm3\" target=\"_blank\" rel=\"noopener\">Der neue Chef im Staaken-Center \u201eEs ist mehr als nur ein normales Einkaufszentrum\u201c <\/a><a href=\"https:\/\/www.tagesspiegel.de\/berlin\/bezirke\/spandau\/neue-wohnungen-fur-berlin-fruher-krankenhaus-heute-wohnstadt-13833025.html?icid=topic-list_13866646___\" data-gtm-class=\"article-mzt-link\" class=\"tspCBm3\" target=\"_blank\" rel=\"noopener\">Neue Wohnungen f\u00fcr Berlin Fr\u00fcher Flugplatz und Krankenhaus, k\u00fcnftig Wohnstadt <\/a><a href=\"https:\/\/www.tagesspiegel.de\/berlin\/bezirke\/spandau\/aus-dem-rathaus-spandau-verkehrsarger-afd-folgen-tram-und-trauer-13789021.html?bezuggrd=LEU&amp;utm_referrer=newsletter&amp;utm_source=leute-spandau&amp;icid=topic-list_13866646___\" data-gtm-class=\"article-mzt-link\" class=\"tspCBm3\" target=\"_blank\" rel=\"noopener\">\u201eNeue Kiss&amp;Go-Zone vor Grundschule\u201c Wie Spandau das Problem mit den Elterntaxis l\u00f6sen will <\/a><a href=\"https:\/\/www.tagesspiegel.de\/berlin\/bezirke\/ich-habe-mir-die-nase-platt-gedruckt-kai-wegner-und-das-staaken-center-12349412.html?icid=topic-list_13866646___\" data-gtm-class=\"article-mzt-link\" class=\"tspCBm3\" target=\"_blank\" rel=\"noopener\">\u201eIch habe mir die Nase platt gedr\u00fcckt\u201c Kai Wegner und das \u201eStaaken-Center\u201c <\/a><\/p>\n<p class=\"tspBYlv\"><strong>Mehr aus Spandau<\/strong> lesen Sie <strong>in unserem Bezirksnewsletter<\/strong>, der zu unserem digitalen Angebot<strong> Tagesspiegel Plus (T+)<\/strong> geh\u00f6rt \u2013 wie die Newsletter-Ausgaben aus den anderen elf Berliner Bezirken. <strong>Bestellbar <\/strong><a href=\"https:\/\/leute.tagesspiegel.de\/\" target=\"_blank\" rel=\"noopener\" class=\"link link--external\" data-gtm-class=\"article-text-link\" data-gtm-val=\"external\" aria-describedby=\"message-target-blank\"><strong>unter diesem Link <\/strong>hier<\/a>. <\/p>\n","protected":false},"excerpt":{"rendered":"In Staaken entsteht das gr\u00f6\u00dfte Gem\u00e4lde von Berlin-Spandau: 50 Meter hoch wird das Kunstwerk sein, das im Herbst&hellip;\n","protected":false},"author":2,"featured_media":198466,"comment_status":"","ping_status":"","sticky":false,"template":"","format":"standard","meta":{"footnotes":""},"categories":[1825],"tags":[296,5006,29,30,529,5004],"class_list":{"0":"post-198465","1":"post","2":"type-post","3":"status-publish","4":"format-standard","5":"has-post-thumbnail","7":"category-berlin","8":"tag-berlin","9":"tag-bezirke","10":"tag-deutschland","11":"tag-germany","12":"tag-spandau","13":"tag-staedtebau"},"share_on_mastodon":{"url":"https:\/\/pubeurope.com\/@de\/114701029018075264","error":""},"_links":{"self":[{"href":"https:\/\/www.europesays.com\/de\/wp-json\/wp\/v2\/posts\/198465","targetHints":{"allow":["GET"]}}],"collection":[{"href":"https:\/\/www.europesays.com\/de\/wp-json\/wp\/v2\/posts"}],"about":[{"href":"https:\/\/www.europesays.com\/de\/wp-json\/wp\/v2\/types\/post"}],"author":[{"embeddable":true,"href":"https:\/\/www.europesays.com\/de\/wp-json\/wp\/v2\/users\/2"}],"replies":[{"embeddable":true,"href":"https:\/\/www.europesays.com\/de\/wp-json\/wp\/v2\/comments?post=198465"}],"version-history":[{"count":0,"href":"https:\/\/www.europesays.com\/de\/wp-json\/wp\/v2\/posts\/198465\/revisions"}],"wp:featuredmedia":[{"embeddable":true,"href":"https:\/\/www.europesays.com\/de\/wp-json\/wp\/v2\/media\/198466"}],"wp:attachment":[{"href":"https:\/\/www.europesays.com\/de\/wp-json\/wp\/v2\/media?parent=198465"}],"wp:term":[{"taxonomy":"category","embeddable":true,"href":"https:\/\/www.europesays.com\/de\/wp-json\/wp\/v2\/categories?post=198465"},{"taxonomy":"post_tag","embeddable":true,"href":"https:\/\/www.europesays.com\/de\/wp-json\/wp\/v2\/tags?post=198465"}],"curies":[{"name":"wp","href":"https:\/\/api.w.org\/{rel}","templated":true}]}}