{"id":198578,"date":"2025-06-17T23:23:18","date_gmt":"2025-06-17T23:23:18","guid":{"rendered":"https:\/\/www.europesays.com\/de\/198578\/"},"modified":"2025-06-17T23:23:18","modified_gmt":"2025-06-17T23:23:18","slug":"borussia-dortmund-mit-rueckfall-in-schlechte-zeiten","status":"publish","type":"post","link":"https:\/\/www.europesays.com\/de\/198578\/","title":{"rendered":"Borussia Dortmund mit R\u00fcckfall in schlechte Zeiten"},"content":{"rendered":"<p class=\"css-1q8kfuz\">Borussia Dortmund kommt im ersten Vorrundenspiel der FIFA Klub-WM gerade mal so zu einem Remis gegen Fluminense. Der schwache BVB-Auftritt erinnert an die alten, schlechten Zeiten.<\/p>\n<p class=\"css-1cmglxz\">Von <a data-li-document-ref=\"311444\" href=\"https:\/\/www.ran.de\/sports\/mehr\/news\/christoph-gailer-autor-311444\" target=\"_blank\" rel=\"noopener\">Christoph Gailer<\/a><\/p>\n<p class=\"css-1cmglxz\">Nach dem starken Saisonfinale in der Bundesliga und Platz 4 in der Abschlusstabelle ist <a href=\"https:\/\/www.ran.de\/sports\/teams\/te258\/kader?from=%2Fsports%2Ffussball%2Fklub-wm%2Fteams\" target=\"_blank\" rel=\"noopener\">Borussia Dortmund<\/a> mit durchaus gro\u00dfer Vorfreude zur <a href=\"https:\/\/www.ran.de\/sports\/fussball\/klub-wm\" target=\"_blank\" rel=\"noopener\">FIFA Klub-WM<\/a> in die USA gereist.<\/p>\n<p class=\"css-1cmglxz\">Doch der erste Auftritt in \u00dcbersee beim 0:0 gegen den brasilianischen Topklub Fluminense Rio de Janeiro sorgte f\u00fcr einen erheblichen D\u00e4mpfer, vor allem auch bei den Fans, die nach dem guten Saisonfinish zuletzt auf Konstanz hofften.<\/p>\n<p class=\"css-1cmglxz\">Statt einer Best\u00e4tigung der zuletzt gezeigten Leistungen in der Bundesliga, ist das Fluminense-Spiel eher als deutlicher R\u00fcckfall in die alten, schlechten BVB-Zeiten einzuordnen.<\/p>\n<p>Das Wichtigste zur FIFA Klub-WM in K\u00fcrze<\/p>\n<p class=\"css-1cmglxz\">&#8222;Sie waren besser als wir, das muss man ehrlich sagen&#8220;, erkl\u00e4rte der \u00fcberragende BVB-Keeper Gregor Kobel bei &#8222;DAZN&#8220; nach dem Remis gegen Fluminense, &#8222;sie waren frischer, aggressiver, besser in den Zweik\u00e4mpfen und hatten die besseren Chancen&#8220;.<\/p>\n<p>Erster BVB-Torschuss erst nach \u00fcber einer Stunde<\/p>\n<p class=\"css-1cmglxz\">Ohne die teils \u00fcberragenden Paraden des Schweizers w\u00e4re Dortmund im MetLife Stadium als Verlierer vom Platz gegangen und das nicht mal unverdient &#8211; wie ein Blick in die Statistik belegt. Diese weist zum einen mehr Torabschl\u00fcsse f\u00fcr Fluminense auf (5:3), ebenso einen h\u00f6heren xG-Wert, der die Torwahrscheinlichkeit aus den herausgespielten Chancen berechnet (0,65:0,23 f\u00fcr Fluminense laut Datenndienstleister &#8222;Opta&#8220;).<\/p>\n<p class=\"css-1cmglxz\">Dabei war der BVB zuletzt in der Bundesliga nachweislich torgef\u00e4hrlich, erzielte in acht Partien in Folge immer mindestens zwei Treffer. Doch davon war am Dienstagabend nichts zu sehen und so blieb die Borussia von einem Torerfolg deutlich entfernt.<\/p>\n<p>Dieser Inhalt stammt von externen Anbietern wie Facebook, Instagram oder Youtube. Aktiviere bitte Personalisierte Anzeigen und Inhalte sowie Anbieter au\u00dferhalb des CMP Standards, um diese Inhalte anzuzeigen.Privatsph\u00e4re-EinstellungenBundesliga-Transferger\u00fcchte: Frankfurt-Abgang von Hugo Ekitike nimmt offenbar Formen an<img alt=\"&lt;strong&gt;Hugo Ekitike (Eintracht Frankfurt)&lt;\/strong&gt;&lt;br&gt;&lt;em&gt;Der Abgang von Hugo Ekitike nimmt offenbar Formen an: Wie &quot;ESPN&quot; berichtet, haben sich Verantwortliche von Manchester United mit Repr\u00e4sentanten von Eintracht Frankfurt getroffen, um einen m\u00f6glichen Transfer auszuloten. Zuvor berichtete &quot;Sky&quot; \u00fcber ein m\u00f6gliches Interesse, was nun offenbar konkret wird. Die SGE erhofft sich von einem Verkauf von Ekitike offenbar rund 100 Millionen Euro.&lt;\/em&gt;\" loading=\"lazy\" decoding=\"async\" data-nimg=\"fill\" style=\"position:absolute;height:100%;width:100%;left:0;top:0;right:0;bottom:0;object-fit:contain;color:transparent\" src=\"https:\/\/www.europesays.com\/de\/wp-content\/uploads\/2025\/06\/1750111037_849_profile:original\"\/>\u00a9 Getty Images<\/p>\n<p class=\"css-1cmglxz\"><strong>Hugo Ekitike (Eintracht Frankfurt)<\/strong><br \/>Der Abgang von Hugo Ekitike nimmt offenbar Formen an: Wie &#8222;ESPN&#8220; berichtet, haben sich Verantwortliche von Manchester United mit Repr\u00e4sentanten von Eintracht Frankfurt getroffen, um einen m\u00f6glichen Transfer auszuloten. Zuvor berichtete &#8222;Sky&#8220; \u00fcber ein m\u00f6gliches Interesse, was nun offenbar konkret wird. Die SGE erhofft sich von einem Verkauf von Ekitike offenbar rund 100 Millionen Euro.<\/p>\n<p><img alt=\"&lt;strong&gt;Granit Xhaka (Bayer Leverkusen)&lt;\/strong&gt; &lt;br&gt;Die AC Mailand bem\u00fcht sich wohl um Granit Xhaka. Laut &quot;sky&quot; sollen erste Gespr\u00e4che zwischen dem Verein und dem Management des Mittelfeldspielers bereits stattgefunden haben. In den kommenden Tagen soll auch ein Treffen folgen. Demnach kann sich der Schweizer einen Wechsel in die Modestadt durchaus vorstellen - noch sind die Verhandlungen jedoch in einem fr\u00fchen Stadium.\" loading=\"lazy\" decoding=\"async\" data-nimg=\"fill\" style=\"position:absolute;height:100%;width:100%;left:0;top:0;right:0;bottom:0;object-fit:contain;color:transparent\" src=\"https:\/\/www.europesays.com\/de\/wp-content\/uploads\/2025\/06\/1750111033_688_profile:original\"\/>\u00a9 IMAGO\/Brauer-Fotoagentur<\/p>\n<p class=\"css-1cmglxz\"><strong>Granit Xhaka (Bayer Leverkusen)<\/strong> <br \/>Die AC Mailand bem\u00fcht sich wohl um Granit Xhaka. Laut &#8222;sky&#8220; sollen erste Gespr\u00e4che zwischen dem Verein und dem Management des Mittelfeldspielers bereits stattgefunden haben. In den kommenden Tagen soll auch ein Treffen folgen. Demnach kann sich der Schweizer einen Wechsel in die Modestadt durchaus vorstellen &#8211; noch sind die Verhandlungen jedoch in einem fr\u00fchen Stadium.<\/p>\n<p><img alt=\"&lt;strong&gt;Atakan Karazor (VfB Stuttgart)&lt;\/strong&gt;&lt;br&gt;Stuttgarts Kapit\u00e4n Atakan Karazor soll laut &quot;Bild&quot; Begehrlichkeiten in der Premier League geweckt haben. Demnach haben sich Newcastle United und Aston Villa wohl bei dessen Management \u00fcber eine Transferm\u00f6glichkeit erkundigt. Allerdings sollen die beiden englischen Europapokal-Teilnehmer noch ...\" loading=\"lazy\" decoding=\"async\" data-nimg=\"fill\" style=\"position:absolute;height:100%;width:100%;left:0;top:0;right:0;bottom:0;object-fit:contain;color:transparent\" src=\"https:\/\/www.europesays.com\/de\/wp-content\/uploads\/2025\/06\/1750111034_34_profile:original\"\/>\u00a9 2025 Getty Images<\/p>\n<p class=\"css-1cmglxz\"><strong>Atakan Karazor (VfB Stuttgart)<\/strong><br \/>Stuttgarts Kapit\u00e4n Atakan Karazor soll laut &#8222;Bild&#8220; Begehrlichkeiten in der Premier League geweckt haben. Demnach haben sich Newcastle United und Aston Villa wohl bei dessen Management \u00fcber eine Transferm\u00f6glichkeit erkundigt. Allerdings sollen die beiden englischen Europapokal-Teilnehmer noch &#8230;<\/p>\n<p><img alt=\"&lt;strong&gt;Atakan Karazor (VfB Stuttgart)&lt;\/strong&gt;&lt;br&gt;... keinen konkreten Vorsto\u00df wegen Karazor beim VfB gemacht haben. Der Vertrag des Sechsers l\u00e4uft noch bis zum Sommer 2028. Ihn wie auch Nebenmann Stiller w\u00fcrden die Schwaben wohl allzu gerne halten, haben aber dem Bericht nach eine Schmerzgrenze, ab der ein Verkauf denkbar erscheinen d\u00fcrfte.\" loading=\"lazy\" decoding=\"async\" data-nimg=\"fill\" style=\"position:absolute;height:100%;width:100%;left:0;top:0;right:0;bottom:0;object-fit:contain;color:transparent\" src=\"https:\/\/www.europesays.com\/de\/wp-content\/uploads\/2025\/06\/1750111035_258_profile:original\"\/>\u00a9 2025 Getty Images<\/p>\n<p class=\"css-1cmglxz\"><strong>Atakan Karazor (VfB Stuttgart)<\/strong><br \/>&#8230; keinen konkreten Vorsto\u00df wegen Karazor beim VfB gemacht haben. Der Vertrag des Sechsers l\u00e4uft noch bis zum Sommer 2028. Ihn wie auch Nebenmann Stiller w\u00fcrden die Schwaben wohl allzu gerne halten, haben aber dem Bericht nach eine Schmerzgrenze, ab der ein Verkauf denkbar erscheinen d\u00fcrfte.<\/p>\n<p><img alt=\"&lt;strong&gt;Piero Hincapie (Bayer Leverkusen)&lt;\/strong&gt;&lt;br&gt;Die Transferphase entwickelt sich zum Ausverkauf bei Bayer Leverkusen. Nun soll auch Piero Hincapie kurz vor einem Abgang stehen. Laut &quot;ESPN&quot; ist Atletico Madrid in weit fortgeschrittenen Gespr\u00e4chen mit dem Innenverteidiger. Dem Bericht zufolge soll die Abl\u00f6se f\u00fcr den 23-J\u00e4hrigen bei 40 Millionen Euro liegen. Nach Jonathan Tah und Odilon Kossounou w\u00e4re Hincapie der dritte Innenverteidiger, der den Werksklub im Sommer verl\u00e4sst.\" loading=\"lazy\" decoding=\"async\" data-nimg=\"fill\" style=\"position:absolute;height:100%;width:100%;left:0;top:0;right:0;bottom:0;object-fit:contain;color:transparent\" src=\"https:\/\/www.europesays.com\/de\/wp-content\/uploads\/2025\/06\/1750111035_735_profile:original\"\/>\u00a9 IMAGO\/Sven Simon<\/p>\n<p class=\"css-1cmglxz\"><strong>Piero Hincapie (Bayer Leverkusen)<\/strong><br \/>Die Transferphase entwickelt sich zum Ausverkauf bei Bayer Leverkusen. Nun soll auch Piero Hincapie kurz vor einem Abgang stehen. Laut &#8222;ESPN&#8220; ist Atletico Madrid in weit fortgeschrittenen Gespr\u00e4chen mit dem Innenverteidiger. Dem Bericht zufolge soll die Abl\u00f6se f\u00fcr den 23-J\u00e4hrigen bei 40 Millionen Euro liegen. Nach Jonathan Tah und Odilon Kossounou w\u00e4re Hincapie der dritte Innenverteidiger, der den Werksklub im Sommer verl\u00e4sst.<\/p>\n<p><img alt=\"&lt;strong&gt;Noah Atubolu (SC Freiburg)&lt;\/strong&gt;&lt;br&gt;Der 23 Jahre alte Keeper des SC Freiburg will sich bei der &lt;a href=&quot;https:\/\/www.ran.de\/sports\/fussball\/u21-europameisterschaft&quot;&gt;U21-EM 2025&lt;\/a&gt; in der Slowakei &lt;a href=&quot;https:\/\/www.joyn.de\/compilation\/ran-fussball-u21?utm_medium=referral&amp;utm_source=www.ran.de&amp;utm_campaign=joynlinkout&amp;utm_content=textlink_general_joyn&quot;&gt;(live in Sat. 1 und im Livestream auf ran.de und Joyn)&lt;\/a&gt;\u00a0ins Rampenlicht parieren. Doch bereits vorher gibt es Interesse am deutschen Torwart. Laut &quot;Calciomercato&quot; gab es ein Treffen zwischen den Verantwortlichen der AC Mailand und der Breisgauer.\" loading=\"lazy\" decoding=\"async\" data-nimg=\"fill\" style=\"position:absolute;height:100%;width:100%;left:0;top:0;right:0;bottom:0;object-fit:contain;color:transparent\" src=\"https:\/\/www.europesays.com\/de\/wp-content\/uploads\/2025\/06\/1750111038_982_profile:original\"\/>\u00a9 Getty Images<\/p>\n<p class=\"css-1cmglxz\"><strong>Noah Atubolu (SC Freiburg)<\/strong><br \/>Der 23 Jahre alte Keeper des SC Freiburg will sich bei der <a href=\"https:\/\/www.ran.de\/sports\/fussball\/u21-europameisterschaft\" target=\"_blank\" rel=\"noopener\">U21-EM 2025<\/a> in der Slowakei <a href=\"https:\/\/www.joyn.de\/compilation\/ran-fussball-u21?utm_medium=referral&amp;utm_source=www.ran.de&amp;utm_campaign=joynlinkout&amp;utm_content=textlink_general_joyn\" target=\"_blank\" rel=\"noopener\">(live in Sat. 1 und im Livestream auf ran.de und Joyn)<\/a>\u00a0ins Rampenlicht parieren. Doch bereits vorher gibt es Interesse am deutschen Torwart. Laut &#8222;Calciomercato&#8220; gab es ein Treffen zwischen den Verantwortlichen der AC Mailand und der Breisgauer.<\/p>\n<p><img alt=\"&lt;strong&gt;Noah Atubolu (SC Freiburg)&lt;\/strong&gt;&lt;br&gt;Die &quot;Rossoneri&quot; wollen Atubolu wohl als perspektivischen Nachfolger des franz\u00f6sischen Schlussmanns Mike Maignan. Der 29-J\u00e4hrige hat in Mailand nur einen Vertrag bis 2026 und lieb\u00e4ugelt wohl mit einem Wechsel. Auch West Ham United scheint an Atubolu interessiert. Ein erstes Angebot gibt es demnach aber noch nicht.\" loading=\"lazy\" decoding=\"async\" data-nimg=\"fill\" style=\"position:absolute;height:100%;width:100%;left:0;top:0;right:0;bottom:0;object-fit:contain;color:transparent\" src=\"https:\/\/www.europesays.com\/de\/wp-content\/uploads\/2025\/06\/1750111039_841_profile:original\"\/>\u00a9 Branislav Racko<\/p>\n<p class=\"css-1cmglxz\"><strong>Noah Atubolu (SC Freiburg)<\/strong><br \/>Die &#8222;Rossoneri&#8220; wollen Atubolu wohl als perspektivischen Nachfolger des franz\u00f6sischen Schlussmanns Mike Maignan. Der 29-J\u00e4hrige hat in Mailand nur einen Vertrag bis 2026 und lieb\u00e4ugelt wohl mit einem Wechsel. Auch West Ham United scheint an Atubolu interessiert. Ein erstes Angebot gibt es demnach aber noch nicht.<\/p>\n<p><img alt=\"&lt;strong&gt;Kim Min-jae (FC Bayern M\u00fcnchen)&lt;\/strong&gt;&lt;br&gt;Nach zwei Saisons beim FC Bayern k\u00f6nnte sich die Zeit in M\u00fcnchen f\u00fcr Kim Min-jae dem Ende zuneigen. Die sportliche F\u00fchrung des Rekordmeisters ist nicht vollends von dem Koreaner \u00fcberzeugt. Einem Verkauf ist man nicht abgeneigt. Nun soll sich auch der erste Interessent herauskristallisieren. Die AC Mailand soll sich um die Dienste des Innenverteidigers bem\u00fchen. Das berichtet die &quot;Gazetta dello Sport&quot;. ...\" loading=\"lazy\" decoding=\"async\" data-nimg=\"fill\" style=\"position:absolute;height:100%;width:100%;left:0;top:0;right:0;bottom:0;object-fit:contain;color:transparent\" src=\"https:\/\/www.europesays.com\/de\/wp-content\/uploads\/2025\/06\/1750111041_219_profile:original\"\/>\u00a9 IMAGO\/Ulrich Wagner<\/p>\n<p class=\"css-1cmglxz\"><strong>Kim Min-jae (FC Bayern M\u00fcnchen)<\/strong><br \/>Nach zwei Saisons beim FC Bayern k\u00f6nnte sich die Zeit in M\u00fcnchen f\u00fcr Kim Min-jae dem Ende zuneigen. Die sportliche F\u00fchrung des Rekordmeisters ist nicht vollends von dem Koreaner \u00fcberzeugt. Einem Verkauf ist man nicht abgeneigt. Nun soll sich auch der erste Interessent herauskristallisieren. Die AC Mailand soll sich um die Dienste des Innenverteidigers bem\u00fchen. Das berichtet die &#8222;Gazetta dello Sport&#8220;. &#8230;<\/p>\n<p><img alt=\"&lt;strong&gt;Kim Min-jae (FC Bayern M\u00fcnchen)&lt;\/strong&gt;&lt;br&gt;... Dem italienischen Sportblatt zufolge soll der Berater des 28-J\u00e4hrigen bereits den Markt sondiert haben: Als Wunschziel gilt demnach die Serie A. Auf Grund von wirtschaftlichen Faktoren ist ein Transfer derzeit jedoch noch nicht hei\u00df. Die Bayern-Bosse sind nicht an einer Leihe interessiert und wollen 30 Millionen Euro fix. Auch das Gehalt - Kim verdient in M\u00fcnchen wohl rund acht bis neun Millionen Euro - stellt eine H\u00fcrde dar.\" loading=\"lazy\" decoding=\"async\" data-nimg=\"fill\" style=\"position:absolute;height:100%;width:100%;left:0;top:0;right:0;bottom:0;object-fit:contain;color:transparent\" src=\"https:\/\/www.europesays.com\/de\/wp-content\/uploads\/2025\/06\/1750111043_958_profile:original\"\/>\u00a9 IMAGO\/Revierfoto<\/p>\n<p class=\"css-1cmglxz\"><strong>Kim Min-jae (FC Bayern M\u00fcnchen)<\/strong><br \/>&#8230; Dem italienischen Sportblatt zufolge soll der Berater des 28-J\u00e4hrigen bereits den Markt sondiert haben: Als Wunschziel gilt demnach die Serie A. Auf Grund von wirtschaftlichen Faktoren ist ein Transfer derzeit jedoch noch nicht hei\u00df. Die Bayern-Bosse sind nicht an einer Leihe interessiert und wollen 30 Millionen Euro fix. Auch das Gehalt &#8211; Kim verdient in M\u00fcnchen wohl rund acht bis neun Millionen Euro &#8211; stellt eine H\u00fcrde dar.<\/p>\n<p><img alt=\"&lt;strong&gt;Bryan Zaragoza (FC Bayern M\u00fcnchen)&lt;\/strong&gt;&lt;br&gt;Drei Vereine aus der spanischen Heimat sollen laut &quot;Sky&quot; am Bayern-Spieler interessiert sein. Zuletzt war Zaragoza an CA Osasuna aus Pamplona verliehen, jetzt wollte er sich offenbar wieder f\u00fcr einen Platz im Bayern-Kader empfehlen. Doch Trainer Vincent Kompany ist wohl nicht \u00fcberzeugt. Der 23-J\u00e4hrige ist demnach nicht einmal f\u00fcr die Klub-WM eingeplant ...\" loading=\"lazy\" decoding=\"async\" data-nimg=\"fill\" style=\"position:absolute;height:100%;width:100%;left:0;top:0;right:0;bottom:0;object-fit:contain;color:transparent\" src=\"https:\/\/www.europesays.com\/de\/wp-content\/uploads\/2025\/06\/1750111044_386_profile:original\"\/>\u00a9 Getty Images<\/p>\n<p class=\"css-1cmglxz\"><strong>Bryan Zaragoza (FC Bayern M\u00fcnchen)<\/strong><br \/>Drei Vereine aus der spanischen Heimat sollen laut &#8222;Sky&#8220; am Bayern-Spieler interessiert sein. Zuletzt war Zaragoza an CA Osasuna aus Pamplona verliehen, jetzt wollte er sich offenbar wieder f\u00fcr einen Platz im Bayern-Kader empfehlen. Doch Trainer Vincent Kompany ist wohl nicht \u00fcberzeugt. Der 23-J\u00e4hrige ist demnach nicht einmal f\u00fcr die Klub-WM eingeplant &#8230;<\/p>\n<p><img alt=\"&lt;strong&gt;Bryan Zaragoza (FC Bayern M\u00fcnchen)&lt;\/strong&gt;&lt;br&gt;Die Bayern wollen Zaragoza demnach am liebsten direkt verkaufen und nicht wieder verleihen. Er hat noch einen Vertrag bis 2029. Celta Vigo, Real Betis und Villareal k\u00f6nnen sich dem Bericht nach einen Deal vorstellen. Es soll auch lose Anfragen aus Italien und England geben.\" loading=\"lazy\" decoding=\"async\" data-nimg=\"fill\" style=\"position:absolute;height:100%;width:100%;left:0;top:0;right:0;bottom:0;object-fit:contain;color:transparent\" src=\"https:\/\/www.europesays.com\/de\/wp-content\/uploads\/2025\/06\/1750111046_849_profile:original\"\/>\u00a9 Getty Images<\/p>\n<p class=\"css-1cmglxz\"><strong>Bryan Zaragoza (FC Bayern M\u00fcnchen)<\/strong><br \/>Die Bayern wollen Zaragoza demnach am liebsten direkt verkaufen und nicht wieder verleihen. Er hat noch einen Vertrag bis 2029. Celta Vigo, Real Betis und Villareal k\u00f6nnen sich dem Bericht nach einen Deal vorstellen. Es soll auch lose Anfragen aus Italien und England geben.<\/p>\n<p><img alt=\"&lt;strong&gt;Benjamin Sesko (RB Leipzig)&lt;\/strong&gt;&lt;br&gt;Der FC Liverpool soll an Benjamin Sesko von RB Leipzig interessiert sein. Allerdings steht der Slowene auch beim FC Arsenal hoch im Kurs, hier k\u00f6nnte es also zu einem englischen Duell kommen. Laut &quot;Sky&quot; gab es zwischen Arsenal und Leipzig bereits Gespr\u00e4che, Mikel Arteta will ihn demnach unbedingt haben. Liverpool m\u00fcsste sich hier also wohl beeilen.\" loading=\"lazy\" decoding=\"async\" data-nimg=\"fill\" style=\"position:absolute;height:100%;width:100%;left:0;top:0;right:0;bottom:0;object-fit:contain;color:transparent\" src=\"https:\/\/www.europesays.com\/de\/wp-content\/uploads\/2025\/06\/1750202522_409_profile:original\"\/>\u00a9 IMAGO\/motivio<\/p>\n<p class=\"css-1cmglxz\"><strong>Benjamin Sesko (RB Leipzig)<\/strong><br \/>Der FC Liverpool soll an Benjamin Sesko von RB Leipzig interessiert sein. Allerdings steht der Slowene auch beim FC Arsenal hoch im Kurs, hier k\u00f6nnte es also zu einem englischen Duell kommen. Laut &#8222;Sky&#8220; gab es zwischen Arsenal und Leipzig bereits Gespr\u00e4che, Mikel Arteta will ihn demnach unbedingt haben. Liverpool m\u00fcsste sich hier also wohl beeilen.<\/p>\n<p><img alt=\"&lt;strong&gt;Bruno Fernandes (Manchester United)&lt;\/strong&gt;&lt;br&gt;Der FC Bayern M\u00fcnchen soll sich laut dem Portal &quot;Teamtalk&quot; mit Manchester Uniteds Kapit\u00e4n Bruno Fernandes als m\u00f6glichem Sommer-Neuzugang besch\u00e4ftigen. Demnach d\u00fcrften die M\u00fcnchner Bosse zeitnah Gespr\u00e4che mit dem Umfeld des 30-j\u00e4hrigen Portugiesen suchen, wie es im Bericht hei\u00dft. Dabei soll die M\u00f6glichkeit eines Transfers an die S\u00e4bener Stra\u00dfe ausgelotet werden. Neben dem FCB \u2026\" loading=\"lazy\" decoding=\"async\" data-nimg=\"fill\" style=\"position:absolute;height:100%;width:100%;left:0;top:0;right:0;bottom:0;object-fit:contain;color:transparent\" src=\"https:\/\/www.europesays.com\/de\/wp-content\/uploads\/2025\/06\/1750111047_139_profile:original\"\/>\u00a9 2025 Getty Images<\/p>\n<p class=\"css-1cmglxz\"><strong>Bruno Fernandes (Manchester United)<\/strong><br \/>Der FC Bayern M\u00fcnchen soll sich laut dem Portal &#8222;Teamtalk&#8220; mit Manchester Uniteds Kapit\u00e4n Bruno Fernandes als m\u00f6glichem Sommer-Neuzugang besch\u00e4ftigen. Demnach d\u00fcrften die M\u00fcnchner Bosse zeitnah Gespr\u00e4che mit dem Umfeld des 30-j\u00e4hrigen Portugiesen suchen, wie es im Bericht hei\u00dft. Dabei soll die M\u00f6glichkeit eines Transfers an die S\u00e4bener Stra\u00dfe ausgelotet werden. Neben dem FCB \u2026<\/p>\n<p><img alt=\"&lt;strong&gt;Bruno Fernandes (Manchester United)&lt;\/strong&gt;&lt;br&gt;... soll aber auch der saudi-arabische Topklub Al-Hilal Interesse am Nationalspieler haben. Bereits im Sommer 2024 d\u00fcrften hingegen die M\u00fcnchner Fernandes schon auf dem Zettel gehabt haben. Damals wurde diese Spur aber nicht konkreter. Fernandes' Vertrag in Manchester l\u00e4uft noch bis 2027, zudem gibt es eine Option auf eine weitere Spielzeit.\" loading=\"lazy\" decoding=\"async\" data-nimg=\"fill\" style=\"position:absolute;height:100%;width:100%;left:0;top:0;right:0;bottom:0;object-fit:contain;color:transparent\" src=\"https:\/\/www.europesays.com\/de\/wp-content\/uploads\/2025\/06\/1750111049_138_profile:original\"\/>\u00a9 2025 Getty Images<\/p>\n<p class=\"css-1cmglxz\"><strong>Bruno Fernandes (Manchester United)<\/strong><br \/>&#8230; soll aber auch der saudi-arabische Topklub Al-Hilal Interesse am Nationalspieler haben. Bereits im Sommer 2024 d\u00fcrften hingegen die M\u00fcnchner Fernandes schon auf dem Zettel gehabt haben. Damals wurde diese Spur aber nicht konkreter. Fernandes&#8216; Vertrag in Manchester l\u00e4uft noch bis 2027, zudem gibt es eine Option auf eine weitere Spielzeit.<\/p>\n<p><img alt=\"&lt;strong&gt;Rafael Leao (AC Mailand)&lt;\/strong&gt;&lt;br&gt;Laut &quot;Sky&quot; zeigt der FC Bayern Interesse an Rafael Leao. Der Portugiese soll die L\u00fccke auf dem linken Fl\u00fcgel schlie\u00dfen und als Ersatz f\u00fcr Leroy Sane kommen, der vor einem Abgang steht. Dem Bericht zufolge pflegt Max Eberl ein sehr positives Verh\u00e4ltnis mit Leao-Agent Jorge Mendes. Es soll bereits zu Gespr\u00e4chen zwischen den beiden Parteien gekommen sein ...\" loading=\"lazy\" decoding=\"async\" data-nimg=\"fill\" style=\"position:absolute;height:100%;width:100%;left:0;top:0;right:0;bottom:0;object-fit:contain;color:transparent\" src=\"https:\/\/www.europesays.com\/de\/wp-content\/uploads\/2025\/06\/1750111049_870_profile:original\"\/>\u00a9 Getty Images<\/p>\n<p class=\"css-1cmglxz\"><strong>Rafael Leao (AC Mailand)<\/strong><br \/>Laut &#8222;Sky&#8220; zeigt der FC Bayern Interesse an Rafael Leao. Der Portugiese soll die L\u00fccke auf dem linken Fl\u00fcgel schlie\u00dfen und als Ersatz f\u00fcr Leroy Sane kommen, der vor einem Abgang steht. Dem Bericht zufolge pflegt Max Eberl ein sehr positives Verh\u00e4ltnis mit Leao-Agent Jorge Mendes. Es soll bereits zu Gespr\u00e4chen zwischen den beiden Parteien gekommen sein &#8230;<\/p>\n<p><img alt=\"&lt;strong&gt;Rafael Leao (AC Mailand)&lt;\/strong&gt;&lt;br&gt;... Bei der AC hat der Fl\u00fcgelst\u00fcrmer noch bis 2028 Vertrag. Sein derzeitiger Marktwert wird auf 75 Millionen Euro taxiert. In der Serie A legte der 25-J\u00e4hrige in dieser Saison acht Treffer auf und erzielte daneben zehn weitere Tore. Auch in der K\u00f6nigsklasse konnte er dreimal knipsen.\" loading=\"lazy\" decoding=\"async\" data-nimg=\"fill\" style=\"position:absolute;height:100%;width:100%;left:0;top:0;right:0;bottom:0;object-fit:contain;color:transparent\" src=\"https:\/\/www.europesays.com\/de\/wp-content\/uploads\/2025\/06\/1750111050_935_profile:original\"\/>\u00a9 UEFA via Getty Images<\/p>\n<p class=\"css-1cmglxz\"><strong>Rafael Leao (AC Mailand)<\/strong><br \/>&#8230; Bei der AC hat der Fl\u00fcgelst\u00fcrmer noch bis 2028 Vertrag. Sein derzeitiger Marktwert wird auf 75 Millionen Euro taxiert. In der Serie A legte der 25-J\u00e4hrige in dieser Saison acht Treffer auf und erzielte daneben zehn weitere Tore. Auch in der K\u00f6nigsklasse konnte er dreimal knipsen.<\/p>\n<p><img alt=\"&lt;strong&gt;Kaoru Mitoma (Brighton &amp; Hove Albion)&lt;\/strong&gt;&lt;br&gt;Oder wird es doch ein anderer Spieler, der in die Fu\u00dfstapfen von Sane tritt? Linksau\u00dfen Kaoru Mitoma von Brighton &amp; Hove Albion soll bei den Bayern ebenfalls auf dem Zettel stehen. Der Japaner traf in dieser Premier-League-Saison zehnmal und gilt als einer der besten Dribbler der Liga. Konkret soll das Interesse laut &quot;Bild&quot; jedoch noch nicht sein.\" loading=\"lazy\" decoding=\"async\" data-nimg=\"fill\" style=\"position:absolute;height:100%;width:100%;left:0;top:0;right:0;bottom:0;object-fit:contain;color:transparent\" src=\"https:\/\/www.europesays.com\/de\/wp-content\/uploads\/2025\/06\/1750111052_907_profile:original\"\/>\u00a9 Shutterstock<\/p>\n<p class=\"css-1cmglxz\"><strong>Kaoru Mitoma (Brighton &amp; Hove Albion)<\/strong><br \/>Oder wird es doch ein anderer Spieler, der in die Fu\u00dfstapfen von Sane tritt? Linksau\u00dfen Kaoru Mitoma von Brighton &amp; Hove Albion soll bei den Bayern ebenfalls auf dem Zettel stehen. Der Japaner traf in dieser Premier-League-Saison zehnmal und gilt als einer der besten Dribbler der Liga. Konkret soll das Interesse laut &#8222;Bild&#8220; jedoch noch nicht sein.<\/p>\n<p><img alt=\"&lt;strong&gt;Hugo Larsson (Eintracht Frankfurt)&lt;\/strong&gt;&lt;br&gt;Droht der Eintracht trotz der Qualifikation f\u00fcr die Champions League ein Ausverkauf im Sommer? Die Spieler aus Frankfurt sind begehrt, darunter auch Hugo Larsson. Laut &quot;Marca&quot; zeigt Real Madrid Interesse an dem Schweden. Nach den Transfers von Dean Huijsen und Trent Alexander-Arnold m\u00f6chten die Blancos auch im Mittelfeld nachlegen. Dem Bericht zufolge liegt dahingehend der Fokus auf dem Youngster der Eintracht.\" loading=\"lazy\" decoding=\"async\" data-nimg=\"fill\" style=\"position:absolute;height:100%;width:100%;left:0;top:0;right:0;bottom:0;object-fit:contain;color:transparent\" src=\"https:\/\/www.europesays.com\/de\/wp-content\/uploads\/2025\/06\/1750111053_463_profile:original\"\/>\u00a9 Getty Images<\/p>\n<p class=\"css-1cmglxz\"><strong>Hugo Larsson (Eintracht Frankfurt)<\/strong><br \/>Droht der Eintracht trotz der Qualifikation f\u00fcr die Champions League ein Ausverkauf im Sommer? Die Spieler aus Frankfurt sind begehrt, darunter auch Hugo Larsson. Laut &#8222;Marca&#8220; zeigt Real Madrid Interesse an dem Schweden. Nach den Transfers von Dean Huijsen und Trent Alexander-Arnold m\u00f6chten die Blancos auch im Mittelfeld nachlegen. Dem Bericht zufolge liegt dahingehend der Fokus auf dem Youngster der Eintracht.<\/p>\n<p><img alt=\"&lt;strong&gt;Hugo Larsson (Eintracht Frankfurt)&lt;\/strong&gt;&lt;br&gt;Real Madrid soll demnach bereits mehrmals in der Stadt am Main pr\u00e4sent gewesen sein, um den 20-J\u00e4hrigen zu beobachten. Der Vertrag von Larsson ist noch bis 2029 g\u00fcltig - sein Marktwert wird derzeit auf 40 Millionen Euro taxiert. Ein Transfer w\u00fcrde f\u00fcr die Madrilenen also durchaus kostenintensiv werden.\" loading=\"lazy\" decoding=\"async\" data-nimg=\"fill\" style=\"position:absolute;height:100%;width:100%;left:0;top:0;right:0;bottom:0;object-fit:contain;color:transparent\" src=\"https:\/\/www.europesays.com\/de\/wp-content\/uploads\/2025\/06\/1750111053_25_profile:original\"\/>\u00a9 NurPhoto via Getty Images<\/p>\n<p class=\"css-1cmglxz\"><strong>Hugo Larsson (Eintracht Frankfurt)<\/strong><br \/>Real Madrid soll demnach bereits mehrmals in der Stadt am Main pr\u00e4sent gewesen sein, um den 20-J\u00e4hrigen zu beobachten. Der Vertrag von Larsson ist noch bis 2029 g\u00fcltig &#8211; sein Marktwert wird derzeit auf 40 Millionen Euro taxiert. Ein Transfer w\u00fcrde f\u00fcr die Madrilenen also durchaus kostenintensiv werden.<\/p>\n<p><img alt=\"&lt;strong&gt;Christopher Nkunku (FC Chelsea)&lt;\/strong&gt;&lt;br&gt;Laut &quot;Sky&quot; hat Bayern wieder ein Auge auf den ehemaligen Leipziger Angreifer geworfen. Nkunku will unbedingt einen dauerhaften Abgang von den Londonern, obwohl sein Vertrag noch bis 2029 l\u00e4uft. Mit den M\u00fcnchnern hatte man im Winter schon eine m\u00fcndliche Einigung erzielt, der Deal zerschlug sich allerdings. Auch andere Top-Klubs haben ein Interesse bei dem Franzosen hinterlegt.\" loading=\"lazy\" decoding=\"async\" data-nimg=\"fill\" style=\"position:absolute;height:100%;width:100%;left:0;top:0;right:0;bottom:0;object-fit:contain;color:transparent\" src=\"https:\/\/www.europesays.com\/de\/wp-content\/uploads\/2025\/06\/1750111056_401_profile:original\"\/>\u00a9 IPS<\/p>\n<p class=\"css-1cmglxz\"><strong>Christopher Nkunku (FC Chelsea)<\/strong><br \/>Laut &#8222;Sky&#8220; hat Bayern wieder ein Auge auf den ehemaligen Leipziger Angreifer geworfen. Nkunku will unbedingt einen dauerhaften Abgang von den Londonern, obwohl sein Vertrag noch bis 2029 l\u00e4uft. Mit den M\u00fcnchnern hatte man im Winter schon eine m\u00fcndliche Einigung erzielt, der Deal zerschlug sich allerdings. Auch andere Top-Klubs haben ein Interesse bei dem Franzosen hinterlegt.<\/p>\n<p class=\"css-1cmglxz\">Den ersten Abschluss, der tats\u00e4chlich den Weg auf das Fluminense-Tor fand, gab es erst nach \u00fcber einer Stunde durch Marcel Sabitzer. Bezeichnend, dass dieser und auch die darauffolgenden beiden Torversuche von Deb\u00fctant Jobe Bellingham und Niklas S\u00fcle allesamt aus recht gro\u00dfer Distanz erfolgten und entsprechend harmlos ausfielen.<\/p>\n<p>Offensive Strategie? Fragende Blicke in Richtung Trainer Kovac<\/p>\n<p class=\"css-1cmglxz\">\u00dcberhaupt bleibt nach dem Fluminense-Auftritt festzuhalten, dass die Kovac-Elf ein nachvollziehbares oder gar funktionierendes Offensivkonzept vermissen lie\u00df. Schon gegen Ende der ersten Halbzeit blickten einige BVB-Stars ob der Ideenlosigkeit im Spiel nach vorne immer wieder fragend bzw. hilfesuchend in Richtung Trainerbank. Doch auch von dort kamen keine entscheidenden Impulse, die zur Besserung des BVB-Spiels beitrugen.<\/p>\n<p class=\"css-1cmglxz\">V\u00f6llig lahmgelegt wirkte das Fl\u00fcgelspiel der Dortmunder, die Schienenspieler Julian Ryerson und Daniel Svensson konnten die Offensive des Bundesligisten zu keinem Zeitpunkt beleben.<\/p>\n<p class=\"css-1cmglxz\">Hinzu kam noch Fluminenses Pressing, welches dem BVB das Leben extrem schwer machte. So blieben die Offensivspieler Serhou Guirassy und Karim Adeyemi wirkungslos, weil sie schlichtweg zu wenige B\u00e4lle bzw. Aktionen bekamen.<\/p>\n<p>Brandt mit Kapit\u00e4nsbinde, aber ohne geniale Momente<\/p>\n<p class=\"css-1cmglxz\">Spielmacher Julian Brandt <a data-li-document-ref=\"549519\" href=\"https:\/\/www.ran.de\/sports\/fussball\/klub-wm\/news\/fifa-klub-wm-noten-zu-borussia-dortmund-gegen-fluminense-einzelkritik-kobel-svensson-ryerson-549519\" target=\"_blank\" rel=\"noopener\">(ran-Note 5 in der Einzelkritik)<\/a>, in Abwesenheit von Emre Can erneut als BVB-Kapit\u00e4n aufgelaufen, tauchte ab, statt das Team in dieser schwierigen Partie sowohl durch entsprechende K\u00f6rpersprache als auch individuell starke Leistung anzuf\u00fchren.<\/p>\n<p class=\"css-1cmglxz\">Der 29-J\u00e4hrige verpasste damit wieder eine Chance auf gro\u00dfer B\u00fchne, um sich knapp ein Jahr vor Vertragsende nachhaltig bei den BVB-Bossen f\u00fcr eine Verl\u00e4ngerung seines Kontrakts \u00fcber 2026 hinaus zu empfehlen. Zumal Brandt in der Vergangenheit immer wieder das typische BVB-Ph\u00e4nomen nachgesagt wurde: fehlende Konstanz. Der Auftritt in den USA war erneut jede Menge Wasser auf die M\u00fchlen der Brandt-Kritiker.<\/p>\n<p>Kuriosit\u00e4ten im Fu\u00dfball: Wolfsberg zahlt Abl\u00f6se f\u00fcr Neuzugang Fabian Wohlmuth in Pellets<img alt=\"&lt;strong&gt;Wolfsberger AC zahlt Abl\u00f6sesumme f\u00fcr Wohlmuth in Pellets&lt;\/strong&gt;&lt;br&gt;Der \u00f6sterreichische Klub Wolfsberger AC hat im Rahmen der Verpflichtung von Fabian Wohlmuth (re.) einen kuriosen Bonus zur ausgehandelten Transfersumme geliefert. Laut der Zeitung &quot;Krone&quot; gab es vonseiten der Wolfsberger eine LKW-Lieferung Holzpellets zus\u00e4tzlich zur kolportierten Abl\u00f6sesumme von 500.000 Euro an Wohlmuths Klub SV Ried. Der Hintergrund ...\" loading=\"lazy\" decoding=\"async\" data-nimg=\"fill\" style=\"position:absolute;height:100%;width:100%;left:0;top:0;right:0;bottom:0;object-fit:contain;color:transparent\" src=\"https:\/\/www.europesays.com\/de\/wp-content\/uploads\/2025\/06\/profile:original.jpeg\"\/>\u00a9 IMAGO\/Daniel Scharinger<\/p>\n<p class=\"css-1cmglxz\"><strong>Wolfsberger AC zahlt Abl\u00f6sesumme f\u00fcr Wohlmuth in Pellets<\/strong><br \/>Der \u00f6sterreichische Klub Wolfsberger AC hat im Rahmen der Verpflichtung von Fabian Wohlmuth (re.) einen kuriosen Bonus zur ausgehandelten Transfersumme geliefert. Laut der Zeitung &#8222;Krone&#8220; gab es vonseiten der Wolfsberger eine LKW-Lieferung Holzpellets zus\u00e4tzlich zur kolportierten Abl\u00f6sesumme von 500.000 Euro an Wohlmuths Klub SV Ried. Der Hintergrund &#8230;<\/p>\n<p><img alt=\"&lt;strong&gt;Wolfsberger AC zahlt Abl\u00f6sesumme f\u00fcr Wohlmuth in Pellets&lt;\/strong&gt;&lt;br&gt;... dieses kuriosen Transfer-Bonis: Wolfsberg-Pr\u00e4sident Dietmar Riegler (Bild) f\u00fchrt ein riesiges Pellets-Unternehmen im Bundesland K\u00e4rnten mit der Jahresproduktion von 430.000 Tonnen. &quot;Damit k\u00f6nnen wir Akademie und Trainingszentrum heizen&quot;, sagte Rieds Pr\u00e4sident Thomas Gahleitner zur kuriosen Lieferung des Heizmaterials vom amtierenden \u00f6sterreichischen Pokalsieger.\" loading=\"lazy\" decoding=\"async\" data-nimg=\"fill\" style=\"position:absolute;height:100%;width:100%;left:0;top:0;right:0;bottom:0;object-fit:contain;color:transparent\" src=\"https:\/\/www.europesays.com\/de\/wp-content\/uploads\/2025\/06\/1750202544_317_profile:original.jpeg\"\/>\u00a9 IMAGO\/Eibner Europa<\/p>\n<p class=\"css-1cmglxz\"><strong>Wolfsberger AC zahlt Abl\u00f6sesumme f\u00fcr Wohlmuth in Pellets<\/strong><br \/>&#8230; dieses kuriosen Transfer-Bonis: Wolfsberg-Pr\u00e4sident Dietmar Riegler (Bild) f\u00fchrt ein riesiges Pellets-Unternehmen im Bundesland K\u00e4rnten mit der Jahresproduktion von 430.000 Tonnen. &#8222;Damit k\u00f6nnen wir Akademie und Trainingszentrum heizen&#8220;, sagte Rieds Pr\u00e4sident Thomas Gahleitner zur kuriosen Lieferung des Heizmaterials vom amtierenden \u00f6sterreichischen Pokalsieger.<\/p>\n<p><img alt=\"&lt;strong&gt;&quot;King Kazu&quot; geht mit 58 Jahren in seine 40. Profisaison&lt;\/strong&gt;&lt;br&gt;Der 58-J\u00e4hrige denkt noch immer nicht ans Aufh\u00f6ren. Kazuyoshi Miura startete nun in der japanischen 4. Liga in seine 40. (!) Saison als Profifu\u00dfballer. Der ehemalige Nationalspieler wurde beim 2:1 seines Atletico Suzuka Club gegen den Yokohama Sports&amp;Culture Club in der 82. Minute eingewechselt. Er habe es &quot;dank der Hilfe meiner Teamkollegen und Trainer bis hierher geschafft. Jetzt m\u00f6chte ich mein Spiel noch weiter verbessern.&quot;\" loading=\"lazy\" decoding=\"async\" data-nimg=\"fill\" style=\"position:absolute;height:100%;width:100%;left:0;top:0;right:0;bottom:0;object-fit:contain;color:transparent\" src=\"https:\/\/www.europesays.com\/de\/wp-content\/uploads\/2025\/06\/1750202544_359_profile:original\"\/>\u00a9 AFP\/AFP\/STR<\/p>\n<p class=\"css-1cmglxz\"><strong>&#8222;King Kazu&#8220; geht mit 58 Jahren in seine 40. Profisaison<\/strong><br \/>Der 58-J\u00e4hrige denkt noch immer nicht ans Aufh\u00f6ren. Kazuyoshi Miura startete nun in der japanischen 4. Liga in seine 40. (!) Saison als Profifu\u00dfballer. Der ehemalige Nationalspieler wurde beim 2:1 seines Atletico Suzuka Club gegen den Yokohama Sports&amp;Culture Club in der 82. Minute eingewechselt. Er habe es &#8222;dank der Hilfe meiner Teamkollegen und Trainer bis hierher geschafft. Jetzt m\u00f6chte ich mein Spiel noch weiter verbessern.&#8220;<\/p>\n<p><img alt=\"&lt;strong&gt;&quot;King Kazu&quot; geht mit 58 Jahren in seine 40. Profisaison&lt;\/strong&gt;&lt;br&gt;F\u00fcr Japans Nationalmannschaft waren ihm einst 55 Tore in 89 L\u00e4nderspielen gelungen. Im vergangenen Jahr war er nach zwei Spielzeiten in Portugals Zweitligateam Oliveirense in seine Heimat zur\u00fcckgekehrt. Sein Profideb\u00fct hatte er vor 39 Jahren beim brasilianischen Verein Santos gegeben. Der Angreifer spielte zudem in Italien, Kroatien und Australien.\" loading=\"lazy\" decoding=\"async\" data-nimg=\"fill\" style=\"position:absolute;height:100%;width:100%;left:0;top:0;right:0;bottom:0;object-fit:contain;color:transparent\" src=\"https:\/\/www.europesays.com\/de\/wp-content\/uploads\/2025\/06\/1750202545_338_profile:original\"\/>\u00a9 AFP\/SID\/TOSHIFUMI KITAMURA<\/p>\n<p class=\"css-1cmglxz\"><strong>&#8222;King Kazu&#8220; geht mit 58 Jahren in seine 40. Profisaison<\/strong><br \/>F\u00fcr Japans Nationalmannschaft waren ihm einst 55 Tore in 89 L\u00e4nderspielen gelungen. Im vergangenen Jahr war er nach zwei Spielzeiten in Portugals Zweitligateam Oliveirense in seine Heimat zur\u00fcckgekehrt. Sein Profideb\u00fct hatte er vor 39 Jahren beim brasilianischen Verein Santos gegeben. Der Angreifer spielte zudem in Italien, Kroatien und Australien.<\/p>\n<p><img alt=\"&lt;strong&gt;Wildes Torj\u00e4ger-Ranking: Deutscher Amateurkicker vor Mbappe&lt;\/strong&gt;&lt;br&gt;Wer ist Deutschlands bester Torj\u00e4ger der vergangenen 25 Jahre f\u00fcr Klub und Verein? Nat\u00fcrlich S\u00f6ren Gonnermann (Foto links)! Im Torj\u00e4ger-Ranking von &quot;transfermarkt.de&quot; kommt der St\u00fcrmer von Hessenligist SV Adler Weidenhausen seit 2009 auf unglaubliche 390 Tore - und damit auf ein Tor mehr als Kylian Mbappe (Foto rechts). Damit belegt Gonnermann weltweit Rang 19.\" loading=\"lazy\" decoding=\"async\" data-nimg=\"fill\" style=\"position:absolute;height:100%;width:100%;left:0;top:0;right:0;bottom:0;object-fit:contain;color:transparent\" src=\"https:\/\/www.europesays.com\/de\/wp-content\/uploads\/2025\/06\/1750202546_688_profile:original.jpeg\"\/>\u00a9 imago<\/p>\n<p class=\"css-1cmglxz\"><strong>Wildes Torj\u00e4ger-Ranking: Deutscher Amateurkicker vor Mbappe<\/strong><br \/>Wer ist Deutschlands bester Torj\u00e4ger der vergangenen 25 Jahre f\u00fcr Klub und Verein? Nat\u00fcrlich S\u00f6ren Gonnermann (Foto links)! Im Torj\u00e4ger-Ranking von &#8222;transfermarkt.de&#8220; kommt der St\u00fcrmer von Hessenligist SV Adler Weidenhausen seit 2009 auf unglaubliche 390 Tore &#8211; und damit auf ein Tor mehr als Kylian Mbappe (Foto rechts). Damit belegt Gonnermann weltweit Rang 19.<\/p>\n<p><img alt=\"&lt;strong&gt;Wildes Torj\u00e4ger-Ranking: Deutscher Amateurkicker vor Mbappe&lt;\/strong&gt;&lt;br&gt;Den ersten Platz im Ranking belegt Cristiano Ronaldo (943 Tore) vor Lionel Messi (882) und Robert Lewandowski (694). Zweitbester Deutscher nach Gonnermann ist Mario Gomez auf Rang 22 mit 282 Toren. F\u00fcr das Ranking z\u00e4hlte transfermarkt.de alle Tore f\u00fcr Klub und Nationalmannschaft in allen Ligen und Altersklassen, die auf dem Portal erfasst werden.\" loading=\"lazy\" decoding=\"async\" data-nimg=\"fill\" style=\"position:absolute;height:100%;width:100%;left:0;top:0;right:0;bottom:0;object-fit:contain;color:transparent\" src=\"https:\/\/www.europesays.com\/de\/wp-content\/uploads\/2025\/06\/1750202548_390_profile:original\"\/>\u00a9 2025 Getty Images<\/p>\n<p class=\"css-1cmglxz\"><strong>Wildes Torj\u00e4ger-Ranking: Deutscher Amateurkicker vor Mbappe<\/strong><br \/>Den ersten Platz im Ranking belegt Cristiano Ronaldo (943 Tore) vor Lionel Messi (882) und Robert Lewandowski (694). Zweitbester Deutscher nach Gonnermann ist Mario Gomez auf Rang 22 mit 282 Toren. F\u00fcr das Ranking z\u00e4hlte transfermarkt.de alle Tore f\u00fcr Klub und Nationalmannschaft in allen Ligen und Altersklassen, die auf dem Portal erfasst werden.<\/p>\n<p><img alt=\"&lt;strong&gt;FC Chelsea hat die Wahl: Europa League oder Champions League?&lt;\/strong&gt;&lt;br&gt;Chelsea steht im Finale der Conference League und kann sich bei einem Sieg f\u00fcr die Europa League qualifizieren. In der Premier League steht man auf einem f\u00fcnften Platz, der eine Teilnahme an der Champions League garantieren w\u00fcrde. Das kuriose: Bei der Qualifikation f\u00fcr beide Wettbewerbe, kann sich der FC Chelsea laut &quot;The Sun&quot; aussuchen, in welchem er an den Start geht.\" loading=\"lazy\" decoding=\"async\" data-nimg=\"fill\" style=\"position:absolute;height:100%;width:100%;left:0;top:0;right:0;bottom:0;object-fit:contain;color:transparent\" src=\"https:\/\/www.europesays.com\/de\/wp-content\/uploads\/2025\/06\/1750202549_322_profile:original\"\/>\u00a9 Visionhaus<\/p>\n<p class=\"css-1cmglxz\"><strong>FC Chelsea hat die Wahl: Europa League oder Champions League?<\/strong><br \/>Chelsea steht im Finale der Conference League und kann sich bei einem Sieg f\u00fcr die Europa League qualifizieren. In der Premier League steht man auf einem f\u00fcnften Platz, der eine Teilnahme an der Champions League garantieren w\u00fcrde. Das kuriose: Bei der Qualifikation f\u00fcr beide Wettbewerbe, kann sich der FC Chelsea laut &#8222;The Sun&#8220; aussuchen, in welchem er an den Start geht.<\/p>\n<p><img alt=\"&lt;em&gt;&lt;strong&gt;VfB Stuttgart erneut gegen Drittligisten im Pokalfinale&lt;\/strong&gt;&lt;br&gt;Mit einem 3:1-Sieg gegen RB Leipzig hat der VfB Stuttgart das Pokalfinale in Berlin erreicht. Gegner ist Drittligist Arminia Bielefeld. Das Kuriose: Bereits zum zweiten Mal von seinen nun sieben Finalteilnahmen treffen die Stuttgarter auf einen Drittligisten. 1997 gab es einen 2:0-Sieg gegen Energie Cottbus. Damit war in der H\u00e4lfte der Finalteilnahmen von Drittligisten der VfB der Gegner...&lt;\/em&gt;\" loading=\"lazy\" decoding=\"async\" data-nimg=\"fill\" style=\"position:absolute;height:100%;width:100%;left:0;top:0;right:0;bottom:0;object-fit:contain;color:transparent\" src=\"https:\/\/www.europesays.com\/de\/wp-content\/uploads\/2025\/06\/1750202551_444_profile:original\"\/>\u00a9 Pressefoto Baumann<\/p>\n<p class=\"css-1cmglxz\"><strong>VfB Stuttgart erneut gegen Drittligisten im Pokalfinale<\/strong><br \/>Mit einem 3:1-Sieg gegen RB Leipzig hat der VfB Stuttgart das Pokalfinale in Berlin erreicht. Gegner ist Drittligist Arminia Bielefeld. Das Kuriose: Bereits zum zweiten Mal von seinen nun sieben Finalteilnahmen treffen die Stuttgarter auf einen Drittligisten. 1997 gab es einen 2:0-Sieg gegen Energie Cottbus. Damit war in der H\u00e4lfte der Finalteilnahmen von Drittligisten der VfB der Gegner&#8230;<\/p>\n<p><img alt=\"&lt;strong&gt;Kuriosum um Platzverweis f\u00fcr Lukas Grgic&lt;\/strong&gt;&lt;br&gt;Im Spiel zwischen Rapid Wien und RB Salzburg kam es zu einer kuriosen Gelb-Roten Karte. Der Leidtragende Lukas Grgic musste verletzungsbedingt nach 69 Minuten behandelt werden und wurde dabei au\u00dferhalb des Platzes ausgewechselt. Das Problem: Weder Grgic selbst noch der Schiedsrichter Alexander Harkam bekamen davon etwas mit. Der Unparteiische bat den Rapid-Akteur also wieder auf das Feld.\" loading=\"lazy\" decoding=\"async\" data-nimg=\"fill\" style=\"position:absolute;height:100%;width:100%;left:0;top:0;right:0;bottom:0;object-fit:contain;color:transparent\" src=\"https:\/\/www.europesays.com\/de\/wp-content\/uploads\/2025\/06\/1750202551_673_profile:original\"\/>\u00a9 Getty Images<\/p>\n<p class=\"css-1cmglxz\"><strong>Kuriosum um Platzverweis f\u00fcr Lukas Grgic<\/strong><br \/>Im Spiel zwischen Rapid Wien und RB Salzburg kam es zu einer kuriosen Gelb-Roten Karte. Der Leidtragende Lukas Grgic musste verletzungsbedingt nach 69 Minuten behandelt werden und wurde dabei au\u00dferhalb des Platzes ausgewechselt. Das Problem: Weder Grgic selbst noch der Schiedsrichter Alexander Harkam bekamen davon etwas mit. Der Unparteiische bat den Rapid-Akteur also wieder auf das Feld.<\/p>\n<p><img alt=\"&lt;strong&gt;Kuriosum um Platzverweis f\u00fcr Lukas Grgic&lt;\/strong&gt;&lt;br&gt;Daraufhin unterbrach Harkam die Partie, nachdem er wohl ein Signal auf das Ohr bekommen hatte, dass Grgic den Platz verbotenerweise betreten hatte. Der defensive Mittelfeldspieler sah seine zweite Verwarnung an diesem Tag, weshalb f\u00fcr den 29-j\u00e4hrigen fr\u00fchzeitig Schluss war. Der Schiedsrichter machte sich anschlie\u00dfend aber daf\u00fcr stark, Grgic die obligatorische Sperre f\u00fcr ein Spiel zu erlassen.\" loading=\"lazy\" decoding=\"async\" data-nimg=\"fill\" style=\"position:absolute;height:100%;width:100%;left:0;top:0;right:0;bottom:0;object-fit:contain;color:transparent\" src=\"https:\/\/www.europesays.com\/de\/wp-content\/uploads\/2025\/06\/1750202552_202_profile:original\"\/>\u00a9 Getty Images<\/p>\n<p class=\"css-1cmglxz\"><strong>Kuriosum um Platzverweis f\u00fcr Lukas Grgic<\/strong><br \/>Daraufhin unterbrach Harkam die Partie, nachdem er wohl ein Signal auf das Ohr bekommen hatte, dass Grgic den Platz verbotenerweise betreten hatte. Der defensive Mittelfeldspieler sah seine zweite Verwarnung an diesem Tag, weshalb f\u00fcr den 29-j\u00e4hrigen fr\u00fchzeitig Schluss war. Der Schiedsrichter machte sich anschlie\u00dfend aber daf\u00fcr stark, Grgic die obligatorische Sperre f\u00fcr ein Spiel zu erlassen.<\/p>\n<p><img alt=\"&lt;strong&gt;Manchester Citys Maskottchen zeigt Erling Haaland an&lt;\/strong&gt;&lt;br&gt;Erling Haaland hat juristischen \u00c4rger, und das ausgerechnet mit City-Maskottchen &quot;Moonbeam&quot; - beziehungsweise der Frau, die es im Kost\u00fcm verk\u00f6rperte. Denn sie hat den Norweger laut &quot;Sun&quot; angezeigt, nachdem er ihr mit zwei Schl\u00e4gen auf den Hinterkopf des Maskottchen-Kost\u00fcms beim Spiel gegen Southampton am 26. Oktober ein Schleudertrauma sowie eine Gehirnersch\u00fctterung zugef\u00fcgt habe.\" loading=\"lazy\" decoding=\"async\" data-nimg=\"fill\" style=\"position:absolute;height:100%;width:100%;left:0;top:0;right:0;bottom:0;object-fit:contain;color:transparent\" src=\"https:\/\/www.europesays.com\/de\/wp-content\/uploads\/2025\/06\/1750202554_622_profile:original\"\/>\u00a9 NurPhoto<\/p>\n<p class=\"css-1cmglxz\"><strong>Manchester Citys Maskottchen zeigt Erling Haaland an<\/strong><br \/>Erling Haaland hat juristischen \u00c4rger, und das ausgerechnet mit City-Maskottchen &#8222;Moonbeam&#8220; &#8211; beziehungsweise der Frau, die es im Kost\u00fcm verk\u00f6rperte. Denn sie hat den Norweger laut &#8222;Sun&#8220; angezeigt, nachdem er ihr mit zwei Schl\u00e4gen auf den Hinterkopf des Maskottchen-Kost\u00fcms beim Spiel gegen Southampton am 26. Oktober ein Schleudertrauma sowie eine Gehirnersch\u00fctterung zugef\u00fcgt habe.<\/p>\n<p><img alt=\"&lt;strong&gt;Manchester Citys Maskottchen zeigt Erling Haaland an&lt;\/strong&gt;&lt;br&gt;&quot;Ich war ziemlich aufgebracht und habe geweint, mir hat der Kopf gepocht und ich glaube, ich stand unter Schock. Sp\u00e4ter wurde mir klar, dass er von hinten auf mich zugekommen war, mir auf den Kopf geschlagen und sich dann auf meinen Kopf gest\u00fctzt hatte&quot;, zitiert die &quot;Sun&quot; die bei City inzwischen nicht mehr angestellte Frau. Sie warf dem Klub vor, Haaland nicht mit der Angelegenheit behelligt zu haben und die Sache &quot;unter den Teppich&quot; zu kehren.\" loading=\"lazy\" decoding=\"async\" data-nimg=\"fill\" style=\"position:absolute;height:100%;width:100%;left:0;top:0;right:0;bottom:0;object-fit:contain;color:transparent\" src=\"https:\/\/www.europesays.com\/de\/wp-content\/uploads\/2025\/06\/1750202555_600_profile:original\"\/>\u00a9 2025 Getty Images<\/p>\n<p class=\"css-1cmglxz\"><strong>Manchester Citys Maskottchen zeigt Erling Haaland an<\/strong><br \/>&#8222;Ich war ziemlich aufgebracht und habe geweint, mir hat der Kopf gepocht und ich glaube, ich stand unter Schock. Sp\u00e4ter wurde mir klar, dass er von hinten auf mich zugekommen war, mir auf den Kopf geschlagen und sich dann auf meinen Kopf gest\u00fctzt hatte&#8220;, zitiert die &#8222;Sun&#8220; die bei City inzwischen nicht mehr angestellte Frau. Sie warf dem Klub vor, Haaland nicht mit der Angelegenheit behelligt zu haben und die Sache &#8222;unter den Teppich&#8220; zu kehren.<\/p>\n<p><img alt=\"&lt;strong&gt;Carl Zeiss Jena hat das sch\u00f6nste Stadion der Welt&lt;\/strong&gt;&lt;br&gt;Nicht Bernabeu, nicht Camp Nou, nicht Marcana. Das sch\u00f6nste Stadion der Welt steht in Deutschland. Doch es ist durchaus \u00fcberraschend, wo. Die neue adHoc Arena des FC Carl Zeiss Jena wurde vom Online-Portal StadiumDB.com zum besten der Welt gek\u00fcrt. Vor dem Bernabeu in Madrid und Hocine Ait Ahmed in Algerien. Der Regionalligist setzte sich damit gegen 23 Konkurrenten durch. Der Neubau der Arena im Ernst-Abbe-Sportfeld hatte 58 Millionen Euro gekostet.\" loading=\"lazy\" decoding=\"async\" data-nimg=\"fill\" style=\"position:absolute;height:100%;width:100%;left:0;top:0;right:0;bottom:0;object-fit:contain;color:transparent\" src=\"https:\/\/www.europesays.com\/de\/wp-content\/uploads\/2025\/04\/1744640737_342_profile:original.jpeg\"\/>\u00a9 2024 IMAGO\/Roman M\u00f6bius<\/p>\n<p class=\"css-1cmglxz\"><strong>Carl Zeiss Jena hat das sch\u00f6nste Stadion der Welt<\/strong><br \/>Nicht Bernabeu, nicht Camp Nou, nicht Marcana. Das sch\u00f6nste Stadion der Welt steht in Deutschland. Doch es ist durchaus \u00fcberraschend, wo. Die neue adHoc Arena des FC Carl Zeiss Jena wurde vom Online-Portal StadiumDB.com zum besten der Welt gek\u00fcrt. Vor dem Bernabeu in Madrid und Hocine Ait Ahmed in Algerien. Der Regionalligist setzte sich damit gegen 23 Konkurrenten durch. Der Neubau der Arena im Ernst-Abbe-Sportfeld hatte 58 Millionen Euro gekostet.<\/p>\n<p><img alt=\"&lt;strong&gt;Bayern-Talent \u00e4ndert Namen auf dem Trikot&lt;\/strong&gt;&lt;br&gt;Alara Sehitler \u00e4ndert ihren Trikotnamen. Das 18 Jahre alte Talent des FC Bayern M\u00fcnchen reagiert auf die Verunglimpfung ihres Nachnamens von Rechtsextremen. Die UEFA sowie der FCB und der DFB genehmigen und unterst\u00fctzen ihr Vorhaben. Fortan wird sie nur noch mit ihrem Vornamen auf dem Trikot spielen. Sie ist damit die erste deutsche Nationalspielerin, bei der kein Nachname auf dem Trikot stehen wird.\" loading=\"lazy\" decoding=\"async\" data-nimg=\"fill\" style=\"position:absolute;height:100%;width:100%;left:0;top:0;right:0;bottom:0;object-fit:contain;color:transparent\" src=\"https:\/\/www.europesays.com\/de\/wp-content\/uploads\/2025\/06\/1750202561_796_profile:original\"\/>\u00a9 Getty<\/p>\n<p class=\"css-1cmglxz\"><strong>Bayern-Talent \u00e4ndert Namen auf dem Trikot<\/strong><br \/>Alara Sehitler \u00e4ndert ihren Trikotnamen. Das 18 Jahre alte Talent des FC Bayern M\u00fcnchen reagiert auf die Verunglimpfung ihres Nachnamens von Rechtsextremen. Die UEFA sowie der FCB und der DFB genehmigen und unterst\u00fctzen ihr Vorhaben. Fortan wird sie nur noch mit ihrem Vornamen auf dem Trikot spielen. Sie ist damit die erste deutsche Nationalspielerin, bei der kein Nachname auf dem Trikot stehen wird.<\/p>\n<p><img alt=\"&lt;strong&gt;Wegen Messi-Autogramm: Schiedsrichter Ortiz sechs Monate gesperrt&lt;\/strong&gt;&lt;br&gt;Der mexikanische Schiedsrichter Marco Antonio Ortiz wurde laut &quot;ESPN&quot; vom CONCACAF-Verband f\u00fcr sechs Monate gesperrt. Der Grund daf\u00fcr ist \u00e4u\u00dferst kurios, er soll n\u00e4mlich lediglich Superstar Lionel Messi w\u00e4hrend des Champions-League-Spiels von Inter Miami bei Kansas City um ein Autogramm f\u00fcr ein &quot;Familienmitglied mit besonderen Bed\u00fcrfnissen&quot; gebeten haben. Der CONCACAF-Verband\u00a0 ...\" loading=\"lazy\" decoding=\"async\" data-nimg=\"fill\" style=\"position:absolute;height:100%;width:100%;left:0;top:0;right:0;bottom:0;object-fit:contain;color:transparent\" src=\"https:\/\/www.europesays.com\/de\/wp-content\/uploads\/2025\/04\/1744640738_993_profile:original.jpeg\"\/>\u00a9 Getty Images<\/p>\n<p class=\"css-1cmglxz\"><strong>Wegen Messi-Autogramm: Schiedsrichter Ortiz sechs Monate gesperrt<\/strong><br \/>Der mexikanische Schiedsrichter Marco Antonio Ortiz wurde laut &#8222;ESPN&#8220; vom CONCACAF-Verband f\u00fcr sechs Monate gesperrt. Der Grund daf\u00fcr ist \u00e4u\u00dferst kurios, er soll n\u00e4mlich lediglich Superstar Lionel Messi w\u00e4hrend des Champions-League-Spiels von Inter Miami bei Kansas City um ein Autogramm f\u00fcr ein &#8222;Familienmitglied mit besonderen Bed\u00fcrfnissen&#8220; gebeten haben. Der CONCACAF-Verband\u00a0 &#8230;<\/p>\n<p><img alt=\"&lt;strong&gt;Wegen Messi-Autogramm: Schiedsrichter Ortiz sechs Monate gesperrt&lt;\/strong&gt;&lt;br&gt;... sieht darin einen Versto\u00df von Ortiz gegen den Verhaltenskodex f\u00fcr Schiedsrichter. F\u00fcr Ortiz bedeutet die nun wohl verh\u00e4ngte Sperre den Ausfall f\u00fcr die Klub-WM im Sommer 2025 sowie den Gold-Cup. Auch seine Chancen auf eine Teilnahme bei der WM 2026 sollen dem Bericht nach durch diese Sperre deutlich gesunken sein.\" loading=\"lazy\" decoding=\"async\" data-nimg=\"fill\" style=\"position:absolute;height:100%;width:100%;left:0;top:0;right:0;bottom:0;object-fit:contain;color:transparent\" src=\"https:\/\/www.europesays.com\/de\/wp-content\/uploads\/2025\/06\/1750202565_505_profile:original\"\/>\u00a9 2025 Getty Images<\/p>\n<p class=\"css-1cmglxz\"><strong>Wegen Messi-Autogramm: Schiedsrichter Ortiz sechs Monate gesperrt<\/strong><br \/>&#8230; sieht darin einen Versto\u00df von Ortiz gegen den Verhaltenskodex f\u00fcr Schiedsrichter. F\u00fcr Ortiz bedeutet die nun wohl verh\u00e4ngte Sperre den Ausfall f\u00fcr die Klub-WM im Sommer 2025 sowie den Gold-Cup. Auch seine Chancen auf eine Teilnahme bei der WM 2026 sollen dem Bericht nach durch diese Sperre deutlich gesunken sein.<\/p>\n<p><img alt=\"&lt;strong&gt;&lt;\/strong&gt;&lt;strong&gt;Schiedsrichter in den Hoden gebissen! Kreisliga-Spiel abgesagt&lt;\/strong&gt;&lt;br&gt;Unglaublicher Vorfall im Amateurbereich: Das Kreisliga-C-Spiel FC Taxi II gegen Rot-Weiss M\u00fclheim III musste bereits vor Anpfiff abgesagt werden. Der Grund schmerzt schon beim Lesen: Dem Schiedsrichter wurde in den linken Hoden gebissen, wie die &quot;WAZ&quot; berichtet.\" loading=\"lazy\" decoding=\"async\" data-nimg=\"fill\" style=\"position:absolute;height:100%;width:100%;left:0;top:0;right:0;bottom:0;object-fit:contain;color:transparent\" src=\"https:\/\/www.europesays.com\/de\/wp-content\/uploads\/2025\/06\/1750202566_710_profile:original\"\/>\u00a9 IMAGO\/opokupix<\/p>\n<p class=\"css-1cmglxz\"><strong\/><strong>Schiedsrichter in den Hoden gebissen! Kreisliga-Spiel abgesagt<\/strong><br \/>Unglaublicher Vorfall im Amateurbereich: Das Kreisliga-C-Spiel FC Taxi II gegen Rot-Weiss M\u00fclheim III musste bereits vor Anpfiff abgesagt werden. Der Grund schmerzt schon beim Lesen: Dem Schiedsrichter wurde in den linken Hoden gebissen, wie die &#8222;WAZ&#8220; berichtet.<\/p>\n<p><img alt=\"&lt;strong&gt;Schiedsrichter in den Hoden gebissen! Kreisliga-Spiel abgesagt&lt;\/strong&gt;&lt;br&gt;&quot;Bei der Passkontrolle im Kreis vom FC Taxi turnte ein kleines Kind mit im Spielerkreis. Dies kam immer n\u00e4her zu mir und biss mir auf einmal unvermittelt sowie v\u00f6llig \u00fcberraschend in den linken Hoden&quot;, erkl\u00e4rte der Unparteiische im Spielbericht. &quot;Aufgrund der Schmerzen und der Situation&quot;, habe er die Begegnung nicht angepfiffen. Es habe sich um das Kind eines Taxi-Spielers gehandelt, so der Referee weiter.\" loading=\"lazy\" decoding=\"async\" data-nimg=\"fill\" style=\"position:absolute;height:100%;width:100%;left:0;top:0;right:0;bottom:0;object-fit:contain;color:transparent\" src=\"https:\/\/www.europesays.com\/de\/wp-content\/uploads\/2025\/06\/1750202568_474_profile:original\"\/>\u00a9 IMAGO\/ActionPictures<\/p>\n<p class=\"css-1cmglxz\"><strong>Schiedsrichter in den Hoden gebissen! Kreisliga-Spiel abgesagt<\/strong><br \/>&#8222;Bei der Passkontrolle im Kreis vom FC Taxi turnte ein kleines Kind mit im Spielerkreis. Dies kam immer n\u00e4her zu mir und biss mir auf einmal unvermittelt sowie v\u00f6llig \u00fcberraschend in den linken Hoden&#8220;, erkl\u00e4rte der Unparteiische im Spielbericht. &#8222;Aufgrund der Schmerzen und der Situation&#8220;, habe er die Begegnung nicht angepfiffen. Es habe sich um das Kind eines Taxi-Spielers gehandelt, so der Referee weiter.<\/p>\n<p><img alt=\"&lt;strong&gt;Sittard gelingt mit zw\u00f6lf Mann in Eredivisie der sp\u00e4te Ausgleich&lt;\/strong&gt;&lt;br&gt;Am 21. Spieltag der Eredivisie lief Fortuna Sittard beim SC Heerenveen kurz vor Schluss einem 1:2-R\u00fcckstand hinterher. Bei einem Doppelwechsel unterlief den G\u00e4sten dann ein Fauxpas, sodass kurzzeitig zw\u00f6lf Spieler auf dem Feld waren. Mit dieser \u00dcberzahl gelang dem Team wenig sp\u00e4ter nach einer Ecke tats\u00e4chlich noch der Ausgleich (Foto). Die Partie endete 2:2, k\u00f6nnte aber noch ein Nachspiel haben...\" loading=\"lazy\" decoding=\"async\" data-nimg=\"fill\" style=\"position:absolute;height:100%;width:100%;left:0;top:0;right:0;bottom:0;object-fit:contain;color:transparent\" src=\"https:\/\/www.europesays.com\/de\/wp-content\/uploads\/2025\/06\/1750202570_61_profile:original\"\/>\u00a9 ANP<\/p>\n<p class=\"css-1cmglxz\"><strong>Sittard gelingt mit zw\u00f6lf Mann in Eredivisie der sp\u00e4te Ausgleich<\/strong><br \/>Am 21. Spieltag der Eredivisie lief Fortuna Sittard beim SC Heerenveen kurz vor Schluss einem 1:2-R\u00fcckstand hinterher. Bei einem Doppelwechsel unterlief den G\u00e4sten dann ein Fauxpas, sodass kurzzeitig zw\u00f6lf Spieler auf dem Feld waren. Mit dieser \u00dcberzahl gelang dem Team wenig sp\u00e4ter nach einer Ecke tats\u00e4chlich noch der Ausgleich (Foto). Die Partie endete 2:2, k\u00f6nnte aber noch ein Nachspiel haben&#8230;<\/p>\n<p><img alt=\"&lt;strong&gt;Sittard gelingt mit zw\u00f6lf Mann in Eredivisie der sp\u00e4te Ausgleich&lt;\/strong&gt;&lt;br&gt;Denn der niederl\u00e4ndische Verband KNVB hat angek\u00fcndigt, beim internationalen Regelkomitee IFAB wegen der Spielwertung in einem solchen Fall nachzufragen und anschlie\u00dfend eine Entscheidung zu treffen. Heerenveens Trainer, Ex-Nationalspieler Robin van Persie, hat sich seine Meinung \u00fcber die Schiedsrichter schon gebildet. Der 41-J\u00e4hrige bezeichnete sie als einen &quot;Haufen Amateure&quot;.\" loading=\"lazy\" decoding=\"async\" data-nimg=\"fill\" style=\"position:absolute;height:100%;width:100%;left:0;top:0;right:0;bottom:0;object-fit:contain;color:transparent\" src=\"https:\/\/www.europesays.com\/de\/wp-content\/uploads\/2025\/06\/1750202571_702_profile:original\"\/>\u00a9 ANP<\/p>\n<p class=\"css-1cmglxz\"><strong>Sittard gelingt mit zw\u00f6lf Mann in Eredivisie der sp\u00e4te Ausgleich<\/strong><br \/>Denn der niederl\u00e4ndische Verband KNVB hat angek\u00fcndigt, beim internationalen Regelkomitee IFAB wegen der Spielwertung in einem solchen Fall nachzufragen und anschlie\u00dfend eine Entscheidung zu treffen. Heerenveens Trainer, Ex-Nationalspieler Robin van Persie, hat sich seine Meinung \u00fcber die Schiedsrichter schon gebildet. Der 41-J\u00e4hrige bezeichnete sie als einen &#8222;Haufen Amateure&#8220;.<\/p>\n<p><img alt=\"&lt;strong&gt;Hoffenheim-Coach Christian Ilzer: Sohn Romeo startet MMA-Karriere&lt;\/strong&gt;&lt;br&gt;W\u00e4hrend Hoffenheims Coach Christian Ilzer im Abstiegskampf bestehen muss, setzt Sohn Romeo auf den K\u00e4figkampf. &quot;Dieser Sport erf\u00fcllt mich. Mit 15 Jahren fing ich mit Boxen und Kickboxen an. Davor habe ich selber Fu\u00dfball gespielt, es hat mir aber nicht so Spa\u00df gemacht\u201c, sagte er der Zeitung &quot;Heute&quot;. Im Thailand-Trainingslager bereitet er sich f\u00fcr die MMA-Karriere vor. Ilzer junior: &quot;Mein Ziel ist es, zehn bis zw\u00f6lf Amateurk\u00e4mpfe zu machen, dann mit 21 bis 22 in den Profibereich zu gehen.&quot;\" loading=\"lazy\" decoding=\"async\" data-nimg=\"fill\" style=\"position:absolute;height:100%;width:100%;left:0;top:0;right:0;bottom:0;object-fit:contain;color:transparent\" src=\"https:\/\/www.europesays.com\/de\/wp-content\/uploads\/2025\/04\/1744640740_69_profile:original.jpeg\"\/>\u00a9 IMAGO\/instagram@romeoilzermma<\/p>\n<p class=\"css-1cmglxz\"><strong>Hoffenheim-Coach Christian Ilzer: Sohn Romeo startet MMA-Karriere<\/strong><br \/>W\u00e4hrend Hoffenheims Coach Christian Ilzer im Abstiegskampf bestehen muss, setzt Sohn Romeo auf den K\u00e4figkampf. &#8222;Dieser Sport erf\u00fcllt mich. Mit 15 Jahren fing ich mit Boxen und Kickboxen an. Davor habe ich selber Fu\u00dfball gespielt, es hat mir aber nicht so Spa\u00df gemacht\u201c, sagte er der Zeitung &#8222;Heute&#8220;. Im Thailand-Trainingslager bereitet er sich f\u00fcr die MMA-Karriere vor. Ilzer junior: &#8222;Mein Ziel ist es, zehn bis zw\u00f6lf Amateurk\u00e4mpfe zu machen, dann mit 21 bis 22 in den Profibereich zu gehen.&#8220;<\/p>\n<p><img alt=\"&lt;strong&gt;Palmer will sich Jubel sch\u00fctzen lassen&lt;\/strong&gt;&lt;br&gt;Der &quot;SIUUU&quot;-Jubel von Cristiano Ronaldo ist ikonisch. Die &quot;Cold&quot;-Geste von Cole Palmer noch nicht so sehr. Der 22-J\u00e4hrige vom FC Chelsea ist sich aber sicher, dass sich das \u00e4ndern kann. Um dann richtig abzukassieren, will er sich den Jubel mit dem Namen &quot;Cold Palmer&quot; als geistiges Eigentum sch\u00fctzen lassen. Seine Chancen stehen gut, hei\u00dft es. Der &quot;Cold&quot;-Jubel soll verdeutlichen, wie eiskalt Palmer vor dem Tor ist.\" loading=\"lazy\" decoding=\"async\" data-nimg=\"fill\" style=\"position:absolute;height:100%;width:100%;left:0;top:0;right:0;bottom:0;object-fit:contain;color:transparent\" src=\"https:\/\/www.europesays.com\/de\/wp-content\/uploads\/2025\/06\/1750202574_667_profile:original\"\/>\u00a9 Getty Images<\/p>\n<p class=\"css-1cmglxz\"><strong>Palmer will sich Jubel sch\u00fctzen lassen<\/strong><br \/>Der &#8222;SIUUU&#8220;-Jubel von Cristiano Ronaldo ist ikonisch. Die &#8222;Cold&#8220;-Geste von Cole Palmer noch nicht so sehr. Der 22-J\u00e4hrige vom FC Chelsea ist sich aber sicher, dass sich das \u00e4ndern kann. Um dann richtig abzukassieren, will er sich den Jubel mit dem Namen &#8222;Cold Palmer&#8220; als geistiges Eigentum sch\u00fctzen lassen. Seine Chancen stehen gut, hei\u00dft es. Der &#8222;Cold&#8220;-Jubel soll verdeutlichen, wie eiskalt Palmer vor dem Tor ist.<\/p>\n<p><img alt=\"&lt;strong&gt;Drei G\u00e4ste-Fans zu viel f\u00fcr Hansa Rostock&lt;\/strong&gt;&lt;br&gt;Zum Jahresabschluss der 3. Liga gegen Hannover 96 II war das Interesse bei Hansa Rostock so gro\u00df, dass die Verantwortlichen auch den G\u00e4steblock mit eigenen Fans f\u00fcllen wollten. Schlechte Nachrichten f\u00fcr die 96er? Nicht wirklich. Da nur drei Fans mit nach Rostock reisten, durften diese sich jetzt \u00fcber VIP-Tickets freuen.\" loading=\"lazy\" decoding=\"async\" data-nimg=\"fill\" style=\"position:absolute;height:100%;width:100%;left:0;top:0;right:0;bottom:0;object-fit:contain;color:transparent\" src=\"https:\/\/www.europesays.com\/de\/wp-content\/uploads\/2025\/06\/1750202576_754_profile:original\"\/>\u00a9 2024 Getty Images<\/p>\n<p class=\"css-1cmglxz\"><strong>Drei G\u00e4ste-Fans zu viel f\u00fcr Hansa Rostock<\/strong><br \/>Zum Jahresabschluss der 3. Liga gegen Hannover 96 II war das Interesse bei Hansa Rostock so gro\u00df, dass die Verantwortlichen auch den G\u00e4steblock mit eigenen Fans f\u00fcllen wollten. Schlechte Nachrichten f\u00fcr die 96er? Nicht wirklich. Da nur drei Fans mit nach Rostock reisten, durften diese sich jetzt \u00fcber VIP-Tickets freuen.<\/p>\n<p><img alt=\"&lt;strong&gt;Vinicius Junior streamt Real gegen Liverpool &quot;illegal&quot; - La Liga ist sauer&lt;\/strong&gt;&lt;br&gt;Die spanische Liga ist \u00fcberhaupt nicht happy mit Vinicius Junior - und das hat nichts mit seinen theatralischen Schauspieleinlagen zu tun. Der aktuell mit einer Muskelverletzung fehlende Real-Star verfolgte am Mittwoch das Spiel seiner K\u00f6niglichen beim FC Liverpool (0:2) - allerdings zum \u00c4rger von La Liga nicht \u00fcber &quot;Movistar&quot;, die in Spanien die \u00dcbertragungsrechte halten...\" loading=\"lazy\" decoding=\"async\" data-nimg=\"fill\" style=\"position:absolute;height:100%;width:100%;left:0;top:0;right:0;bottom:0;object-fit:contain;color:transparent\" src=\"https:\/\/www.europesays.com\/de\/wp-content\/uploads\/2025\/06\/1750202577_590_profile:original\"\/>\u00a9 IMAGO\/ZUMA Press Wire<\/p>\n<p class=\"css-1cmglxz\"><strong>Vinicius Junior streamt Real gegen Liverpool &#8222;illegal&#8220; &#8211; La Liga ist sauer<\/strong><br \/>Die spanische Liga ist \u00fcberhaupt nicht happy mit Vinicius Junior &#8211; und das hat nichts mit seinen theatralischen Schauspieleinlagen zu tun. Der aktuell mit einer Muskelverletzung fehlende Real-Star verfolgte am Mittwoch das Spiel seiner K\u00f6niglichen beim FC Liverpool (0:2) &#8211; allerdings zum \u00c4rger von La Liga nicht \u00fcber &#8222;Movistar&#8220;, die in Spanien die \u00dcbertragungsrechte halten&#8230;<\/p>\n<p><img alt=\"&lt;strong&gt;Vinicius Junior streamt Real gegen Liverpool &quot;illegal&quot; - La Liga ist sauer&lt;\/strong&gt;&lt;br&gt;... Stattdessen streamte der Brasilien-Star den CL-Kracher \u00fcber einen Sender aus seiner Heimat, obwohl er sich in Madrid aufhielt - und postete es zu allem \u00dcberfluss auch noch in seine Insta-Story. So bekam auch La Liga Wind von der un\u00fcberlegten Aktion, wertete es als offenbar als Piraterie. Die Liga war wohl so emp\u00f6rt, dass Real Madrid laut &quot;Relevo&quot; sogar einen Beschwerdebrief erhielt.\" loading=\"lazy\" decoding=\"async\" data-nimg=\"fill\" style=\"position:absolute;height:100%;width:100%;left:0;top:0;right:0;bottom:0;object-fit:contain;color:transparent\" src=\"https:\/\/www.europesays.com\/de\/wp-content\/uploads\/2025\/06\/1750202578_716_profile:original\"\/>\u00a9 AFP\/SID\/GABRIEL BOUYS<\/p>\n<p class=\"css-1cmglxz\"><strong>Vinicius Junior streamt Real gegen Liverpool &#8222;illegal&#8220; &#8211; La Liga ist sauer<\/strong><br \/>&#8230; Stattdessen streamte der Brasilien-Star den CL-Kracher \u00fcber einen Sender aus seiner Heimat, obwohl er sich in Madrid aufhielt &#8211; und postete es zu allem \u00dcberfluss auch noch in seine Insta-Story. So bekam auch La Liga Wind von der un\u00fcberlegten Aktion, wertete es als offenbar als Piraterie. Die Liga war wohl so emp\u00f6rt, dass Real Madrid laut &#8222;Relevo&#8220; sogar einen Beschwerdebrief erhielt.<\/p>\n<p><img alt=\"&lt;strong&gt;Frank Lampard verr\u00e4t verr\u00fccktes Hunde-Ritual&lt;\/strong&gt;&lt;br&gt;&lt;a href=&quot;https:\/\/www.ran.de\/sports\/fussball\/news\/lampard-wird-teammanager-in-coventry-465979&quot;&gt;Frank Lampard hat einen neuen Job als Trainer bei Zweitligist Coventry City. &lt;\/a&gt;Die Chelsea-Legende wird wohl zwischen ihre Heimat und der Stadt in den West Midlands pendeln. Was einige Probleme f\u00fcr Lampard mit sich bringen k\u00f6nnte. Denn in seiner Zeit als Chelsea-Trainer berichtete er von einem verr\u00fcckten Ritual, das mit seinem Hund Pooch zu tun hat und f\u00fcr Gl\u00fcck auf dem Platz sorgen soll ...\" loading=\"lazy\" decoding=\"async\" data-nimg=\"fill\" style=\"position:absolute;height:100%;width:100%;left:0;top:0;right:0;bottom:0;object-fit:contain;color:transparent\" src=\"https:\/\/www.europesays.com\/de\/wp-content\/uploads\/2025\/06\/1750202580_36_profile:original\"\/>\u00a9 PA Images<\/p>\n<p class=\"css-1cmglxz\"><strong>Frank Lampard verr\u00e4t verr\u00fccktes Hunde-Ritual<\/strong><br \/><a href=\"https:\/\/www.ran.de\/sports\/fussball\/news\/lampard-wird-teammanager-in-coventry-465979\" target=\"_blank\" rel=\"noopener\">Frank Lampard hat einen neuen Job als Trainer bei Zweitligist Coventry City. <\/a>Die Chelsea-Legende wird wohl zwischen ihre Heimat und der Stadt in den West Midlands pendeln. Was einige Probleme f\u00fcr Lampard mit sich bringen k\u00f6nnte. Denn in seiner Zeit als Chelsea-Trainer berichtete er von einem verr\u00fcckten Ritual, das mit seinem Hund Pooch zu tun hat und f\u00fcr Gl\u00fcck auf dem Platz sorgen soll &#8230;<\/p>\n<p><img alt=\"&lt;strong&gt;Frank Lampard verr\u00e4t verr\u00fccktes Hunde-Ritual&lt;\/strong&gt;&lt;br&gt;Lampard ist n\u00e4mlich sehr abergl\u00e4ubisch, wie &quot;The Sun&quot; berichtet. Vor den Chelsea-Spielen ging er mit seinem Hund immer exakt denselben Weg, besuchte dasselbe Caf\u00e9 und wartete dort, bis Pooch ihr Gesch\u00e4ft verrichtet hatte. Dann wanderte das Duo wieder den gleichen Weg zur\u00fcck. Ob Lampard dieses Ritual vor Spielen in Coventry aufrechterhalten kann, darf bezweifelt werden. Vielleicht m\u00fcssen Pooch und der ehemalige englische Nationalspieler nun ein neues Ritual erfinden.\" loading=\"lazy\" decoding=\"async\" data-nimg=\"fill\" style=\"position:absolute;height:100%;width:100%;left:0;top:0;right:0;bottom:0;object-fit:contain;color:transparent\" src=\"https:\/\/www.europesays.com\/de\/wp-content\/uploads\/2025\/06\/1750202581_981_profile:original\"\/>\u00a9 PA Images<\/p>\n<p class=\"css-1cmglxz\"><strong>Frank Lampard verr\u00e4t verr\u00fccktes Hunde-Ritual<\/strong><br \/>Lampard ist n\u00e4mlich sehr abergl\u00e4ubisch, wie &#8222;The Sun&#8220; berichtet. Vor den Chelsea-Spielen ging er mit seinem Hund immer exakt denselben Weg, besuchte dasselbe Caf\u00e9 und wartete dort, bis Pooch ihr Gesch\u00e4ft verrichtet hatte. Dann wanderte das Duo wieder den gleichen Weg zur\u00fcck. Ob Lampard dieses Ritual vor Spielen in Coventry aufrechterhalten kann, darf bezweifelt werden. Vielleicht m\u00fcssen Pooch und der ehemalige englische Nationalspieler nun ein neues Ritual erfinden.<\/p>\n<p><img alt=\"&lt;strong&gt;Manchester United will Fans mit Inkontinenz helfen&lt;\/strong&gt;&lt;br&gt;M\u00e4nner mit Inkontinenz sollen ihre Red Devils bald wieder im Old Trafford unterst\u00fctzen k\u00f6nnen. Daf\u00fcr hat der Klub als erster Premier-League-Verein nun entsprechende Beh\u00e4lter in den Stadiontoiletten installiert und wird Einlagen sowie \u00e4hnliche sanit\u00e4re Produkte zur Verf\u00fcgung stellen. Der M\u00fcll wird wiederum offenbar zur Stromproduktion verwendet.\" loading=\"lazy\" decoding=\"async\" data-nimg=\"fill\" style=\"position:absolute;height:100%;width:100%;left:0;top:0;right:0;bottom:0;object-fit:contain;color:transparent\" src=\"https:\/\/www.europesays.com\/de\/wp-content\/uploads\/2025\/06\/1750202581_605_profile:original\"\/>\u00a9 IMAGO\/Sportimage<\/p>\n<p class=\"css-1cmglxz\"><strong>Manchester United will Fans mit Inkontinenz helfen<\/strong><br \/>M\u00e4nner mit Inkontinenz sollen ihre Red Devils bald wieder im Old Trafford unterst\u00fctzen k\u00f6nnen. Daf\u00fcr hat der Klub als erster Premier-League-Verein nun entsprechende Beh\u00e4lter in den Stadiontoiletten installiert und wird Einlagen sowie \u00e4hnliche sanit\u00e4re Produkte zur Verf\u00fcgung stellen. Der M\u00fcll wird wiederum offenbar zur Stromproduktion verwendet.<\/p>\n<p><img alt=\"&lt;strong&gt;Silvan Wallner beendet Karriere aus religi\u00f6sen Gr\u00fcnden&lt;\/strong&gt;&lt;br&gt;Mit gerade einmal 22 Jahren beendet der Schweizer Fu\u00dfball-Profi Silvan Wallner seine Karriere - und das aus einem ungew\u00f6hnlichen Grund. Der Verteidiger des \u00f6sterreichischen Bundesligisten Blau-Wei\u00df Linz h\u00f6rt aufgrund seines christlichen Glaubens mit dem Fu\u00dfballspielen auf ...\" loading=\"lazy\" decoding=\"async\" data-nimg=\"fill\" style=\"position:absolute;height:100%;width:100%;left:0;top:0;right:0;bottom:0;object-fit:contain;color:transparent\" src=\"https:\/\/www.europesays.com\/de\/wp-content\/uploads\/2025\/06\/1750202582_804_profile:original\"\/>\u00a9 Sergio Brunetti<\/p>\n<p class=\"css-1cmglxz\"><strong>Silvan Wallner beendet Karriere aus religi\u00f6sen Gr\u00fcnden<\/strong><br \/>Mit gerade einmal 22 Jahren beendet der Schweizer Fu\u00dfball-Profi Silvan Wallner seine Karriere &#8211; und das aus einem ungew\u00f6hnlichen Grund. Der Verteidiger des \u00f6sterreichischen Bundesligisten Blau-Wei\u00df Linz h\u00f6rt aufgrund seines christlichen Glaubens mit dem Fu\u00dfballspielen auf &#8230;<\/p>\n<p><img alt=\"&lt;strong&gt;Silvan Wallner beendet Karriere aus religi\u00f6sen Gr\u00fcnden&lt;\/strong&gt;&lt;br&gt;... Der Schweizer war erst im Sommer vom FC Z\u00fcrich zu den Ober\u00f6sterreichern gekommen. In einem Statement erkl\u00e4rte Wallner, er sei &quot;gl\u00e4ubiger Christ&quot; und wolle &quot;Jesus Christus folgen. Der biblische Ruhetag ist mir dabei wichtig geworden. F\u00fcr mich als Profi hei\u00dft dies, dass ich von nun an am Samstag nicht erwerbsm\u00e4\u00dfig Fu\u00dfball spielen will.&quot;\" loading=\"lazy\" decoding=\"async\" data-nimg=\"fill\" style=\"position:absolute;height:100%;width:100%;left:0;top:0;right:0;bottom:0;object-fit:contain;color:transparent\" src=\"https:\/\/www.europesays.com\/de\/wp-content\/uploads\/2025\/06\/1750202584_459_profile:original\"\/>\u00a9 Eibner Europa<\/p>\n<p class=\"css-1cmglxz\"><strong>Silvan Wallner beendet Karriere aus religi\u00f6sen Gr\u00fcnden<\/strong><br \/>&#8230; Der Schweizer war erst im Sommer vom FC Z\u00fcrich zu den Ober\u00f6sterreichern gekommen. In einem Statement erkl\u00e4rte Wallner, er sei &#8222;gl\u00e4ubiger Christ&#8220; und wolle &#8222;Jesus Christus folgen. Der biblische Ruhetag ist mir dabei wichtig geworden. F\u00fcr mich als Profi hei\u00dft dies, dass ich von nun an am Samstag nicht erwerbsm\u00e4\u00dfig Fu\u00dfball spielen will.&#8220;<\/p>\n<p><img alt=\"&lt;strong&gt;Transferguru Romano reagiert auf US-Wahl&lt;\/strong&gt;&lt;br&gt;Fabrizio Romano gilt als der Transfermarkt-Insider schlechthin. Nach der US-Wahl schrieb ein &quot;X&quot;-User in Richtung des 31-J\u00e4hrigen: &quot;Ich warte darauf, dass Fabrizio Romano die Trump-\u00dcbernahme ank\u00fcndigt. Wenn nicht, dann kann ich das nicht akzeptieren.&quot; Der Journalist setzte in der Folge einen Tweet mit drei Emojis ab: Das Wort &quot;bald&quot; mit einem Pfeil, ein Augenpaar und die US-Flagge.\" loading=\"lazy\" decoding=\"async\" data-nimg=\"fill\" style=\"position:absolute;height:100%;width:100%;left:0;top:0;right:0;bottom:0;object-fit:contain;color:transparent\" src=\"https:\/\/www.europesays.com\/de\/wp-content\/uploads\/2025\/04\/1744640743_392_profile:original.jpeg\"\/>\u00a9 Imago \/ x.com\/FabrizioRomano\/<\/p>\n<p class=\"css-1cmglxz\"><strong>Transferguru Romano reagiert auf US-Wahl<\/strong><br \/>Fabrizio Romano gilt als der Transfermarkt-Insider schlechthin. Nach der US-Wahl schrieb ein &#8222;X&#8220;-User in Richtung des 31-J\u00e4hrigen: &#8222;Ich warte darauf, dass Fabrizio Romano die Trump-\u00dcbernahme ank\u00fcndigt. Wenn nicht, dann kann ich das nicht akzeptieren.&#8220; Der Journalist setzte in der Folge einen Tweet mit drei Emojis ab: Das Wort &#8222;bald&#8220; mit einem Pfeil, ein Augenpaar und die US-Flagge.<\/p>\n<p><img alt=\"&lt;strong&gt;Schweiz: Platzverweis f\u00fcr Joel Monteiro\u00a0nach Schuh-Wurf&lt;\/strong&gt;&lt;br&gt;Weil sich Berns Joel Monteiro beim 0:0 gegen den FC Z\u00fcrich \u00fcber eine Schiri-Entscheidung \u00e4rgerte, verlor er die Nerven! Der 25-J\u00e4hrige warf seinen Schuh frustriert weg und traf dabei Gegenspieler Mirlind Kryeziu. Daher blieb Schiedsrichter Urs Schnyder keine Wahl, als Monteiro mit Rot zu bestrafen. &quot;So spektakul\u00e4r wie d\u00e4mlich&quot; kommentierte die &quot;Neue Z\u00fcrcher Zeitung&quot; (NZZ) Monteiros Platzverweis.\" loading=\"lazy\" decoding=\"async\" data-nimg=\"fill\" style=\"position:absolute;height:100%;width:100%;left:0;top:0;right:0;bottom:0;object-fit:contain;color:transparent\" src=\"https:\/\/www.europesays.com\/de\/wp-content\/uploads\/2025\/04\/1744640743_862_profile:original.jpeg\"\/>\u00a9 IMAGO\/Manuel Stefan<\/p>\n<p class=\"css-1cmglxz\"><strong>Schweiz: Platzverweis f\u00fcr Joel Monteiro\u00a0nach Schuh-Wurf<\/strong><br \/>Weil sich Berns Joel Monteiro beim 0:0 gegen den FC Z\u00fcrich \u00fcber eine Schiri-Entscheidung \u00e4rgerte, verlor er die Nerven! Der 25-J\u00e4hrige warf seinen Schuh frustriert weg und traf dabei Gegenspieler Mirlind Kryeziu. Daher blieb Schiedsrichter Urs Schnyder keine Wahl, als Monteiro mit Rot zu bestrafen. &#8222;So spektakul\u00e4r wie d\u00e4mlich&#8220; kommentierte die &#8222;Neue Z\u00fcrcher Zeitung&#8220; (NZZ) Monteiros Platzverweis.<\/p>\n<p><img alt=\"&lt;strong&gt;FA erlaubt Tuchel Arbeit im Homeoffice&lt;\/strong&gt;&lt;br&gt;Im Januar beginnt Thomas Tuchel seinen Job als Trainer der Three Lions. Seine Arbeit kann er dabei teilweise im Homeoffice ausf\u00fchren. Laut &quot;Sun&quot; wird der 51-J\u00e4hrige an einigen Sitzungen mit Nachwuchstrainern und anderen Abteilungen teilnehmen, die FA verlangt allerdings nicht, dass er st\u00e4ndig pr\u00e4sent ist. Tuchel lebt aktuell in M\u00fcnchen, wo auch seine beiden T\u00f6chter wohnen.\" loading=\"lazy\" decoding=\"async\" data-nimg=\"fill\" style=\"position:absolute;height:100%;width:100%;left:0;top:0;right:0;bottom:0;object-fit:contain;color:transparent\" src=\"https:\/\/www.europesays.com\/de\/wp-content\/uploads\/2025\/06\/1750202590_39_profile:original\"\/>\u00a9 IMAGO\/Colorsport<\/p>\n<p class=\"css-1cmglxz\"><strong>FA erlaubt Tuchel Arbeit im Homeoffice<\/strong><br \/>Im Januar beginnt Thomas Tuchel seinen Job als Trainer der Three Lions. Seine Arbeit kann er dabei teilweise im Homeoffice ausf\u00fchren. Laut &#8222;Sun&#8220; wird der 51-J\u00e4hrige an einigen Sitzungen mit Nachwuchstrainern und anderen Abteilungen teilnehmen, die FA verlangt allerdings nicht, dass er st\u00e4ndig pr\u00e4sent ist. Tuchel lebt aktuell in M\u00fcnchen, wo auch seine beiden T\u00f6chter wohnen.<\/p>\n<p><img alt=\"&lt;strong&gt;&quot;Technische Probleme&quot; bei Registrierung verhindern Nmecha-Comeback&lt;\/strong&gt;&lt;br&gt;Der wiedergenesene Lukas Nmecha verpasst die Bundesliga-Partie seines Klubs VfL Wolfsburg auf St. Pauli aus kuriosem Grund. Laut &quot;Kicker&quot; teilten die &quot;W\u00f6lfe&quot; mit, dass der St\u00fcrmer aufgrund technischer Probleme nicht f\u00fcr den Spieltagskader gemeldet werden konnte. Daher ...\" loading=\"lazy\" decoding=\"async\" data-nimg=\"fill\" style=\"position:absolute;height:100%;width:100%;left:0;top:0;right:0;bottom:0;object-fit:contain;color:transparent\" src=\"https:\/\/www.europesays.com\/de\/wp-content\/uploads\/2025\/04\/1744640744_780_profile:original.jpeg\"\/>\u00a9 IMAGO\/HMB-Media<\/p>\n<p class=\"css-1cmglxz\"><strong>&#8222;Technische Probleme&#8220; bei Registrierung verhindern Nmecha-Comeback<\/strong><br \/>Der wiedergenesene Lukas Nmecha verpasst die Bundesliga-Partie seines Klubs VfL Wolfsburg auf St. Pauli aus kuriosem Grund. Laut &#8222;Kicker&#8220; teilten die &#8222;W\u00f6lfe&#8220; mit, dass der St\u00fcrmer aufgrund technischer Probleme nicht f\u00fcr den Spieltagskader gemeldet werden konnte. Daher &#8230;<\/p>\n<p><img alt=\"&lt;strong&gt;&quot;Technische Probleme&quot; bei Registrierung verhindern Nmecha-Comeback&lt;\/strong&gt;&lt;br&gt;... umfasste das VfL-Aufgebot am Millerntor nur 19 statt 20 Spieler. Nmecha fiel zuletzt lange Zeit wegen Adduktorenproblemen aus, h\u00e4tte auf St. Pauli sein Comeback geben k\u00f6nnen \u2013 doch dann kam die Technik dazwischen. So sa\u00df Nmecha beim torlosen Remis des VfL zwar auf der Bank, allerdings nur in Trainingsklamotten und ohne die Chance, zum Einsatz zu kommen.\" loading=\"lazy\" decoding=\"async\" data-nimg=\"fill\" style=\"position:absolute;height:100%;width:100%;left:0;top:0;right:0;bottom:0;object-fit:contain;color:transparent\" src=\"https:\/\/www.europesays.com\/de\/wp-content\/uploads\/2025\/06\/1750202593_472_profile:original\"\/>\u00a9 regios24<\/p>\n<p class=\"css-1cmglxz\"><strong>&#8222;Technische Probleme&#8220; bei Registrierung verhindern Nmecha-Comeback<\/strong><br \/>&#8230; umfasste das VfL-Aufgebot am Millerntor nur 19 statt 20 Spieler. Nmecha fiel zuletzt lange Zeit wegen Adduktorenproblemen aus, h\u00e4tte auf St. Pauli sein Comeback geben k\u00f6nnen \u2013 doch dann kam die Technik dazwischen. So sa\u00df Nmecha beim torlosen Remis des VfL zwar auf der Bank, allerdings nur in Trainingsklamotten und ohne die Chance, zum Einsatz zu kommen.<\/p>\n<p><img alt=\"&lt;strong&gt;Fu\u00dfball auf \u00fcber 4000 Metern H\u00f6he&lt;\/strong&gt;&lt;br&gt;Da wird jedem Gegner Angst und Bange. Bolivien hat sein Nationalstadion nach El Alto verlegt. Die Luft im Stadion von El Alto ist d\u00fcnn, die Botschaft auf dem Rasen daf\u00fcr umso dicker. &quot;4150 Meter&quot; steht laut &quot;SID&quot; in gro\u00dfen Buchstaben auf jenem Rasen, auf dem Bolivien am Donnerstag sein umstrittenes WM-Qualifikationsspiel gegen Kolumbien absolviert ...\" loading=\"lazy\" decoding=\"async\" data-nimg=\"fill\" style=\"position:absolute;height:100%;width:100%;left:0;top:0;right:0;bottom:0;object-fit:contain;color:transparent\" src=\"https:\/\/www.europesays.com\/de\/wp-content\/uploads\/2025\/06\/1750202595_120_profile:original\"\/>\u00a9 2024 Getty Images<\/p>\n<p class=\"css-1cmglxz\"><strong>Fu\u00dfball auf \u00fcber 4000 Metern H\u00f6he<\/strong><br \/>Da wird jedem Gegner Angst und Bange. Bolivien hat sein Nationalstadion nach El Alto verlegt. Die Luft im Stadion von El Alto ist d\u00fcnn, die Botschaft auf dem Rasen daf\u00fcr umso dicker. &#8222;4150 Meter&#8220; steht laut &#8222;SID&#8220; in gro\u00dfen Buchstaben auf jenem Rasen, auf dem Bolivien am Donnerstag sein umstrittenes WM-Qualifikationsspiel gegen Kolumbien absolviert &#8230;<\/p>\n<p><img alt=\"&lt;strong&gt;Fu\u00dfball auf \u00fcber 4000 Metern H\u00f6he&lt;\/strong&gt;&lt;br&gt;Bislang wurden Pflichtspiele in La Paz ausgetragen, auf 3637 Metern im h\u00f6chstgelegenen Nationalstadion der Welt. Doch neuerdings zieht es das Team noch deutlich h\u00f6her hinaus. Weil das frisch renovierte Stadion in El Alto so sch\u00f6n und der Rasen so gut sei, sagt Nationaltrainer Oscar Villegas. Weil das einen enormen Vorteil bringe, sagen viele Gegner ...\" loading=\"lazy\" decoding=\"async\" data-nimg=\"fill\" style=\"position:absolute;height:100%;width:100%;left:0;top:0;right:0;bottom:0;object-fit:contain;color:transparent\" src=\"https:\/\/www.europesays.com\/de\/wp-content\/uploads\/2025\/06\/1750202596_585_profile:original\"\/>\u00a9 2024 Getty Images<\/p>\n<p class=\"css-1cmglxz\"><strong>Fu\u00dfball auf \u00fcber 4000 Metern H\u00f6he<\/strong><br \/>Bislang wurden Pflichtspiele in La Paz ausgetragen, auf 3637 Metern im h\u00f6chstgelegenen Nationalstadion der Welt. Doch neuerdings zieht es das Team noch deutlich h\u00f6her hinaus. Weil das frisch renovierte Stadion in El Alto so sch\u00f6n und der Rasen so gut sei, sagt Nationaltrainer Oscar Villegas. Weil das einen enormen Vorteil bringe, sagen viele Gegner &#8230;<\/p>\n<p><img alt=\"&lt;strong&gt;Fu\u00dfball auf \u00fcber 4000 Metern H\u00f6he&lt;\/strong&gt;&lt;br&gt;Zu sp\u00fcren bekam die H\u00f6henluft bereits Venezuela. Mit 0:4 kam der Favorit im September unter die R\u00e4der, als Bolivien erstmals in El Alto (spanisch f\u00fcr &quot;die H\u00f6he&quot;) spielte. Weder Atem\u00fcbungen noch eine Vorbereitung in Sauerstoffkammern halfen den G\u00e4sten. Nun versucht es Kolumbien, unter anderem mit einer mehrt\u00e4gigen Akklimatisierung in Cochabamba auf 2500 Metern.\" loading=\"lazy\" decoding=\"async\" data-nimg=\"fill\" style=\"position:absolute;height:100%;width:100%;left:0;top:0;right:0;bottom:0;object-fit:contain;color:transparent\" src=\"https:\/\/www.europesays.com\/de\/wp-content\/uploads\/2025\/06\/1750202598_758_profile:original\"\/>\u00a9 2024 Getty Images<\/p>\n<p class=\"css-1cmglxz\"><strong>Fu\u00dfball auf \u00fcber 4000 Metern H\u00f6he<\/strong><br \/>Zu sp\u00fcren bekam die H\u00f6henluft bereits Venezuela. Mit 0:4 kam der Favorit im September unter die R\u00e4der, als Bolivien erstmals in El Alto (spanisch f\u00fcr &#8222;die H\u00f6he&#8220;) spielte. Weder Atem\u00fcbungen noch eine Vorbereitung in Sauerstoffkammern halfen den G\u00e4sten. Nun versucht es Kolumbien, unter anderem mit einer mehrt\u00e4gigen Akklimatisierung in Cochabamba auf 2500 Metern.<\/p>\n<p class=\"css-1cmglxz\">Dabei hatte gerade Brandt im Bundesliga-Finish noch gegl\u00e4nzt. Bei den Siegen bei 1899 Hoffenheim (3:2), gegen Wolfsburg (4:0), in Leverkusen (4:2) und gegen Kiel (3:0) war der offensive Mittelfeldspieler an sechs Treffern direkt beteiligt (zwei Tore, vier Vorlagen).<\/p>\n<p class=\"css-1cmglxz\">Damit steht Brandts jetzige Leistung gegen Fluminense umso sinnbildlicher f\u00fcr den BVB-Auftritt insgesamt: Es war ein R\u00fcckfall in alte, schlechte Zeiten.<\/p>\n","protected":false},"excerpt":{"rendered":"Borussia Dortmund kommt im ersten Vorrundenspiel der FIFA Klub-WM gerade mal so zu einem Remis gegen Fluminense. Der&hellip;\n","protected":false},"author":2,"featured_media":198579,"comment_status":"","ping_status":"","sticky":false,"template":"","format":"standard","meta":{"footnotes":""},"categories":[1833],"tags":[888,3364,29,217,18712,65178,30,41483,17811,65179,13993,1209,33883],"class_list":{"0":"post-198578","1":"post","2":"type-post","3":"status-publish","4":"format-standard","5":"has-post-thumbnail","7":"category-dortmund","8":"tag-borussia-dortmund","9":"tag-de","10":"tag-deutschland","11":"tag-dortmund","12":"tag-fifa-klub-wm","13":"tag-fluminense","14":"tag-germany","15":"tag-gregor-kobel","16":"tag-julian-brandt","17":"tag-nachbericht","18":"tag-niko-kovac","19":"tag-nordrhein-westfalen","20":"tag-remis"},"share_on_mastodon":{"url":"https:\/\/pubeurope.com\/@de\/114701286220155998","error":""},"_links":{"self":[{"href":"https:\/\/www.europesays.com\/de\/wp-json\/wp\/v2\/posts\/198578","targetHints":{"allow":["GET"]}}],"collection":[{"href":"https:\/\/www.europesays.com\/de\/wp-json\/wp\/v2\/posts"}],"about":[{"href":"https:\/\/www.europesays.com\/de\/wp-json\/wp\/v2\/types\/post"}],"author":[{"embeddable":true,"href":"https:\/\/www.europesays.com\/de\/wp-json\/wp\/v2\/users\/2"}],"replies":[{"embeddable":true,"href":"https:\/\/www.europesays.com\/de\/wp-json\/wp\/v2\/comments?post=198578"}],"version-history":[{"count":0,"href":"https:\/\/www.europesays.com\/de\/wp-json\/wp\/v2\/posts\/198578\/revisions"}],"wp:featuredmedia":[{"embeddable":true,"href":"https:\/\/www.europesays.com\/de\/wp-json\/wp\/v2\/media\/198579"}],"wp:attachment":[{"href":"https:\/\/www.europesays.com\/de\/wp-json\/wp\/v2\/media?parent=198578"}],"wp:term":[{"taxonomy":"category","embeddable":true,"href":"https:\/\/www.europesays.com\/de\/wp-json\/wp\/v2\/categories?post=198578"},{"taxonomy":"post_tag","embeddable":true,"href":"https:\/\/www.europesays.com\/de\/wp-json\/wp\/v2\/tags?post=198578"}],"curies":[{"name":"wp","href":"https:\/\/api.w.org\/{rel}","templated":true}]}}