{"id":198615,"date":"2025-06-17T23:44:13","date_gmt":"2025-06-17T23:44:13","guid":{"rendered":"https:\/\/www.europesays.com\/de\/198615\/"},"modified":"2025-06-17T23:44:13","modified_gmt":"2025-06-17T23:44:13","slug":"eric-dane-an-als-erkrankt-ein-arm-funktioniert-nicht-mehr-unterhaltung","status":"publish","type":"post","link":"https:\/\/www.europesays.com\/de\/198615\/","title":{"rendered":"Eric Dane an ALS erkrankt: Ein Arm funktioniert nicht mehr | Unterhaltung"},"content":{"rendered":"<p>New York \u2013<b> Es ist sein erstes gro\u00dfes TV-Interview seit dem Bekanntwerden seiner ALS-Diagnose. Eric Dane spricht offen \u00fcber die heimt\u00fcckische Krankheit und die Folgen, mit denen er zu k\u00e4mpfen hat.<\/b><\/p>\n<p>Im April machte der \u201e<a href=\"https:\/\/www.bild.de\/unterhaltung\/tv\/greys-anatomy-alle-infos-0FilvQJ2EvAlmNNGJHe3\" class=\"text-link\" target=\"_blank\" rel=\"noopener\">Grey\u2019s Anatomy<\/a>\u201c-Star im \u201ePeople\u201c-Magazin <a href=\"https:\/\/www.bild.de\/unterhaltung\/stars-und-leute\/eric-dane-mit-als-diagnose-greys-anatomy-star-unheilbar-krank-67f8b049067dae0a29f016a2\" class=\"text-link\" target=\"_blank\" rel=\"noopener\">seine Krankheit \u00f6ffentlich<\/a>, bat damals erst mal um Privatsph\u00e4re f\u00fcr sich und seine Familie. Jetzt will sich Dane dem \u201eUnvermeidbaren\u201c stellen, \u00fcber die Auswirken seiner Krankheit sprechen \u2013 und Bewusstsein schaffen.<\/p>\n<p><img decoding=\"async\" width=\"992\" height=\"1272\" alt=\"Eric Dane 2005 in seiner Paraderolle des Dr. Mark \u201cMcSteamy\u201d Sloan in \u201eGrey's Anatomy\u201c\" src=\"https:\/\/www.europesays.com\/de\/wp-content\/uploads\/2025\/06\/cb69611cff7a61b6a5e82c09a0216c87,8423674b\"   class=\"dynamic\" loading=\"lazy\"\/><\/p>\n<p class=\"fig__caption__text\">Eric Dane (damals 32) 2005 in seiner Paraderolle des Dr. Mark \u201eMcSteamy\u201c Sloan in \u201eGrey\u2019s Anatomy\u201c<\/p>\n<p>Foto: picture alliance \/ Mary Evans\/AF Archive\/Touchstone<\/p>\n<p>Danes Arm funktioniert nicht mehr<\/p>\n<p>Im Interview mit Moderatorin Diane Sawyer (79) wird deutlich: K\u00f6rperlich hat der Hollywood-Star bereits mit starken Einschr\u00e4nkungen zu k\u00e4mpfen. Das allererste Symptom seiner <a href=\"https:\/\/www.bild.de\/leben-wissen\/als-das-steckt-hinter-der-heimtueckischen-krankheit-67fa4af4ff433e4b9cd6ab21\" class=\"text-link\" target=\"_blank\" rel=\"noopener\">ALS-Erkrankung<\/a> sp\u00fcrte Dane vor etwa anderthalb Jahren: \u201eIch begann, eine Schw\u00e4che in meiner rechten Hand zu versp\u00fcren, und dachte mir damals nichts dabei.\u201c Doch inzwischen hat sich dieses zun\u00e4chst harmlos wirkende Symptom zu einem gro\u00dfen Problem entwickelt: Nachdem er zun\u00e4chst dachte, nur \u201ezu viel SMS geschrieben\u201c zu haben und von einem Handspezialisten zum anderen lief, kam die \u201eern\u00fcchternde\u201c ALS-Diagnose.<\/p>\n<p>Lesen Sie auch<\/p>\n<p>Besonders schlimm f\u00fcr den sportlichen Schauspieler: Inzwischen habe sein rechter Arm \u201ekomplett aufgeh\u00f6rt zu funktionieren\u201c. Seinem linken Arm gibt Dane noch \u201eein paar Monate\u201c, doch besonders \u201ebesorgt\u201c ist der einstige Leistungsschwimmer um seine Beine. Er vermutet, dass diese als N\u00e4chstes aufh\u00f6ren k\u00f6nnten zu arbeiten.<\/p>\n<p>Dramatischer Zwischenfall mit seiner Tochter<\/p>\n<p>Besonders bedr\u00fcckend war f\u00fcr den Zweifach-Papa ein Erlebnis mit einer seiner T\u00f6chter: Bei einem Bootsausflug kam es zu einem dramatischen Zwischenfall, bei dem seine Tochter ihn aus dem Wasser zur\u00fcck zum Boot \u201eschleppen\u201c musste. Zuvor war Dane ins Wasser gesprungen, doch merkte schnell, dass er \u201eweder schwimmen noch genug Kraft aufbringen konnte, um zum Boot zur\u00fcckzukehren\u201c.<\/p>\n<p><img decoding=\"async\" width=\"992\" height=\"1178\" alt=\"Eric Dane im Mai 2024 mit seinen T\u00f6chtern Billie Beatrice Dane (15) und Georgia Geraldine Dane (13)\" src=\"https:\/\/www.europesays.com\/de\/wp-content\/uploads\/2025\/06\/05510da9fe8da19fe1ab983e3c458a0d,39360986\"   class=\"portrait\" loading=\"lazy\"\/><\/p>\n<p class=\"fig__caption__text\">Eric Dane im Mai 2024 mit seinen T\u00f6chtern Billie Beatrice Dane (l., 15) und Georgia Geraldine Dane (13)<\/p>\n<p>Foto: Lisa O&#8217;Connor\/AFF-USA\/Shutterstock<\/p>\n<p>Nach der dramatischen Rettungsaktion brach der Schauspieler \u201ein Tr\u00e4nen aus (\u2026). Ich war einfach untr\u00f6stlich\u201c. Belastend ist f\u00fcr ihn auch der Gedanke, dass er seine jungen T\u00f6chter alleine lassen k\u00f6nnte: \u201eIch bin w\u00fctend, weil mir mein Vater genommen wurde, als ich noch jung war, und jetzt besteht die sehr gute Chance, dass ich meinen M\u00e4dchen genommen werde, w\u00e4hrend sie noch sehr jung sind.\u201c<\/p>\n<p><b>Doch auch wenn sich die Krankheit weitgehend \u201eseiner Kontrolle entzieht\u201c will Dane \u201ek\u00e4mpfen so viel er kann\u201c und sich darauf konzentrieren, \u201eZeit mit seiner Familie zu verbringen\u201c.<\/b><\/p>\n<p><b>Was ist ALS?<\/b><\/p>\n<p>ALS (Amyotrophe Lateralsklerose) ist eine unheilbare neurodegenerative Krankheit. Das zentrale Nervensystem (Gehirn und R\u00fcckenmark) bleibt zwar intakt und sendet auch weiterhin Befehle aus, doch k\u00f6nnen diese nicht mehr ausgef\u00fchrt werden, was zum Verlust der Muskelkontrolle f\u00fchrt, w\u00e4hrend die geistigen F\u00e4higkeiten meistens erhalten bleiben. Das macht die Krankheit und das Erleben des Verfalls f\u00fcr die Betroffenen oftmals besonders belastend. Bislang gilt ALS als unheilbar.<\/p>\n","protected":false},"excerpt":{"rendered":"New York \u2013 Es ist sein erstes gro\u00dfes TV-Interview seit dem Bekanntwerden seiner ALS-Diagnose. Eric Dane spricht offen&hellip;\n","protected":false},"author":2,"featured_media":198616,"comment_status":"","ping_status":"","sticky":false,"template":"","format":"standard","meta":{"footnotes":""},"categories":[1776],"tags":[1801,15507,29,214,30,14328,683,638,1802,935,45,215],"class_list":{"0":"post-198615","1":"post","2":"type-post","3":"status-publish","4":"format-standard","5":"has-post-thumbnail","7":"category-prominente","8":"tag-celebrities","9":"tag-dane-eric","10":"tag-deutschland","11":"tag-entertainment","12":"tag-germany","13":"tag-greys-anatomy","14":"tag-hollywood","15":"tag-krankheiten","16":"tag-prominente","17":"tag-schauspieler","18":"tag-texttospeech","19":"tag-unterhaltung"},"share_on_mastodon":{"url":"https:\/\/pubeurope.com\/@de\/114701367094455849","error":""},"_links":{"self":[{"href":"https:\/\/www.europesays.com\/de\/wp-json\/wp\/v2\/posts\/198615","targetHints":{"allow":["GET"]}}],"collection":[{"href":"https:\/\/www.europesays.com\/de\/wp-json\/wp\/v2\/posts"}],"about":[{"href":"https:\/\/www.europesays.com\/de\/wp-json\/wp\/v2\/types\/post"}],"author":[{"embeddable":true,"href":"https:\/\/www.europesays.com\/de\/wp-json\/wp\/v2\/users\/2"}],"replies":[{"embeddable":true,"href":"https:\/\/www.europesays.com\/de\/wp-json\/wp\/v2\/comments?post=198615"}],"version-history":[{"count":0,"href":"https:\/\/www.europesays.com\/de\/wp-json\/wp\/v2\/posts\/198615\/revisions"}],"wp:featuredmedia":[{"embeddable":true,"href":"https:\/\/www.europesays.com\/de\/wp-json\/wp\/v2\/media\/198616"}],"wp:attachment":[{"href":"https:\/\/www.europesays.com\/de\/wp-json\/wp\/v2\/media?parent=198615"}],"wp:term":[{"taxonomy":"category","embeddable":true,"href":"https:\/\/www.europesays.com\/de\/wp-json\/wp\/v2\/categories?post=198615"},{"taxonomy":"post_tag","embeddable":true,"href":"https:\/\/www.europesays.com\/de\/wp-json\/wp\/v2\/tags?post=198615"}],"curies":[{"name":"wp","href":"https:\/\/api.w.org\/{rel}","templated":true}]}}