{"id":198662,"date":"2025-06-18T00:11:25","date_gmt":"2025-06-18T00:11:25","guid":{"rendered":"https:\/\/www.europesays.com\/de\/198662\/"},"modified":"2025-06-18T00:11:25","modified_gmt":"2025-06-18T00:11:25","slug":"lehrerinnen-helfen-im-ruhrgebiet-aus","status":"publish","type":"post","link":"https:\/\/www.europesays.com\/de\/198662\/","title":{"rendered":"Lehrer:innen helfen im Ruhrgebiet aus"},"content":{"rendered":"<p>Viel Unmut gab es im vergangenen Jahr, weil durch so genannte Kaskadenabordnungen deutlich mehr Lehrkr\u00e4fte betroffen waren. Das hie\u00df z.B. Gymnasiallehrer aus M\u00fcnster wurden an eine Grundschule im M\u00fcnsterland abgeordnet. Daf\u00fcr wurden von der Grundschule andere Lehrkr\u00e4fte ins Ruhrgebiet geschickt. In diesem Jahr wurde darauf verzichtet und alle Abordnungen seien im Einvernehmen erfolgt, sagte Regierungspr\u00e4sident Andreas Bothe.<\/p>\n<p>Abordnungen verteilen sich auf das gesamte M\u00fcnsterland<\/p>\n<p>Es geh\u00f6rt zu den wichtigsten Aufgaben der Bezirksregierung, \u00fcberall im Regierungsbezirk f\u00fcr faire Bildungschancen zu sorgen. Die Grundvoraussetzung daf\u00fcr ist, dass an allen Schulen ausreichend Lehrkr\u00e4fte zur Verf\u00fcgung\u00a0stehen, um den Unterricht sicherzustellen. Die vorhandenen Ressourcen m\u00fcssen gezielt eingesetzt werden. Dazu setzt die Bezirksregierung unter anderem auch darauf, Lehrkr\u00e4fte von personell besser ausgestatteten Schulen zeitweilig an Schulen mit besonders gro\u00dfem Personalbedarf abzuordnen. Bei Abordnungen handelt es sich um eine Ma\u00dfnahme, die bereits seit vielen Jahren auch in anderen Bereichen der Landesverwaltung stattfindet. Abordnungsentscheidungen werden von der Schulaufsicht auf der Grundlage klarer Kriterien und unter Beteiligung der Personalvertretungen getroffen. Es handelt sich stets um Einzelfallentscheidungen. Die Schulaufsicht ber\u00fccksichtigt bei ihrer Entscheidung sowohl die Belange der betroffenen Lehrkraft als auch die Belange der abgebenden und aufnehmenden Schule. <strong>Von den 124 abgeordneten Lehrkr\u00e4ften haben 16 ihre Stammschule in der Stadt M\u00fcnster, 40 im Kreis Steinfurt, 27 im Kreis Coesfeld, 20 im Kreis Warendorf, 21 im Kreis Borken.<\/strong><\/p>\n<p>Klassenleitungen an allen Grundschulen gesichert<\/p>\n<p>&#8222;Im kommenden Schuljahr gelingt es uns, alle Grundschulklassen an den insgesamt 405 Grundschulen im Regierungsbezirk mit einer Klassenleitung auszustatten\u201c, berichtet Regierungspr\u00e4sident Andreas Bothe, um in dem Zusammenhang ausdr\u00fccklich zu betonen: &#8222;Alle daf\u00fcr erforderlichen Abordnungen sind einvernehmlich erfolgt.\u201c<\/p>\n","protected":false},"excerpt":{"rendered":"Viel Unmut gab es im vergangenen Jahr, weil durch so genannte Kaskadenabordnungen deutlich mehr Lehrkr\u00e4fte betroffen waren. Das&hellip;\n","protected":false},"author":2,"featured_media":198663,"comment_status":"","ping_status":"","sticky":false,"template":"","format":"standard","meta":{"footnotes":""},"categories":[1843],"tags":[5677,4568,5871,3364,29,30,30789,8970,1209],"class_list":{"0":"post-198662","1":"post","2":"type-post","3":"status-publish","4":"format-standard","5":"has-post-thumbnail","7":"category-muenster","8":"tag-munster","9":"tag-schulen","10":"tag-grundschule","11":"tag-de","12":"tag-deutschland","13":"tag-germany","14":"tag-lehrermangel","15":"tag-muenster","16":"tag-nordrhein-westfalen"},"share_on_mastodon":{"url":"https:\/\/pubeurope.com\/@de\/114701473119069281","error":""},"_links":{"self":[{"href":"https:\/\/www.europesays.com\/de\/wp-json\/wp\/v2\/posts\/198662","targetHints":{"allow":["GET"]}}],"collection":[{"href":"https:\/\/www.europesays.com\/de\/wp-json\/wp\/v2\/posts"}],"about":[{"href":"https:\/\/www.europesays.com\/de\/wp-json\/wp\/v2\/types\/post"}],"author":[{"embeddable":true,"href":"https:\/\/www.europesays.com\/de\/wp-json\/wp\/v2\/users\/2"}],"replies":[{"embeddable":true,"href":"https:\/\/www.europesays.com\/de\/wp-json\/wp\/v2\/comments?post=198662"}],"version-history":[{"count":0,"href":"https:\/\/www.europesays.com\/de\/wp-json\/wp\/v2\/posts\/198662\/revisions"}],"wp:featuredmedia":[{"embeddable":true,"href":"https:\/\/www.europesays.com\/de\/wp-json\/wp\/v2\/media\/198663"}],"wp:attachment":[{"href":"https:\/\/www.europesays.com\/de\/wp-json\/wp\/v2\/media?parent=198662"}],"wp:term":[{"taxonomy":"category","embeddable":true,"href":"https:\/\/www.europesays.com\/de\/wp-json\/wp\/v2\/categories?post=198662"},{"taxonomy":"post_tag","embeddable":true,"href":"https:\/\/www.europesays.com\/de\/wp-json\/wp\/v2\/tags?post=198662"}],"curies":[{"name":"wp","href":"https:\/\/api.w.org\/{rel}","templated":true}]}}