{"id":198814,"date":"2025-06-18T01:38:04","date_gmt":"2025-06-18T01:38:04","guid":{"rendered":"https:\/\/www.europesays.com\/de\/198814\/"},"modified":"2025-06-18T01:38:04","modified_gmt":"2025-06-18T01:38:04","slug":"trumps-ukraine-gesandter-fliegt-nach-belarus","status":"publish","type":"post","link":"https:\/\/www.europesays.com\/de\/198814\/","title":{"rendered":"Trumps Ukraine-Gesandter fliegt nach Belarus"},"content":{"rendered":"<p>Newsblog zum Ukraine-Krieg <\/p>\n<p>Bericht: Trumps Ukraine-Gesandter Kellogg fliegt nach Belarus<\/p>\n<p>Aktualisiert am 18.06.2025 &#8211; 01:59 UhrLesedauer: 10 Min.<\/p>\n<p><a href=\"#focus-0\" class=\"transition-colors duration-200 focus-within:text-magenta block text-current relative\" data-sctrack=\"FocusGalleryImage.Reference\"><img fetchpriority=\"high\" data-testid=\"Opener.Image\" style=\"--lqipURL:url('https:\/\/images.t-online.de\/2025\/05\/xKdbuMACqaxA\/0x209:4000x2250\/fit-in\/150x0\/filters:blur(25)\/white-house-press-secretary-kayleigh-mcenany-holds-press-briefing-keith-kellogg-national-security-advisor-to-vice-president-mike-pence-and-retired-lieutenant-general-in-the-united-states-army-speaks-about-former-coronavirus-task-force-member-olivia-troye-at-a-press-briefing-in-the-brady-press-briefing-room-of-the-white-house-in-washington-dc-on-tuesday-september-22-2020-credit-sarah-silbiger-pool-via-cnp-washington-district-of-columbia-united-states-of-america-editorial-use-only-copyright-xx-whiteho.jpg')\"   loading=\"eager\" src=\"https:\/\/www.europesays.com\/de\/wp-content\/uploads\/2025\/06\/white-house-press-secretary-kayleigh-mcenany-holds-press-briefing-keith-kellogg-national-security-ad.jpeg\" alt=\"imago images 0444382684\" title=\"imago images 0444382684\" width=\"4000\" height=\"2250\" class=\"bg-[url:var(--lqipURL)] bg-cover bg-center flex h-full w-full max-w-full\" decoding=\"async\"\/><img style=\"--width:32;--height:32\" loading=\"lazy\" src=\"https:\/\/www.t-online.de\/s\/paper\/_next\/static\/media\/zoom-in.f7dae02f.svg\" alt=\"Vergr\u00f6\u00dfern des Bildes\" title=\"Vergr\u00f6\u00dfern des Bildes\" class=\"block h-[calc(var(--height)_\/_16_*_1rem)] w-[calc(var(--width)_\/_16_*_1rem)] max-w-none absolute bottom-8 right-8 rounded-4 bg-snow p-8\" decoding=\"async\"\/><\/a><\/p>\n<p>Keith Kellogg: Der Berater der US-Regierung will offenbar Alexander Lukaschenko in Belarus treffen. (Quelle: IMAGO\/Sarah Silbiger\/imago)<\/p>\n<p><a rel=\"nofollow noopener\" target=\"_blank\" class=\"transition-colors duration-200 cursor-pointer text-inherit no-underline group grid items-center rounded-8 bg-whitelilac text-black grid-cols-[min-content_34px] gap-8 px-8 py-[6px] text-12 hover:bg-magenta hover:text-whitelilac hover:dark:text-salemsfur\" href=\"https:\/\/news.google.com\/publications\/CAAiEIJQzYzeY7hM4UzfQTU6gT8qFAgKIhCCUM2M3mO4TOFM30E1OoE_?hl=de&amp;gl=DE&amp;ceid=DE%3Ade\" aria-label=\"Auf Google News folgen\">News folgen<\/a><img style=\"--width:16;--height:16\" loading=\"lazy\" src=\"https:\/\/www.t-online.de\/s\/paper\/_next\/static\/media\/sharing-menu-icon.1eb71368.svg\" alt=\"Teilen Menu auf machen\" title=\"Teilen Menu auf machen\" class=\"block h-[calc(var(--height)_\/_16_*_1rem)] w-[calc(var(--width)_\/_16_*_1rem)] max-w-none group-hover:contrast-200 group-hover:grayscale group-hover:invert dark:group-hover:invert dark:contrast-200 dark:grayscale dark:invert\" decoding=\"async\"\/>Artikel teilen<\/p>\n<p class=\"font-bold text-18 leading-17\">Die USA haben beim G7-Gipfel nach kanadischen Angaben eine gemeinsame Erkl\u00e4rung zur Ukraine verhindert. Alle Entwicklungen im Newsblog.<\/p>\n<p>Insider: Trumps Ukraine-Gesandter Kellogg wird Lukaschenko treffen<\/p>\n<p class=\"text-18 leading-17\">Insidern zufolge wird der Ukraine-Beauftragte der <a class=\"transition-colors duration-200 cursor-pointer text-inherit no-underline text-salemsfur md:hover:text-magenta md:hover:border-magenta md:focus:text-magenta border-current border-b border-solid break-words\" href=\"https:\/\/www.t-online.de\/themen\/usa\/\" data-sctrack=\"BodyAnchor\" target=\"_blank\" rel=\"noopener\">USA<\/a>, Keith Kellogg, in den kommenden Tagen nach Belarus reisen, um dort den belarussischen Machthaber Alexander Lukaschenko zu treffen. Wie vier mit der Angelegenheit vertraute Personen erkl\u00e4rten, ist die genaue Tagesordnung des Treffens unklar. Kellogg habe die Reise jedoch als einen Schritt dargestellt, der dazu beitragen k\u00f6nnte, Friedensgespr\u00e4che zur Beendigung des russischen Krieges gegen die <a class=\"transition-colors duration-200 cursor-pointer text-inherit no-underline text-salemsfur md:hover:text-magenta md:hover:border-magenta md:focus:text-magenta border-current border-b border-solid break-words\" href=\"https:\/\/www.t-online.de\/themen\/ukraine\/\" data-sctrack=\"BodyAnchor\" target=\"_blank\" rel=\"noopener\">Ukraine<\/a> in Gang zu bringen, sagten zwei der Insider, die um Anonymit\u00e4t baten, da die Reise nicht \u00f6ffentlich gemacht wurde. Das Au\u00dfenministerium und die belarussische Botschaft in <a class=\"transition-colors duration-200 cursor-pointer text-inherit no-underline text-salemsfur md:hover:text-magenta md:hover:border-magenta md:focus:text-magenta border-current border-b border-solid break-words\" href=\"https:\/\/www.t-online.de\/themen\/washington\/\" data-sctrack=\"BodyAnchor\" target=\"_blank\" rel=\"noopener\">Washington<\/a> lehnten eine Stellungnahme ab. Kellogg und das Wei\u00dfe Haus reagierten nicht auf Bitten um Stellungnahme.<\/p>\n<p class=\"text-18 leading-17\">Die USA haben beim G7-Gipfel nach kanadischen Angaben eine gemeinsame Erkl\u00e4rung zur Ukraine verhindert. Die US-Regierung habe den Text zu <a class=\"transition-colors duration-200 cursor-pointer text-inherit no-underline text-salemsfur md:hover:text-magenta md:hover:border-magenta md:focus:text-magenta border-current border-b border-solid break-words\" href=\"https:\/\/www.t-online.de\/themen\/russland\/\" data-sctrack=\"BodyAnchor\" target=\"_blank\" rel=\"noopener\">Russland<\/a> aufweichen wollen, um weitere Verhandlungen mit der Ukraine zu erm\u00f6glichen, sagte ein Vertreter des Gastgeberlandes <a class=\"transition-colors duration-200 cursor-pointer text-inherit no-underline text-salemsfur md:hover:text-magenta md:hover:border-magenta md:focus:text-magenta border-current border-b border-solid break-words\" href=\"https:\/\/www.t-online.de\/themen\/kanada\/\" data-sctrack=\"BodyAnchor\" target=\"_blank\" rel=\"noopener\">Kanada<\/a> am Dienstag in Kananaskis. Die anderen sechs L\u00e4nder seien dagegen f\u00fcr &#8222;starke Sprache&#8220; und eine Verurteilung Russlands im Angriffskrieg gegen die Ukraine eingetreten.<\/p>\n<p class=\"text-18 leading-17\">Stattdessen ver\u00f6ffentlichten die G7-Staaten sechs weitere Erkl\u00e4rungen, unter anderem \u00fcber Migration, zu K\u00fcnstlicher Intelligenz und zu wichtigen Rohstoffen. Hier lesen Sie einen \u00dcberblick.<\/p>\n<p><a href=\"#focus-1\" class=\"transition-colors duration-200 focus-within:text-magenta block text-current relative\" data-sctrack=\"FocusGalleryImage.Reference\"><img   loading=\"lazy\" src=\"https:\/\/www.europesays.com\/de\/wp-content\/uploads\/2025\/06\/g7-summit-canada-australian-prime-minister-anthony-albanese-greets-president-of-ukraine-volodymyr-ze.jpeg\" alt=\"imago images 0822418691\" title=\"imago images 0822418691\" width=\"4000\" height=\"2250\" class=\"h-full w-full max-w-full rounded-8\" decoding=\"async\"\/><img style=\"--width:32;--height:32\" loading=\"lazy\" src=\"https:\/\/www.t-online.de\/s\/paper\/_next\/static\/media\/zoom-in.f7dae02f.svg\" alt=\"Vergr\u00f6\u00dfern des Bildes\" title=\"Vergr\u00f6\u00dfern des Bildes\" class=\"block h-[calc(var(--height)_\/_16_*_1rem)] w-[calc(var(--width)_\/_16_*_1rem)] max-w-none absolute bottom-8 right-8 rounded-4 bg-snow p-8\" decoding=\"async\"\/>Selenskyj (rechts) und andere Regierungschefs beim G7-Gipfel. (Quelle: IMAGO\/LUKAS COCH\/imago)<\/a><\/p>\n<p>Merz bei US-Sanktionen gegen Russland optimistisch<\/p>\n<p class=\"text-18 leading-17\">Bundeskanzler <a class=\"transition-colors duration-200 cursor-pointer text-inherit no-underline text-salemsfur md:hover:text-magenta md:hover:border-magenta md:focus:text-magenta border-current border-b border-solid break-words\" href=\"https:\/\/www.t-online.de\/themen\/friedrich-merz\/\" data-sctrack=\"BodyAnchor\" target=\"_blank\" rel=\"noopener\">Friedrich Merz<\/a> (CDU) hat sich optimistisch gezeigt, dass auch die USA den Druck auf Russland \u00fcber Strafma\u00dfnahmen erh\u00f6hen werden. &#8222;Ich gehe mit dem vorsichtigen Optimismus zur\u00fcck nach Deutschland, dass es auch in Amerika in den n\u00e4chsten Tagen hier Entscheidungen geben wird, weitere Sanktionen gegen Russland zu verh\u00e4ngen&#8220;, sagte er am Rande des G7-Gipfels in Kanada.<\/p>\n<p class=\"text-18 leading-17\">Man sei sich bei dem Treffen wirtschaftsstarker westlicher Demokratien einig gewesen, auf eine m\u00f6glichst schnelle Beendigung des russischen Angriffskriegs hinzuarbeiten. &#8222;Wenn wir M\u00f6glichkeiten haben, Russland dazu zu bringen, an den Verhandlungstisch zu kommen, durch milit\u00e4rische Unterst\u00fctzung der Ukraine, vor allem aber durch weitere Sanktionen gegen Russland, dann wollen wir diese M\u00f6glichkeiten wahrnehmen.&#8220;<\/p>\n<p class=\"text-18 leading-17\">Die EU hat gerade erst ein 18. Sanktionspaket gegen Russland beschlossen. US-Pr\u00e4sident <a class=\"transition-colors duration-200 cursor-pointer text-inherit no-underline text-salemsfur md:hover:text-magenta md:hover:border-magenta md:focus:text-magenta border-current border-b border-solid break-words\" href=\"https:\/\/www.t-online.de\/themen\/donald-trump\/\" data-sctrack=\"BodyAnchor\" target=\"_blank\" rel=\"noopener\">Donald Trump<\/a> hat sich beim Gipfel erneut skeptisch zu Strafma\u00dfnahmen ge\u00e4u\u00dfert. &#8222;Vergessen Sie nicht, dass Sanktionen uns eine Menge Geld kosten&#8220;, betonte er. &#8222;Wenn ich ein Land sanktioniere, kostet das die USA eine Menge Geld.&#8220;<\/p>\n<p>Starmer: Neue Sanktionen treffen Russland &#8222;ins Herz&#8220;<\/p>\n<p class=\"text-18 leading-17\"><a class=\"transition-colors duration-200 cursor-pointer text-inherit no-underline text-salemsfur md:hover:text-magenta md:hover:border-magenta md:focus:text-magenta border-current border-b border-solid break-words\" href=\"https:\/\/www.t-online.de\/themen\/grossbritannien\/\" data-sctrack=\"BodyAnchor\" target=\"_blank\" rel=\"noopener\">Gro\u00dfbritannien<\/a> verh\u00e4ngt weitere Sanktionen gegen den russischen Finanz-, Milit\u00e4r- und Energiesektor. Das neue Ma\u00dfnahmenpaket treffe &#8222;ins Herz&#8220; der Kriegsmaschinerie des russischen Pr\u00e4sidenten <a class=\"transition-colors duration-200 cursor-pointer text-inherit no-underline text-salemsfur md:hover:text-magenta md:hover:border-magenta md:focus:text-magenta border-current border-b border-solid break-words\" href=\"https:\/\/www.t-online.de\/themen\/wladimir-putin\/\" data-sctrack=\"BodyAnchor\" target=\"_blank\" rel=\"noopener\">Wladimir Putin<\/a>, sagte der britische Premierminister <a class=\"transition-colors duration-200 cursor-pointer text-inherit no-underline text-salemsfur md:hover:text-magenta md:hover:border-magenta md:focus:text-magenta border-current border-b border-solid break-words\" href=\"https:\/\/www.t-online.de\/themen\/keir-starmer\/\" data-sctrack=\"BodyAnchor\" target=\"_blank\" rel=\"noopener\">Keir Starmer<\/a>, der in Kanada beim G7-Gipfel auch \u00fcber das gemeinsame Vorgehen im Ukraine-Krieg ber\u00e4t. Die Sanktionen w\u00fcrden Russland &#8222;hart treffen&#8220;.<\/p>\n<p class=\"text-18 leading-17\">Der britischen Regierung zufolge sind auch zwei in Gro\u00dfbritannien lebende M\u00e4nner betroffen, die &#8222;ein undurchsichtiges Netz von Briefkastenfirmen&#8220; betrieben h\u00e4tten, um Elektronik im Wert von \u00fcber 120 Millionen <a class=\"transition-colors duration-200 cursor-pointer text-inherit no-underline text-salemsfur md:hover:text-magenta md:hover:border-magenta md:focus:text-magenta border-current border-b border-solid break-words\" href=\"https:\/\/www.t-online.de\/finanzen\/boerse\/waehrung\/eur-usd\/eu0009652759\/\" data-sctrack=\"BodyAnchor\" target=\"_blank\" rel=\"noopener\">US-Dollar<\/a> nach Russland zu schleusen.<\/p>\n<p class=\"text-18 leading-17\">Au\u00dfenminister David Lammy sagte: &#8222;Mit seinen fortgesetzten Angriffen und dem unn\u00f6tigen Blutvergie\u00dfen ist klar, dass Putin kein Interesse am Frieden hat.&#8220; Das Vereinigte K\u00f6nigreich und seine Verb\u00fcndeten w\u00fcrden nicht tatenlos zusehen, wie Putins Handlungen weitere Menschenleben kosten w\u00fcrden. Gro\u00dfbritannien ist seit Kriegsbeginn einer der gr\u00f6\u00dften Unterst\u00fctzer der Ukraine.<\/p>\n<p class=\"text-18 leading-17\">Die EU-Kommission hat einen Plan f\u00fcr einen vollst\u00e4ndigen Stopp russischer Gasimporte vorgelegt. <a class=\"transition-colors duration-200 cursor-pointer text-inherit no-underline text-salemsfur md:hover:text-magenta md:hover:border-magenta md:focus:text-magenta border-current border-b border-solid break-words\" href=\"https:\/\/www.t-online.de\/nachrichten\/ukraine\/id_100778984\/eu-kommission-will-gasimporte-aus-russland-komplett-stoppen.html\" data-sctrack=\"BodyAnchor\" target=\"_blank\" rel=\"noopener\">Mehr dazu lesen Sie hier<\/a>.<\/p>\n","protected":false},"excerpt":{"rendered":"Newsblog zum Ukraine-Krieg Bericht: Trumps Ukraine-Gesandter Kellogg fliegt nach Belarus Aktualisiert am 18.06.2025 &#8211; 01:59 UhrLesedauer: 10 Min.&hellip;\n","protected":false},"author":2,"featured_media":198815,"comment_status":"","ping_status":"","sticky":false,"template":"","format":"standard","meta":{"footnotes":""},"categories":[4013],"tags":[1217,326,6079,522,848,331,332,11170,3057,916,31,29,106,1478,1764,548,775,19104,551,13,53,65250,5554,15768,5793,6376,451,308,14,15,3129,885,4043,4044,850,307,9562,12,317,64,320,5504,306,107],"class_list":{"0":"post-198814","1":"post","2":"type-post","3":"status-publish","4":"format-standard","5":"has-post-thumbnail","7":"category-russland","8":"tag-1217","9":"tag-326","10":"tag-6079","11":"tag-522","12":"tag-aa","13":"tag-aktuelle-nachrichten","14":"tag-aktuelle-news","15":"tag-alexander-lukaschenko","16":"tag-amerika","17":"tag-belarus","18":"tag-cdu","19":"tag-deutschland","20":"tag-donald-trump","21":"tag-drohne","22":"tag-eilmeldung","23":"tag-eu","24":"tag-friedrich-merz","25":"tag-g7","26":"tag-grossbritannien","27":"tag-headlines","28":"tag-kanada","29":"tag-kananaskis","30":"tag-keir-starmer","31":"tag-keith-kellogg","32":"tag-kiew","33":"tag-kursk","34":"tag-militaer","35":"tag-moskau","36":"tag-nachrichten","37":"tag-news","38":"tag-newsblog","39":"tag-nordkorea","40":"tag-russia","41":"tag-russian-federation","42":"tag-russische-foederation","43":"tag-russland","44":"tag-sanktion","45":"tag-schlagzeilen","46":"tag-ukraine","47":"tag-usa","48":"tag-washington","49":"tag-weisses-haus","50":"tag-wladimir-putin","51":"tag-wolodymyr-selenskyj"},"share_on_mastodon":{"url":"","error":"Validation failed: Text character limit of 500 exceeded"},"_links":{"self":[{"href":"https:\/\/www.europesays.com\/de\/wp-json\/wp\/v2\/posts\/198814","targetHints":{"allow":["GET"]}}],"collection":[{"href":"https:\/\/www.europesays.com\/de\/wp-json\/wp\/v2\/posts"}],"about":[{"href":"https:\/\/www.europesays.com\/de\/wp-json\/wp\/v2\/types\/post"}],"author":[{"embeddable":true,"href":"https:\/\/www.europesays.com\/de\/wp-json\/wp\/v2\/users\/2"}],"replies":[{"embeddable":true,"href":"https:\/\/www.europesays.com\/de\/wp-json\/wp\/v2\/comments?post=198814"}],"version-history":[{"count":0,"href":"https:\/\/www.europesays.com\/de\/wp-json\/wp\/v2\/posts\/198814\/revisions"}],"wp:featuredmedia":[{"embeddable":true,"href":"https:\/\/www.europesays.com\/de\/wp-json\/wp\/v2\/media\/198815"}],"wp:attachment":[{"href":"https:\/\/www.europesays.com\/de\/wp-json\/wp\/v2\/media?parent=198814"}],"wp:term":[{"taxonomy":"category","embeddable":true,"href":"https:\/\/www.europesays.com\/de\/wp-json\/wp\/v2\/categories?post=198814"},{"taxonomy":"post_tag","embeddable":true,"href":"https:\/\/www.europesays.com\/de\/wp-json\/wp\/v2\/tags?post=198814"}],"curies":[{"name":"wp","href":"https:\/\/api.w.org\/{rel}","templated":true}]}}