{"id":198824,"date":"2025-06-18T01:44:19","date_gmt":"2025-06-18T01:44:19","guid":{"rendered":"https:\/\/www.europesays.com\/de\/198824\/"},"modified":"2025-06-18T01:44:19","modified_gmt":"2025-06-18T01:44:19","slug":"europas-doppelte-standards-der-geopolitischer-suizid-eines-kontinents","status":"publish","type":"post","link":"https:\/\/www.europesays.com\/de\/198824\/","title":{"rendered":"Europas doppelte Standards: Der geopolitischer Suizid eines Kontinents"},"content":{"rendered":"<p>                            <img loading=\"lazy\" decoding=\"async\" src=\"https:\/\/www.europesays.com\/de\/wp-content\/uploads\/2025\/06\/shutterstock_2592420873-8ec23ba8fe478b79.jpeg\"  width=\"7678\" height=\"4314\"  alt=\"eine Frau vor EU-Fahne im Hintergrund\" class=\"img-responsive\"\/><\/p>\n<p class=\"caption akwa-caption__text\">Europa man\u00f6vriert sich mit seinen Doppelstandards in die diplomatische Bedeutungslosigkeit, meint unser Gastautor<\/p>\n<p class=\"source akwa-caption__source\">(Bild:\u00a0miss.cabul\/<a href=\"https:\/\/www.shutterstock.com\/image-photo\/european-commission-president-ursula-von-der-2592420873\" target=\"_blank\" rel=\"external noopener\">Shutterstock.com<\/a>)<\/p>\n<p class=\"lead beitraganriss\">Europa verurteilt Russlands Angriffskrieg, zeigt aber Verst\u00e4ndnis f\u00fcr Israels Attacke auf den Iran. Was diese Doppelmoral f\u00fcr die Glaubw\u00fcrdigkeit des Westens bedeutet. Ein Gastbeitrag.<\/p>\n<p>Als israelische Kampfflugzeuge vergangene Woche den Iran angriffen \u2013 eine eklatante Verletzung der iranischen Souver\u00e4nit\u00e4t, bei der neben hochrangigen Milit\u00e4rkommandanten und Nuklearwissenschaftlern zahlreiche Zivilisten get\u00f6tet wurden und der Iran zu ebenso wahllosen Vergeltungsschl\u00e4gen ermutigt wurde \u2013, verurteilten die europ\u00e4ischen Anf\u00fchrer den Angriff nicht.<\/p>\n<p>Stattdessen unterst\u00fctzten sie ihn perverserweise und verurteilten den Iran f\u00fcr die Angriffe auf sein eigenes Territorium.<\/p>\n<p>Orwellsche Rhetorik<\/p>\n<p>    <img loading=\"lazy\" decoding=\"async\" alt=\"Eldar Mamedov\" height=\"196\" src=\"data:image\/svg+xml,%3Csvg xmlns='http:\/\/www.w3.org\/2000\/svg' width='696px' height='391px' viewBox='0 0 696 391'%3E%3Crect x='0' y='0' width='696' height='391' fill='%23f2f2f2'%3E%3C\/rect%3E%3C\/svg%3E\" style=\"aspect-ratio: 196 \/ 196; object-fit: cover;\" width=\"196\"\/><\/p>\n<p>Unser Gastautor Eldar Mamedov<\/p>\n<p>            (Bild:\u00a0<a href=\"https:\/\/responsiblestatecraft.org\/author\/emamedov\/\" rel=\"external noopener\" target=\"_blank\">RS<\/a>)<\/p>\n<p>Der franz\u00f6sische Pr\u00e4sident Emmanuel Macron <a href=\"https:\/\/x.com\/EmmanuelMacron\/status\/1933491906144526764\" rel=\"external noopener\" target=\"_blank\">gab den Ton an<\/a>, indem er das &#8222;laufende Atomprogramm&#8220; des Iran verurteilte und das &#8222;Recht Israels auf Selbstverteidigung und Sicherung seiner Sicherheit&#8220; bekr\u00e4ftigte. Die Pr\u00e4sidentin der Europ\u00e4ischen Kommission, Ursula von der Leyen, schien <a href=\"https:\/\/x.com\/GermanyDiplo\/status\/1933478572099793066\" rel=\"external noopener\" target=\"_blank\">aus dem gleichen Drehbuch zu sprechen<\/a>, indem sie Israels &#8222;Recht auf Selbstverteidigung&#8220; wiederholte und dies mit einigen allgemeinen Floskeln \u00fcber die Notwendigkeit von Zur\u00fcckhaltung und Deeskalation erg\u00e4nzte.<\/p>\n<p>Das deutsche Ausw\u00e4rtige Amt ging sogar noch einen Schritt weiter und &#8222;<a href=\"https:\/\/x.com\/GermanyDiplo\/status\/1933478572099793066\" rel=\"external noopener\" target=\"_blank\">verurteilte<\/a>&#8220; den Iran &#8222;nachdr\u00fccklich&#8220; f\u00fcr einen &#8222;wahllosen Angriff auf israelisches Territorium&#8220;, obwohl Teheran seine Raketen erst als Antwort auf einen Angriff Israels auf sein Gebiet gestartet hatte. Damit unterst\u00fctzte es Israels Handlungen voll und ganz.<\/p>\n<p>Diese orwellsche Rhetorik ist nicht nur Inkompetenz oder Ignoranz. Sie ist der H\u00f6hepunkt jahrelanger europ\u00e4ischer diplomatischer Misswirtschaft, die zu dieser Krise beitrug und die &#8222;regelbasierte Ordnung&#8220; als Farce entlarvte. Die Doppelmoral Europas hat seine Glaubw\u00fcrdigkeit zerst\u00f6rt.<\/p>\n<p>Europas Haltung zur Ukraine berief sich mit politischer Klarheit auf Artikel 2 (4) der UN-Charta: &#8222;Alle Mitglieder sollen von der Androhung oder Anwendung von Gewalt gegen die territoriale Integrit\u00e4t oder die politische Unabh\u00e4ngigkeit eines Staates Abstand nehmen.&#8220; Als Israel jedoch den Iran angriff \u2013 <a href=\"https:\/\/www.ejiltalk.org\/is-israels-use-of-force-against-iran-justified-by-self-defence\/\" rel=\"external noopener\" target=\"_blank\">ohne eine rechtliche Grundlage zur Selbstverteidigung<\/a> \u2013, deutete Europa die Aggression faktisch als Tugend um und billigte sie.<\/p>\n<p>Europas moralischer und diplomatischer Zusammenbruch blieb nicht unbemerkt. Zwei weltweit respektierte Stimmen f\u00e4llten besonders vernichtende Urteile. Mohamed ElBaradei, Nobelpreistr\u00e4ger und ehemaliger Leiter der Internationalen Atomenergieorganisation, erteilte dem deutschen Au\u00dfenministerium eine erniedrigende Lektion in V\u00f6lkerrecht.<\/p>\n<p>Erniedrigende Lektion f\u00fcr Deutschland<\/p>\n<p> Als Reaktion auf die Unterst\u00fctzung Berlins f\u00fcr Israels &#8222;gezielte Angriffe auf iranische Nuklearanlagen&#8220; (ganz zu schweigen von den Hunderten get\u00f6teten Zivilisten bei diesen Angriffen) <a href=\"https:\/\/x.com\/ElBaradei\/status\/1933590704661447089\" rel=\"external noopener\" target=\"_blank\">erinnerte ElBaradei daran<\/a>, dass solche Angriffe gem\u00e4\u00df den Genfer Konventionen, denen Deutschland angeh\u00f6rt, verboten sind.<\/p>\n<p>Er f\u00fcgte hinzu, dass der Einsatz von Gewalt in internationalen Beziehungen &#8222;im Allgemeinen in der UN-Charta verboten ist, mit Ausnahme des Rechts auf Selbstverteidigung im Falle eines bewaffneten Angriffs oder nach Genehmigung durch den Sicherheitsrat im Falle einer kollektiven Sicherheitsaktion&#8220;.<\/p>\n<p>Francesca Albanese, UN-Sonderberichterstatterin f\u00fcr die besetzten pal\u00e4stinensischen Gebiete, <a href=\"https:\/\/x.com\/FranceskAlbs\/status\/1933645099172266365\" rel=\"external noopener\" target=\"_blank\">kommentierte<\/a> Macrons Erkl\u00e4rung mit den Worten: &#8222;An dem Tag, an dem Israel unprovoziert den Iran angegriffen hat, gibt der Pr\u00e4sident einer gro\u00dfen europ\u00e4ischen Macht endlich zu, dass im Nahen Osten Israel \u2013 und nur Israel \u2013 das Recht hat, sich zu verteidigen.&#8220;<\/p>\n<p>Die Botschaft von Pers\u00f6nlichkeiten wie ElBaradei und Albanese ist unmissverst\u00e4ndlich: Wenn Europa Israels Angriff bejubelt und gleichzeitig Russlands Invasion verurteilt, dann h\u00e4lt es sich nicht an universelle Regeln \u2013 dann erzwingt es seine tribalistische Identit\u00e4t: &#8222;Regeln&#8220; gelten nur f\u00fcr Gegner, nicht f\u00fcr Freunde. Dies ist fatal f\u00fcr Europas Anspruch auf moralische Autorit\u00e4t \u2013 was nicht nur im Globalen S\u00fcden, sondern auch von vielen europ\u00e4ischen B\u00fcrgern bemerkt wurde.<\/p>\n<p>Diese Anma\u00dfung wirkt umso mehr von der Realit\u00e4t losgel\u00f6st, da die Krise im Nahen Osten auf fruchtbarem Boden ausbrach, der durch fortw\u00e4hrendes europ\u00e4isches Versagen vorbereitet wurde. Zun\u00e4chst war es das Versagen der E3 (Gro\u00dfbritannien, Frankreich und Deutschland), das JCPOA nach dem Ausstieg der USA unter der Pr\u00e4sidentschaft von Donald Trump im Jahr 2018 aufrechtzuerhalten.<\/p>\n<p>W\u00e4hrend die EU dem Atomabkommen rhetorische Unterst\u00fctzung bot, beugte sie sich den US-Sanktionen und weigerte sich, EU-Unternehmen zu sch\u00fctzen, die bereit waren, mit dem Iran zu interagieren. So lie\u00df sie das JCPOA sterben und schuf faktisch ein Vakuum f\u00fcr Eskalation.<\/p>\n<p>W\u00e4hrenddessen vermittelten Vermittler wie Oman und Katar Gespr\u00e4che \u00fcber ein neues Atomabkommen zwischen den USA und dem Iran. Doch Tage vor dem Angriff Israels <a href=\"https:\/\/www.eeas.europa.eu\/delegations\/vienna-international-organisations\/eu-statement-iaea-board-governors-under-aob-iran-delivered-13-june-2025_en?s=66\" rel=\"external noopener\" target=\"_blank\">dr\u00e4ngte die EU<\/a> auf eine IAEA-Resolution zur Zensur des Irans.<\/p>\n<p>Damit torpedierte sie die Deeskalation und trug zu einem bedrohlicheren und gef\u00e4hrlicheren Sicherheitsumfeld bei. Im Hintergrund standen dabei die Sanktionen des UN-Sicherheitsrats und die <a href=\"https:\/\/www.gov.uk\/government\/speeches\/iaea-board-of-governors-on-the-jcpoa-june-2025-e3-statement\" rel=\"external noopener\" target=\"_blank\">potenzielle R\u00fcckzug des Irans<\/a> aus dem Atomwaffensperrvertrag (NPT).<\/p>\n<p>Jedes dieser Vers\u00e4umnisse best\u00e4tigte Teherans Sichtweise, dass es sinnlos ist, mit Europa zu verhandeln. Die E3\/EU werden jetzt nicht nur als schwache Partei gesehen, die ihre Verpflichtungen aus dem Atomabkommen nicht erf\u00fcllen kann, sondern auch als aktiv destruktiver Akteur, der die Sicherheit des Iran und die regionale Stabilit\u00e4t untergr\u00e4bt.<\/p>\n<p>Absturz in die diplomatische Bedeutungslosigkeit<\/p>\n<p> Der atemberaubende Absturz der europ\u00e4ischen M\u00e4chte in diplomatische Bedeutungslosigkeit wurde durch die <a href=\"https:\/\/x.com\/IrnaEnglish\/status\/1933610485544370329\" rel=\"external noopener\" target=\"_blank\">kategorische Ablehnung<\/a> des iranischen Au\u00dfenministers Abbas Araghchi gegen\u00fcber den Bitten seines britischen Amtskollegen David Lammy, die Eskalation zu verringern, deutlich illustriert. Tats\u00e4chlich ist es schwer vorstellbar, warum Teheran diesen Aufforderungen nachkommen sollte, wenn sie von Parteien kommen, die es als aktiv mit den Aggressoren kollaborierend betrachtet.<\/p>\n<p>Die wahrscheinlichen Folgen von Europas diplomatischer Selbstsabotage sind, dass es das verbleibende Vertrauen verbrannt hat, das es noch im Iran und im weiteren Globalen S\u00fcden genoss. Europa hat die Proliferation nahezu garantiert, indem es den Iranern \u2013 nicht nur den Hardlinern \u2013 einen starken Anreiz gegeben hat, die nukleare Bewaffnung zu suchen.<\/p>\n<p>        Lesen Sie auchMehr anzeigenWeniger anzeigen<\/p>\n<p>Dieses Ergebnis h\u00e4tte vermieden werden k\u00f6nnen, wenn Europa ernsthafte und ehrliche Gespr\u00e4che mit dem Iran \u00fcber die Wiederbelebung des Atomabkommens gef\u00fchrt h\u00e4tte. Ein R\u00fcckzug des Iran aus dem NPT ist nicht mehr nur eine theoretische M\u00f6glichkeit.<\/p>\n<p>All diese Entwicklungen erh\u00f6hen die Wahrscheinlichkeit einer Gegenreaktion gegen europ\u00e4ische Interessen dramatisch: Ein regionaler Krieg im Nahen Osten w\u00fcrde zu mehr unkontrollierter Migration, erh\u00f6hten Terrorismusrisiken auf europ\u00e4ischem Boden oder gegen europ\u00e4ische Interessen in der Region sowie zu Energieschocks f\u00fchren, sollte der Iran seine Drohung wahr machen und die Stra\u00dfe von Hormus blockieren, die weltweit wichtigste \u00d6lhandelsstra\u00dfe.<\/p>\n<p>Ohne eine dringende, aber unwahrscheinliche Kurskorrektur \u2013 etwa Israels f\u00fcr seine regionale Aggression zur Verantwortung zu ziehen \u2013 wird sich der Verfall Europas beschleunigen. Wenn Br\u00fcssel Verb\u00fcndete von Regeln ausnimmt, die f\u00fcr Rivalen verh\u00e4ngt werden, bewahrt es keinen Frieden \u2013 es unterzeichnet seinen eigenen geopolitischen Selbstmordbrief.<\/p>\n<p><strong>Eldar Mamedov<\/strong> ist ein in Br\u00fcssel ans\u00e4ssiger Experte f\u00fcr Au\u00dfenpolitik und Non-Resident Fellow am Quincy Institute. <\/p>\n<p>Dieser Text erschien zuerst bei unserem Partnerportal <a href=\"https:\/\/responsiblestatecraft.org\/europe-reaction-israel-attack\/\" rel=\"external noopener\" target=\"_blank\">Responsible Statecraft<\/a> auf Englisch.<\/p>\n","protected":false},"excerpt":{"rendered":"Europa man\u00f6vriert sich mit seinen Doppelstandards in die diplomatische Bedeutungslosigkeit, meint unser Gastautor (Bild:\u00a0miss.cabul\/Shutterstock.com) Europa verurteilt Russlands Angriffskrieg,&hellip;\n","protected":false},"author":2,"featured_media":198825,"comment_status":"","ping_status":"","sticky":false,"template":"","format":"standard","meta":{"footnotes":""},"categories":[3933],"tags":[331,332,548,663,158,3934,3935,1403,13,345,411,412,14,15,12,65260],"class_list":{"0":"post-198824","1":"post","2":"type-post","3":"status-publish","4":"format-standard","5":"has-post-thumbnail","7":"category-eu","8":"tag-aktuelle-nachrichten","9":"tag-aktuelle-news","10":"tag-eu","11":"tag-europa","12":"tag-europaeische-union","13":"tag-europe","14":"tag-european-union","15":"tag-geopolitik","16":"tag-headlines","17":"tag-iran","18":"tag-israel","19":"tag-israel-krieg","20":"tag-nachrichten","21":"tag-news","22":"tag-schlagzeilen","23":"tag-voelkerrecht"},"share_on_mastodon":{"url":"https:\/\/pubeurope.com\/@de\/114701838822778256","error":""},"_links":{"self":[{"href":"https:\/\/www.europesays.com\/de\/wp-json\/wp\/v2\/posts\/198824","targetHints":{"allow":["GET"]}}],"collection":[{"href":"https:\/\/www.europesays.com\/de\/wp-json\/wp\/v2\/posts"}],"about":[{"href":"https:\/\/www.europesays.com\/de\/wp-json\/wp\/v2\/types\/post"}],"author":[{"embeddable":true,"href":"https:\/\/www.europesays.com\/de\/wp-json\/wp\/v2\/users\/2"}],"replies":[{"embeddable":true,"href":"https:\/\/www.europesays.com\/de\/wp-json\/wp\/v2\/comments?post=198824"}],"version-history":[{"count":0,"href":"https:\/\/www.europesays.com\/de\/wp-json\/wp\/v2\/posts\/198824\/revisions"}],"wp:featuredmedia":[{"embeddable":true,"href":"https:\/\/www.europesays.com\/de\/wp-json\/wp\/v2\/media\/198825"}],"wp:attachment":[{"href":"https:\/\/www.europesays.com\/de\/wp-json\/wp\/v2\/media?parent=198824"}],"wp:term":[{"taxonomy":"category","embeddable":true,"href":"https:\/\/www.europesays.com\/de\/wp-json\/wp\/v2\/categories?post=198824"},{"taxonomy":"post_tag","embeddable":true,"href":"https:\/\/www.europesays.com\/de\/wp-json\/wp\/v2\/tags?post=198824"}],"curies":[{"name":"wp","href":"https:\/\/api.w.org\/{rel}","templated":true}]}}