{"id":198851,"date":"2025-06-18T01:59:09","date_gmt":"2025-06-18T01:59:09","guid":{"rendered":"https:\/\/www.europesays.com\/de\/198851\/"},"modified":"2025-06-18T01:59:09","modified_gmt":"2025-06-18T01:59:09","slug":"niedersachsen-bremen-bombe-in-osnabrueck-entschaerft-tausende-duerfen-nach-hause","status":"publish","type":"post","link":"https:\/\/www.europesays.com\/de\/198851\/","title":{"rendered":"Niedersachsen &#038; Bremen: Bombe in Osnabr\u00fcck entsch\u00e4rft &#8211; Tausende d\u00fcrfen nach Hause"},"content":{"rendered":"<p>                    Niedersachsen &amp; Bremen<br \/>\n                Bombe in Osnabr\u00fcck entsch\u00e4rft &#8211; Tausende d\u00fcrfen nach Hause<\/p>\n<p>\t\t\t\t              17.06.2025, 23:46 Uhr<\/p>\n<p><strong>Der Weltkriegsblindg\u00e4nger wurde bei baubegleitenden Arbeiten gefunden. Die Bombe m\u00fcsse schnell entsch\u00e4rft werden, hei\u00dft es. Auch der Bahnhof liegt im Evakuierungsgebiet.<\/strong><\/p>\n<p>Osnabr\u00fcck (dpa\/lni) &#8211; Die in Osnabr\u00fcck gefundene Weltkriegsbombe ist entsch\u00e4rft. &#8222;Bombe und Z\u00fcnder sind entsch\u00e4rft! Alle k\u00f6nnen nach Hause&#8220;, teilte die Stadt mit. 11.000 Menschen hatten ihr Zuhause verlassen m\u00fcssen. Die 500-Kilogramm-Bombe war bei baubegleitenden Arbeiten im Lokviertel gefunden worden, wie es hie\u00df. Auch am Bahnhof und im Bahnverkehr kam es wegen der Entsch\u00e4rfung zu Einschr\u00e4nkungen, wie die Deutsche Bahn mitteilte. Im Hauptbahnhof hielten zun\u00e4chst keine Z\u00fcge mehr, sp\u00e4ter wurde er umfahren.<\/p>\n","protected":false},"excerpt":{"rendered":"Niedersachsen &amp; Bremen Bombe in Osnabr\u00fcck entsch\u00e4rft &#8211; Tausende d\u00fcrfen nach Hause 17.06.2025, 23:46 Uhr Der Weltkriegsblindg\u00e4nger wurde&hellip;\n","protected":false},"author":2,"featured_media":198427,"comment_status":"","ping_status":"","sticky":false,"template":"","format":"standard","meta":{"footnotes":""},"categories":[1824],"tags":[7667,2420,3364,29,30,35281,1411,741,7903],"class_list":{"0":"post-198851","1":"post","2":"type-post","3":"status-publish","4":"format-standard","5":"has-post-thumbnail","7":"category-bremen","8":"tag-bombe","9":"tag-bremen","10":"tag-de","11":"tag-deutschland","12":"tag-germany","13":"tag-hause","14":"tag-niedersachsen","15":"tag-osnabrueck","16":"tag-tausende"},"share_on_mastodon":{"url":"https:\/\/pubeurope.com\/@de\/114701897841563149","error":""},"_links":{"self":[{"href":"https:\/\/www.europesays.com\/de\/wp-json\/wp\/v2\/posts\/198851","targetHints":{"allow":["GET"]}}],"collection":[{"href":"https:\/\/www.europesays.com\/de\/wp-json\/wp\/v2\/posts"}],"about":[{"href":"https:\/\/www.europesays.com\/de\/wp-json\/wp\/v2\/types\/post"}],"author":[{"embeddable":true,"href":"https:\/\/www.europesays.com\/de\/wp-json\/wp\/v2\/users\/2"}],"replies":[{"embeddable":true,"href":"https:\/\/www.europesays.com\/de\/wp-json\/wp\/v2\/comments?post=198851"}],"version-history":[{"count":0,"href":"https:\/\/www.europesays.com\/de\/wp-json\/wp\/v2\/posts\/198851\/revisions"}],"wp:featuredmedia":[{"embeddable":true,"href":"https:\/\/www.europesays.com\/de\/wp-json\/wp\/v2\/media\/198427"}],"wp:attachment":[{"href":"https:\/\/www.europesays.com\/de\/wp-json\/wp\/v2\/media?parent=198851"}],"wp:term":[{"taxonomy":"category","embeddable":true,"href":"https:\/\/www.europesays.com\/de\/wp-json\/wp\/v2\/categories?post=198851"},{"taxonomy":"post_tag","embeddable":true,"href":"https:\/\/www.europesays.com\/de\/wp-json\/wp\/v2\/tags?post=198851"}],"curies":[{"name":"wp","href":"https:\/\/api.w.org\/{rel}","templated":true}]}}