{"id":198890,"date":"2025-06-18T02:21:21","date_gmt":"2025-06-18T02:21:21","guid":{"rendered":"https:\/\/www.europesays.com\/de\/198890\/"},"modified":"2025-06-18T02:21:21","modified_gmt":"2025-06-18T02:21:21","slug":"eva-lys-spricht-ueber-hass-kommentare-bei-berlin-tennis-open-sport","status":"publish","type":"post","link":"https:\/\/www.europesays.com\/de\/198890\/","title":{"rendered":"Eva Lys spricht \u00fcber Hass-Kommentare bei Berlin Tennis Open | Sport"},"content":{"rendered":"<p><b>Die Hass-Kommentare nehmen nicht ab!<\/b><\/p>\n<p>Nur Stunden, nachdem die britische Tennisspielerin <a href=\"https:\/\/www.bild.de\/sport\/mehr-sport\/tennis-star-macht-hass-kommentare-oeffentlich-hoffentlich-bekommst-du-krebs-685136f9130760260040d648\" class=\"text-link\" rel=\"nofollow noopener\" target=\"_blank\">Katie Boulter<\/a> (28) verbale Attacken gegen sie \u00f6ffentlich machte, bekam Deutschlands Hoffnung Eva Lys (23) ebenfalls Angriffe in den sozialen Netzwerken zu sp\u00fcren.<\/p>\n<p>Eberl-\u00c4u\u00dferung zu San\u00e9: \u201eEs ist eine kuriose Situation f\u00fcr uns alle\u201c<a href=\"https:\/\/www.bild.de\/sport\/fussball\/eberl-aeusserung-zu-sane-es-ist-eine-kuriose-situation-fuer-uns-alle-684bfa64f7f5c816524d1dde\" class=\"anchor\" rel=\"nofollow noopener\" target=\"_blank\"><img decoding=\"async\" width=\"992\" height=\"558\" alt=\"Teaser-Bild\" src=\"https:\/\/www.europesays.com\/de\/wp-content\/uploads\/2025\/06\/c20238313f64b79d425efc71bc263d6c-landscape,287fe768\"   class=\"landscape teaser__image\" loading=\"lazy\"\/><\/a><\/p>\n<p>Quelle: DAZN13.06.2025<\/p>\n<p>Bei den <a href=\"https:\/\/www.bild.de\/sport\/mehr-sport\/tennis\/home-23890462.bild.html\" class=\"text-link\" rel=\"nofollow noopener\" target=\"_blank\">Berlin Tennis Open<\/a> schied die Hamburgerin in 20 Stunden gleich zweimal aus: Am Montagabend im Einzel gegen die Spanierin Paula Badosa (27) 1:6, 3:6, am Dienstagnachmittag im Doppel mit der Ukrainerin Marta Kostyuk (22) gegen die Italienerinnen Sara Errani (28) und Jasmine Paolini (29) 2:6, 2:6.<\/p>\n<p><b>Lys: \u201eIch habe solche Nachrichten heute schon bekommen, ich habe sie gestern bekommen, manchmal bekommst du sie auch, wenn du gewinnst. Man muss immer weiter dar\u00fcber reden,  so wie Katie, denn das ist ein gro\u00dfes Problem. Ich werde weiter dar\u00fcber sprechen, denn es ist nicht ok, nicht hinnehmbar.\u201c<\/b><\/p>\n<p>Lesen Sie auch<\/p>\n<p>\u201eHoffentlich bekommst du Krebs\u201c, war eine der Kommentare, die Boulter \u00fcber sich ergehen lassen musste. Auch Lys hatte schon vor Monaten Postings geteilt, in denen sie angegriffen wird und der Frau eines der Schreiber pers\u00f6nlich geschrieben, warum ihr Mann so etwas tue.<\/p>\n<p><b>\u201eJeder Spieler, ob Frau oder Mann, bekommt solche Nachrichten. Man muss immer auf der Hut sein. Ich hatte in den letzten Monaten keine sch\u00f6nen Interaktionen. Darum m\u00fcssen wir weiter so laut sein\u201c, so Lys.<\/b><\/p>\n<p><img decoding=\"async\" width=\"992\" height=\"558\" alt=\"Eva Lys sitzt in Berlin nachdenklich auf ihrer Bank. \u201eIch habe noch nicht so viel Erfahrung auf Rasen\u201c\" src=\"https:\/\/www.europesays.com\/de\/wp-content\/uploads\/2025\/06\/d39a6fa666aba94cfb0c25f5c200b421,3b3aa78d\"   class=\"landscape\" loading=\"lazy\"\/><\/p>\n<p class=\"fig__caption__text\">Eva Lys sitzt in Berlin nachdenklich auf ihrer Bank. \u201eIch habe noch nicht so viel Erfahrung auf Rasen\u201c<\/p>\n<p>Foto: Andreas Gora\/dpa<\/p>\n<p>Die Frauentennis-Organisation WTA schickte am Dienstag ein Papier, wie man solchen F\u00e4llen begegnen wolle. \u201eGerade gibt es nicht genug Ma\u00dfnahmen dagegen, man kann nicht viel machen. Wir sind stark im Austausch mit der WTA und sind alle gemeinsam dran, es besser zu regeln. Wenn man nicht genug macht, wird es irgendwann ausarten\u201c, so Lys.<\/p>\n<p><b>Die Nummer 62 der Welt wei\u00df genau, aus welcher Szene die Hater kommen. \u201eAus der Wettszene. Hundertprozentig. Das schreiben sie dir auch so. Die schreiben, wie viel Geld sie wegen dir verloren haben, drohen dir und sagen, du sollst es zur\u00fcck \u00fcberweisen\u201c, schildert sie.<\/b><\/p>\n<p><img decoding=\"async\" width=\"992\" height=\"558\" alt=\"Eva Lys ist Deutschlands Nummer 2. Sie wird n\u00e4chste Woche wohl in Bad Homburg spielen\" src=\"https:\/\/www.europesays.com\/de\/wp-content\/uploads\/2025\/06\/d26354dcf89528018a37f4248e663cf6,203776c5\"   class=\"landscape\" loading=\"lazy\"\/><\/p>\n<p class=\"fig__caption__text\">Eva Lys ist Deutschlands Nummer 2. Sie wird n\u00e4chste Woche wohl in Bad Homburg spielen<\/p>\n<p>Foto: Andreas Gora\/dpa<\/p>\n<p>Die Geld-Forderungen sind da noch fast das Harmloseste. \u201eDie haben keine Scham, die beleidigen, es gibt Morddrohungen, Sexismus ist dabei.\u201c Sie solle zum Erotik-Portal \u201eOnly Fans\u201c gehen, da w\u00e4re sie besser aufgehoben, musste sie schon oft lesen.<\/p>\n<p><b>L\u00f6schen tut sie die Eintr\u00e4ge meist nicht, daf\u00fcr erstattet sie ab und an Anzeige. \u201eW\u00fcrde ich die alle l\u00f6schen m\u00fcssen, w\u00fcrde ich nicht hinterherkommen. Diese Kapazit\u00e4ten hat kein Mensch\u201c, so Lys.<\/b><\/p>\n<p><img decoding=\"async\" width=\"992\" height=\"558\" alt=\"Hier freut sich Eva Lys \u00fcber einen Sieg, doch die Hass-Attacken gegen sie bleiben nicht spurlos\" src=\"https:\/\/www.europesays.com\/de\/wp-content\/uploads\/2025\/06\/cd0ceb7c3d28c72029e16fc0fd711232,a3b047d1\"   class=\"landscape\" loading=\"lazy\"\/><\/p>\n<p class=\"fig__caption__text\">Hier freut sich Eva Lys \u00fcber einen Sieg, doch die Hass-Attacken gegen sie bleiben nicht spurlos<\/p>\n<p>Foto: JULIEN DE ROSA\/AFP<\/p>\n<p>Bei ihren Kolleginnen Iga Swiatek (24) und Emma Raducanu (22) traten zuletzt auch Stalker in Aktion. Etwas, das Lys kennt. \u201eDas meiste passiert online, aber ich habe auch schon im realen Raum Erfahrungen gemacht.\u201c<\/p>\n<p><b>Eine hundertprozentige Sicherheit gegen diesen Hass wird es wohl nie geben.<\/b><\/p>\n","protected":false},"excerpt":{"rendered":"Die Hass-Kommentare nehmen nicht ab! Nur Stunden, nachdem die britische Tennisspielerin Katie Boulter (28) verbale Attacken gegen sie&hellip;\n","protected":false},"author":2,"featured_media":198891,"comment_status":"","ping_status":"","sticky":false,"template":"","format":"standard","meta":{"footnotes":""},"categories":[1825],"tags":[296,29,17497,30,17498,47780,806,4206,10331,45,19031],"class_list":{"0":"post-198890","1":"post","2":"type-post","3":"status-publish","4":"format-standard","5":"has-post-thumbnail","7":"category-berlin","8":"tag-berlin","9":"tag-deutschland","10":"tag-dtb","11":"tag-germany","12":"tag-kayser-sebastian","13":"tag-lys-eva","14":"tag-sport-leuchtturm-berlin","15":"tag-tennis","16":"tag-tennis-einzel","17":"tag-texttospeech","18":"tag-wta"},"share_on_mastodon":{"url":"https:\/\/pubeurope.com\/@de\/114701984438144174","error":""},"_links":{"self":[{"href":"https:\/\/www.europesays.com\/de\/wp-json\/wp\/v2\/posts\/198890","targetHints":{"allow":["GET"]}}],"collection":[{"href":"https:\/\/www.europesays.com\/de\/wp-json\/wp\/v2\/posts"}],"about":[{"href":"https:\/\/www.europesays.com\/de\/wp-json\/wp\/v2\/types\/post"}],"author":[{"embeddable":true,"href":"https:\/\/www.europesays.com\/de\/wp-json\/wp\/v2\/users\/2"}],"replies":[{"embeddable":true,"href":"https:\/\/www.europesays.com\/de\/wp-json\/wp\/v2\/comments?post=198890"}],"version-history":[{"count":0,"href":"https:\/\/www.europesays.com\/de\/wp-json\/wp\/v2\/posts\/198890\/revisions"}],"wp:featuredmedia":[{"embeddable":true,"href":"https:\/\/www.europesays.com\/de\/wp-json\/wp\/v2\/media\/198891"}],"wp:attachment":[{"href":"https:\/\/www.europesays.com\/de\/wp-json\/wp\/v2\/media?parent=198890"}],"wp:term":[{"taxonomy":"category","embeddable":true,"href":"https:\/\/www.europesays.com\/de\/wp-json\/wp\/v2\/categories?post=198890"},{"taxonomy":"post_tag","embeddable":true,"href":"https:\/\/www.europesays.com\/de\/wp-json\/wp\/v2\/tags?post=198890"}],"curies":[{"name":"wp","href":"https:\/\/api.w.org\/{rel}","templated":true}]}}