{"id":198893,"date":"2025-06-18T02:23:11","date_gmt":"2025-06-18T02:23:11","guid":{"rendered":"https:\/\/www.europesays.com\/de\/198893\/"},"modified":"2025-06-18T02:23:11","modified_gmt":"2025-06-18T02:23:11","slug":"polizeieinsatz-am-checkpoint-charlie-schusswaffe-im-spiel","status":"publish","type":"post","link":"https:\/\/www.europesays.com\/de\/198893\/","title":{"rendered":"Polizeieinsatz am Checkpoint Charlie \u2013 Schusswaffe im Spiel?"},"content":{"rendered":"<p>Sch\u00fcsse in Berlin-Mitte? <\/p>\n<p>Auseinandersetzung am Checkpoint Charlie \u2013 eine Person verletzt<\/p>\n<p>18.06.2025 &#8211; 03:40 UhrLesedauer: 1 Min.<\/p>\n<p><a href=\"#focus-0\" class=\"transition-colors duration-200 focus-within:text-magenta block text-current relative\" data-sctrack=\"FocusGalleryImage.Reference\"><img fetchpriority=\"high\" data-testid=\"Opener.Image\" style=\"--lqipURL:url('https:\/\/images.t-online.de\/2025\/06\/Hr16Skh-3tdn\/0x0:1593x896\/fit-in\/150x0\/filters:blur(25)\/eine-frau-sichert-spuren-an-einem-tatort-die-hintergruende-des-vorfalls-sind-noch-vollkommen-unklar-und-sind-aktuell-gegenstand-der-ermittlungen.jpg')\"   loading=\"eager\" src=\"https:\/\/www.europesays.com\/de\/wp-content\/uploads\/2025\/06\/eine-frau-sichert-spuren-an-einem-tatort-die-hintergruende-des-vorfalls-sind-noch-vollkommen-unklar-.jpeg\" alt=\"Eine Frau sichert Spuren an einem Tatort: Die Hintergr\u00fcnde des Vorfalls sind noch vollkommen unklar und sind aktuell Gegenstand der Ermittlungen.\" title=\"Eine Frau sichert Spuren an einem Tatort: Die Hintergr\u00fcnde des Vorfalls sind noch vollkommen unklar und sind aktuell Gegenstand der Ermittlungen.\" width=\"1593\" height=\"896\" class=\"bg-[url:var(--lqipURL)] bg-cover bg-center flex h-full w-full max-w-full\" decoding=\"async\"\/><img style=\"--width:32;--height:32\" loading=\"lazy\" src=\"https:\/\/www.t-online.de\/s\/paper\/_next\/static\/media\/zoom-in.f7dae02f.svg\" alt=\"Vergr\u00f6\u00dfern des Bildes\" title=\"Vergr\u00f6\u00dfern des Bildes\" class=\"block h-[calc(var(--height)_\/_16_*_1rem)] w-[calc(var(--width)_\/_16_*_1rem)] max-w-none absolute bottom-8 right-8 rounded-4 bg-snow p-8\" decoding=\"async\"\/><\/a><\/p>\n<p>Eine Frau sichert Spuren an einem Tatort: Die Hintergr\u00fcnde des Vorfalls sind noch vollkommen unklar und sind aktuell Gegenstand der Ermittlungen. (Quelle: Morris Pudwell)<\/p>\n<p class=\"font-bold text-18 leading-17\">In der Nacht wurde Berlins Checkpoint Charlie zur B\u00fchne eines brutalen Streits. Was Zeugen dort beobachtet haben wollen, wirft Fragen auf.<\/p>\n<p class=\"text-18 leading-17\">Ein n\u00e4chtlicher Streit am Checkpoint Charlie in Berlin-Mitte ist am fr\u00fchen Mittwochmorgen eskaliert. Gegen 0.40 Uhr gerieten nach ersten Polizeierkenntnissen an der Ecke Mauerstra\u00dfe\/Friedrichstra\u00dfe mehrere Personen aneinander.<\/p>\n<p class=\"text-18 leading-17\">Bei der Auseinandersetzung sollen Eisenstangen und andere Gegenst\u00e4nde eingesetzt worden sein, berichtet ein Reporter vor Ort. Laut Zeugen soll auch von einer Schusswaffe Gebrauch gemacht worden sein, wie das Lagezentrum der Polizei <a class=\"transition-colors duration-200 cursor-pointer text-inherit no-underline text-salemsfur md:hover:text-magenta md:hover:border-magenta md:focus:text-magenta border-current border-b border-solid break-words\" href=\"https:\/\/www.t-online.de\/region\/berlin\/\" data-sctrack=\"BodyAnchor\" rel=\"nofollow noopener\" target=\"_blank\">Berlin<\/a> t-online in der Nacht best\u00e4tigte. &#8222;Das m\u00fcssen wir nun pr\u00fcfen&#8220;, sagte ein Sprecher.<\/p>\n<p class=\"text-18 leading-17\">Mindestens eine Person wurde bei dem Vorfall verletzt. Der Mann mit blutverschmierter Kleidung wurde laut einem Reporter vor Ort von Rettungskr\u00e4ften der Berliner Feuerwehr versorgt und von bewaffneten Polizisten bewacht.<\/p>\n<p class=\"text-18 leading-17\">Die Polizei r\u00fcckte demnach mit einem Gro\u00dfaufgebot an, darunter Beamte mit Maschinenpistolen. Vor Ort wurden mehrere Personen befragt und laut einem Reporter vor Ort mindestens eine Person durchsucht.<\/p>\n<p class=\"text-18 leading-17\">An einem in der Friedrichstra\u00dfe abgestellten Fahrzeug sicherten die Ermittler Spuren. Unter einem Pylon k\u00f6nnte eine H\u00fclse eines Projektils gefunden worden sein \u2013 eine entsprechende Markierung deutete darauf hin.<\/p>\n<p class=\"text-18 leading-17\">Ob das Fahrzeug mit dem Vorfall in Verbindung steht, ist noch unklar. Der Bereich um den Checkpoint Charlie wurde weitr\u00e4umig abgesperrt. Der <a class=\"transition-colors duration-200 cursor-pointer text-inherit no-underline text-salemsfur md:hover:text-magenta md:hover:border-magenta md:focus:text-magenta border-current border-b border-solid break-words\" href=\"https:\/\/www.t-online.de\/themen\/strassenverkehr\/\" data-sctrack=\"BodyAnchor\" rel=\"nofollow noopener\" target=\"_blank\">Stra\u00dfenverkehr<\/a> zwischen Sch\u00fctzenstra\u00dfe und Zimmerstra\u00dfe war mindestens zwei Stunden lang vollst\u00e4ndig gesperrt. Die Ermittlungen zu den genauen Umst\u00e4nden der Auseinandersetzung dauern an.<\/p>\n","protected":false},"excerpt":{"rendered":"Sch\u00fcsse in Berlin-Mitte? Auseinandersetzung am Checkpoint Charlie \u2013 eine Person verletzt 18.06.2025 &#8211; 03:40 UhrLesedauer: 1 Min. Eine&hellip;\n","protected":false},"author":2,"featured_media":198894,"comment_status":"","ping_status":"","sticky":false,"template":"","format":"standard","meta":{"footnotes":""},"categories":[1825],"tags":[3176,2028,296,2572,15954,29,1951,30,121,226,218],"class_list":{"0":"post-198893","1":"post","2":"type-post","3":"status-publish","4":"format-standard","5":"has-post-thumbnail","7":"category-berlin","8":"tag-3176","9":"tag-auseinandersetzung","10":"tag-berlin","11":"tag-berlin-mitte","12":"tag-checkpoint-charlie","13":"tag-deutschland","14":"tag-friedrichstrasse","15":"tag-germany","16":"tag-polizei","17":"tag-t-online","18":"tag-tatort"},"share_on_mastodon":{"url":"https:\/\/pubeurope.com\/@de\/114701992263031511","error":""},"_links":{"self":[{"href":"https:\/\/www.europesays.com\/de\/wp-json\/wp\/v2\/posts\/198893","targetHints":{"allow":["GET"]}}],"collection":[{"href":"https:\/\/www.europesays.com\/de\/wp-json\/wp\/v2\/posts"}],"about":[{"href":"https:\/\/www.europesays.com\/de\/wp-json\/wp\/v2\/types\/post"}],"author":[{"embeddable":true,"href":"https:\/\/www.europesays.com\/de\/wp-json\/wp\/v2\/users\/2"}],"replies":[{"embeddable":true,"href":"https:\/\/www.europesays.com\/de\/wp-json\/wp\/v2\/comments?post=198893"}],"version-history":[{"count":0,"href":"https:\/\/www.europesays.com\/de\/wp-json\/wp\/v2\/posts\/198893\/revisions"}],"wp:featuredmedia":[{"embeddable":true,"href":"https:\/\/www.europesays.com\/de\/wp-json\/wp\/v2\/media\/198894"}],"wp:attachment":[{"href":"https:\/\/www.europesays.com\/de\/wp-json\/wp\/v2\/media?parent=198893"}],"wp:term":[{"taxonomy":"category","embeddable":true,"href":"https:\/\/www.europesays.com\/de\/wp-json\/wp\/v2\/categories?post=198893"},{"taxonomy":"post_tag","embeddable":true,"href":"https:\/\/www.europesays.com\/de\/wp-json\/wp\/v2\/tags?post=198893"}],"curies":[{"name":"wp","href":"https:\/\/api.w.org\/{rel}","templated":true}]}}