{"id":198897,"date":"2025-06-18T02:26:20","date_gmt":"2025-06-18T02:26:20","guid":{"rendered":"https:\/\/www.europesays.com\/de\/198897\/"},"modified":"2025-06-18T02:26:20","modified_gmt":"2025-06-18T02:26:20","slug":"brueggen-karl-und-karla-das-brotabenteuer-von-stinges","status":"publish","type":"post","link":"https:\/\/www.europesays.com\/de\/198897\/","title":{"rendered":"Br\u00fcggen: Karl und Karla &#8211; das Brotabenteuer von Stinges"},"content":{"rendered":"<p class=\"text_ohne_einzug richtext text-em-55 !leading-serif mx-6 desktop:mx-0\">Brotkompetenz mit Herz \u2013 das m\u00f6chte das Kinderbuch von Carlotta Stinges-Smeetz vermitteln. \u201eKarla und Konrad \u2013 Das Brotabenteuer\u201c ist aktuell in allen Fachgesch\u00e4ften der B\u00e4ckerei Stinges erh\u00e4ltlich.<\/p>\n<p class=\"richtext text-em-55 !leading-serif mx-6 desktop:mx-0\">\u201eIch wollte eine Illustration, die einen Charakter hat, die man von fr\u00fcher her kennt und ich glaube, es kommt gut r\u00fcber, was ich ausdr\u00fccken wollte\u201c, sagt die Marketingleiterin der B\u00e4ckerei Stinges \u00fcber ihr Kinderbuch. Die Geschichte begleitet Karla, ein neugieriges M\u00e4dchen mit Beinprothese, und Konrad, ein wissbegieriges Weizenkorn auf ihrer spannenden Reise vom Feld bis in die Backstube. \u201eJeder akzeptiert und toleriert die Behinderung von Karla, es ist normal, anders zu sein\u201c, sagt Stinges-Smeetz. \u201eIch wollte ein Buch schreiben, das Kindern nicht nur Wissen vermittelt, sondern auch Herz und Haltung. Karla steht f\u00fcr alle Kinder, die Fragen stellen, die anders sind, die sich was trauen. Und Konrad zeigt, dass auch im Kleinen Gro\u00dfes steckt \u2013 so wie im Korn das Brot.\u201c<\/p>\n<p class=\"richtext text-em-55 !leading-serif mx-6 desktop:mx-0\">Die 31-J\u00e4hrige wohnt in Heinsberg und auf ihren Autofahrten nach Br\u00fcggen sei sie am kreativsten und kam dabei auf die Idee, das Buch zu schreiben. \u201eZuf\u00e4lligerweise kam eine Werbeagentur auf uns zu und bei dem Meeting habe ich angesprochen, ob Interesse besteht, mit uns das Buch zu ver\u00f6ffentlichen. Mir ist wichtig, dass auch kleine Kinder wieder Bezug zum Brot bekommen und erfahren, wie der Herstellungsprozess abl\u00e4uft, wie viele Menschen daran mitarbeiten \u2013 vom Landwirt \u00fcber den M\u00fcller bis zum Backprozess\u201c, sagt Stinges-Smeetz.<\/p>\n<p class=\"richtext text-em-55 !leading-serif mx-6 desktop:mx-0\">Karlas Behinderung ist kein Hindernis, trotzdem Abenteuer zu erleben, etwa dann, wenn sie und das Weizenkorn Konrad sich verirren. Konrad ist in den Familienalltag eingebunden, schl\u00e4ft bei Karla und die Eltern haben ihn als Familienmitglied akzeptiert. \u201eAuf den Seiten ist in den Bildern viel zu entdecken\u201c, sagt die Autorin. So k\u00f6nnen Eltern das Buch nicht nur vorlesen, sondern sich mit den Kindern Zeit nehmen, die Bilder zu erforschen.<\/p>\n<p class=\"richtext text-em-55 !leading-serif mx-6 desktop:mx-0\">Teil zwei ist \u00fcbrigens schon fast fertig und es soll noch ein Malbuch und ein Kuscheltier geben. Ob die beiden Protagonisten dann im zweiten Buch auf Oma Helene treffen, deren Originalrezepte wie der Butter-Streusel-Kuchen immer noch gebacken werden, wird sich zeigen. \u201eB\u00fccher sind enorm wichtig f\u00fcr Kinder. Wenn sie das Buch in der Hand halten, k\u00f6nnen sie nebenbei erfahren, wie Brot mit den H\u00e4nden hergestellt wird. Ich selbst brauche auch die Haptik, das Eintauchen in die Geschichte mit dem Buch in der Hand\u201c, so Stinges-Smeetz.<\/p>\n<p class=\"richtext text-em-55 !leading-serif mx-6 desktop:mx-0\">F\u00fcr Kitas, Grundschulen oder Familien bietet das Buch einen idealen Einstieg, um Kindern das Thema Brot spielerisch und lebendig n\u00e4herzubringen \u2013 eingebettet in eine Geschichte, die ber\u00fchren und inspirieren m\u00f6chte.<\/p>\n","protected":false},"excerpt":{"rendered":"Brotkompetenz mit Herz \u2013 das m\u00f6chte das Kinderbuch von Carlotta Stinges-Smeetz vermitteln. \u201eKarla und Konrad \u2013 Das Brotabenteuer\u201c&hellip;\n","protected":false},"author":2,"featured_media":198898,"comment_status":"","ping_status":"","sticky":false,"template":"","format":"standard","meta":{"footnotes":""},"categories":[1774],"tags":[6041,1784,11298,65274,65276,1797,1785,65272,29,214,30,65273,1460,11706,35263,53755,65277,65271,65270,215,65275],"class_list":{"0":"post-198897","1":"post","2":"type-post","3":"status-publish","4":"format-standard","5":"has-post-thumbnail","7":"category-buecher","8":"tag-abenteuer","9":"tag-books","10":"tag-brot","11":"tag-brotabenteuer","12":"tag-brotkompetenz","13":"tag-buch","14":"tag-buecher","15":"tag-carlotta","16":"tag-deutschland","17":"tag-entertainment","18":"tag-germany","19":"tag-karla","20":"tag-kind","21":"tag-kinderbuch","22":"tag-konrad","23":"tag-korn","24":"tag-malbuch","25":"tag-smeetz","26":"tag-stinges","27":"tag-unterhaltung","28":"tag-weizenkorn"},"share_on_mastodon":{"url":"https:\/\/pubeurope.com\/@de\/114702003970128739","error":""},"_links":{"self":[{"href":"https:\/\/www.europesays.com\/de\/wp-json\/wp\/v2\/posts\/198897","targetHints":{"allow":["GET"]}}],"collection":[{"href":"https:\/\/www.europesays.com\/de\/wp-json\/wp\/v2\/posts"}],"about":[{"href":"https:\/\/www.europesays.com\/de\/wp-json\/wp\/v2\/types\/post"}],"author":[{"embeddable":true,"href":"https:\/\/www.europesays.com\/de\/wp-json\/wp\/v2\/users\/2"}],"replies":[{"embeddable":true,"href":"https:\/\/www.europesays.com\/de\/wp-json\/wp\/v2\/comments?post=198897"}],"version-history":[{"count":0,"href":"https:\/\/www.europesays.com\/de\/wp-json\/wp\/v2\/posts\/198897\/revisions"}],"wp:featuredmedia":[{"embeddable":true,"href":"https:\/\/www.europesays.com\/de\/wp-json\/wp\/v2\/media\/198898"}],"wp:attachment":[{"href":"https:\/\/www.europesays.com\/de\/wp-json\/wp\/v2\/media?parent=198897"}],"wp:term":[{"taxonomy":"category","embeddable":true,"href":"https:\/\/www.europesays.com\/de\/wp-json\/wp\/v2\/categories?post=198897"},{"taxonomy":"post_tag","embeddable":true,"href":"https:\/\/www.europesays.com\/de\/wp-json\/wp\/v2\/tags?post=198897"}],"curies":[{"name":"wp","href":"https:\/\/api.w.org\/{rel}","templated":true}]}}