{"id":198919,"date":"2025-06-18T02:37:31","date_gmt":"2025-06-18T02:37:31","guid":{"rendered":"https:\/\/www.europesays.com\/de\/198919\/"},"modified":"2025-06-18T02:37:31","modified_gmt":"2025-06-18T02:37:31","slug":"raubversuch-in-hamburg-harburg-eskaliert-messerattacke-in-linienbus-news","status":"publish","type":"post","link":"https:\/\/www.europesays.com\/de\/198919\/","title":{"rendered":"Raubversuch in Hamburg-Harburg eskaliert: Messerattacke in Linienbus | News"},"content":{"rendered":"<p><b>Messer-Alarm in Hamburgs S\u00fcden: Um 17.34 Uhr eskalierte ein Raubversuch in einem Linienbus. Es kam zur Messerstecherei! Die Polizei spricht von drei Verletzten, zwei der Beteiligten kamen mit Stich- und Schnittwunden ins Krankenhaus. Einer erhielt einen Tritt an den Kopf.<\/b><\/p>\n<p>Tatort war ein gut besetzter Bus der Linie 43. Der Busfahrer meldete eine t\u00e4tliche Auseinandersetzung bei der <a href=\"https:\/\/www.bild.de\/regional\/aktuelles\/polizei\/polizeieinsatz-alle-infos-76681760.bild.html\" class=\"text-link\" target=\"_blank\" rel=\"noopener\">Polizei<\/a> und stoppte sein Fahrzeug auf der Winsener Stra\u00dfe im Stadtteil <a href=\"https:\/\/www.bild.de\/regional\/hamburg\/hamburg-regional\/home-16344102.bild.html\" class=\"text-link\" target=\"_blank\" rel=\"noopener\">Hamburg<\/a>-Harburg.<\/p>\n<p><img decoding=\"async\" width=\"992\" height=\"558\" alt=\"Die Beamten erschienen mit einem Gro\u00dfaufgebot an Fahrzeugen und Beamten\" src=\"https:\/\/www.europesays.com\/de\/wp-content\/uploads\/2025\/06\/ff89427fdfa14c4423207f46c8b52897,f7bd1b3\"   class=\"landscape\" loading=\"lazy\"\/><\/p>\n<p class=\"fig__caption__text\">Die Beamten erschienen mit einem Gro\u00dfaufgebot an Fahrzeugen und Beamten<\/p>\n<p>Foto: Andr\u00e9 Lenthe<\/p>\n<p><b>Die Polizei erschien mit einem Gro\u00dfaufgebot, Beamte mit Maschinenpistolen sicherten den Bereich. Drei Rettungswagen der<\/b><a href=\"https:\/\/www.bild.de\/themen\/organisationen\/feuerwehr\/politik-nachrichten-news-fotos-videos-20421624.bild.html\" class=\"text-link\" target=\"_blank\" rel=\"noopener\"><b> Feuerwehr<\/b><\/a><b> und ein Notarzt rasten zum Einsatzort.<\/b><\/p>\n<p><img decoding=\"async\" width=\"992\" height=\"558\" alt=\"Eine Polizistin vernimmt geschockte Zeugen der Messerattacke\" src=\"https:\/\/www.europesays.com\/de\/wp-content\/uploads\/2025\/06\/c2f8feb519ecdf9b6a08049e81fcd447,a1fbbf0b\"   class=\"landscape\" loading=\"lazy\"\/><\/p>\n<p class=\"fig__caption__text\">Eine Polizistin vernimmt geschockte Zeugen der Messerattacke<\/p>\n<p>Foto: Andr\u00e9 Lenthe<\/p>\n<p>Dort bot sich den Polizisten ein chaotisches Bild. Einem Mann troff das Blut aus dem Unterarm. Ein weiterer blutete aus einem Schnitt im Finger. Dort <a href=\"https:\/\/www.bild.de\/themen\/specials\/nahkampfwaffen\/news-fotos-videos-17014754.bild.html\" class=\"text-link\" target=\"_blank\" rel=\"noopener\">hatte ihn ein Messer erwischt<\/a>. Insgesamt waren sieben Personen an der Auseinandersetzung beteiligt.<\/p>\n<p><b>Nach ersten Befragungen von Zeugen kam heraus: Ein T\u00e4ter \u2013 ein Heranwachsender \u2013 hatte offenbar Fahrg\u00e4ste mit dem Messer bedroht und die Herausgabe von zwei Smartphones gefordert.<\/b><\/p>\n<p>Lesen Sie auch<\/p>\n<p>Die Raubopfer wehrten sich und gingen mit anderen auf den T\u00e4ter los. Der stie\u00df mit dem Messer zu, dann kam es zu einer w\u00fcsten Keilerei. Die Einzelheiten werden derzeit ermittelt.<\/p>\n","protected":false},"excerpt":{"rendered":"Messer-Alarm in Hamburgs S\u00fcden: Um 17.34 Uhr eskalierte ein Raubversuch in einem Linienbus. Es kam zur Messerstecherei! Die&hellip;\n","protected":false},"author":2,"featured_media":198920,"comment_status":"","ping_status":"","sticky":false,"template":"","format":"standard","meta":{"footnotes":""},"categories":[5],"tags":[1737,1738,692,13,1981,5514,14,15,121,12,2127,45,10,8,9,11],"class_list":{"0":"post-198919","1":"post","2":"type-post","3":"status-publish","4":"format-standard","5":"has-post-thumbnail","7":"category-nachrichten","8":"tag-breaking-news","9":"tag-desk-delta","10":"tag-hamburg","11":"tag-headlines","12":"tag-messer","13":"tag-messerstecherei","14":"tag-nachrichten","15":"tag-news","16":"tag-polizei","17":"tag-schlagzeilen","18":"tag-streit","19":"tag-texttospeech","20":"tag-top-news","21":"tag-top-meldungen","22":"tag-topmeldungen","23":"tag-topnews"},"share_on_mastodon":{"url":"https:\/\/pubeurope.com\/@de\/114702047245750588","error":""},"_links":{"self":[{"href":"https:\/\/www.europesays.com\/de\/wp-json\/wp\/v2\/posts\/198919","targetHints":{"allow":["GET"]}}],"collection":[{"href":"https:\/\/www.europesays.com\/de\/wp-json\/wp\/v2\/posts"}],"about":[{"href":"https:\/\/www.europesays.com\/de\/wp-json\/wp\/v2\/types\/post"}],"author":[{"embeddable":true,"href":"https:\/\/www.europesays.com\/de\/wp-json\/wp\/v2\/users\/2"}],"replies":[{"embeddable":true,"href":"https:\/\/www.europesays.com\/de\/wp-json\/wp\/v2\/comments?post=198919"}],"version-history":[{"count":0,"href":"https:\/\/www.europesays.com\/de\/wp-json\/wp\/v2\/posts\/198919\/revisions"}],"wp:featuredmedia":[{"embeddable":true,"href":"https:\/\/www.europesays.com\/de\/wp-json\/wp\/v2\/media\/198920"}],"wp:attachment":[{"href":"https:\/\/www.europesays.com\/de\/wp-json\/wp\/v2\/media?parent=198919"}],"wp:term":[{"taxonomy":"category","embeddable":true,"href":"https:\/\/www.europesays.com\/de\/wp-json\/wp\/v2\/categories?post=198919"},{"taxonomy":"post_tag","embeddable":true,"href":"https:\/\/www.europesays.com\/de\/wp-json\/wp\/v2\/tags?post=198919"}],"curies":[{"name":"wp","href":"https:\/\/api.w.org\/{rel}","templated":true}]}}