{"id":198921,"date":"2025-06-18T02:38:14","date_gmt":"2025-06-18T02:38:14","guid":{"rendered":"https:\/\/www.europesays.com\/de\/198921\/"},"modified":"2025-06-18T02:38:14","modified_gmt":"2025-06-18T02:38:14","slug":"sinner-bezwingt-hanfmann-in-halle","status":"publish","type":"post","link":"https:\/\/www.europesays.com\/de\/198921\/","title":{"rendered":"Sinner bezwingt Hanfmann in Halle"},"content":{"rendered":"<p>                    Jannik Sinner hat die erste Runde des Rasenturniers in Halle (Atp 500) \u00fcberstanden und den Deutschen Yannick Hanfmann (Nr. 135 der Welt) in zwei S\u00e4tzen besiegt. Der erste Satz war sehr ausgeglichen und endete mit 7-5. Im zweiten Satz \u00fcbernahm der Italiener deutlicher die Oberhand und gewann mit 6-3. In der zweiten Runde, die den Achtelfinals des Turniers entspricht, wird Sinner auf den Kasachen Alexander Bublik treffen, den kasachischen Tennisspieler, der auf Platz 45 der Weltrangliste steht und den Sinner bereits bei den letzten French Open getroffen hat.                    <\/p>\n<p>&#13;<br \/>\n                                \u00a9 ALLE RECHTE VORBEHALTEN <br \/>&#13;<br \/>\n                                Dieser Artikel wird automatisch \u00fcbersetzt                            <\/p>\n","protected":false},"excerpt":{"rendered":"Jannik Sinner hat die erste Runde des Rasenturniers in Halle (Atp 500) \u00fcberstanden und den Deutschen Yannick Hanfmann&hellip;\n","protected":false},"author":2,"featured_media":198922,"comment_status":"","ping_status":"","sticky":false,"template":"","format":"standard","meta":{"footnotes":""},"categories":[1860],"tags":[3364,29,548,663,3934,30,4062,17332,13,14,15,17331,860,12],"class_list":{"0":"post-198921","1":"post","2":"type-post","3":"status-publish","4":"format-standard","5":"has-post-thumbnail","7":"category-halle-saale","8":"tag-de","9":"tag-deutschland","10":"tag-eu","11":"tag-europa","12":"tag-europe","13":"tag-germany","14":"tag-halle","15":"tag-halle-saale","16":"tag-headlines","17":"tag-nachrichten","18":"tag-news","19":"tag-saale","20":"tag-sachsen-anhalt","21":"tag-schlagzeilen"},"share_on_mastodon":{"url":"https:\/\/pubeurope.com\/@de\/114702051102753752","error":""},"_links":{"self":[{"href":"https:\/\/www.europesays.com\/de\/wp-json\/wp\/v2\/posts\/198921","targetHints":{"allow":["GET"]}}],"collection":[{"href":"https:\/\/www.europesays.com\/de\/wp-json\/wp\/v2\/posts"}],"about":[{"href":"https:\/\/www.europesays.com\/de\/wp-json\/wp\/v2\/types\/post"}],"author":[{"embeddable":true,"href":"https:\/\/www.europesays.com\/de\/wp-json\/wp\/v2\/users\/2"}],"replies":[{"embeddable":true,"href":"https:\/\/www.europesays.com\/de\/wp-json\/wp\/v2\/comments?post=198921"}],"version-history":[{"count":0,"href":"https:\/\/www.europesays.com\/de\/wp-json\/wp\/v2\/posts\/198921\/revisions"}],"wp:featuredmedia":[{"embeddable":true,"href":"https:\/\/www.europesays.com\/de\/wp-json\/wp\/v2\/media\/198922"}],"wp:attachment":[{"href":"https:\/\/www.europesays.com\/de\/wp-json\/wp\/v2\/media?parent=198921"}],"wp:term":[{"taxonomy":"category","embeddable":true,"href":"https:\/\/www.europesays.com\/de\/wp-json\/wp\/v2\/categories?post=198921"},{"taxonomy":"post_tag","embeddable":true,"href":"https:\/\/www.europesays.com\/de\/wp-json\/wp\/v2\/tags?post=198921"}],"curies":[{"name":"wp","href":"https:\/\/api.w.org\/{rel}","templated":true}]}}